{"id":5652,"date":"2021-04-09T19:17:24","date_gmt":"2021-04-09T19:17:24","guid":{"rendered":"https:\/\/site.ac-martinique.fr\/clg-vauclin\/?p=5652"},"modified":"2021-04-09T19:17:24","modified_gmt":"2021-04-09T19:17:24","slug":"retour-des-vacances-de-paques","status":"publish","type":"post","link":"https:\/\/site.ac-martinique.fr\/clg-vauclin\/?p=5652","title":{"rendered":"Retour des vacances de P\u00e2ques"},"content":{"rendered":"\n<div style=\"font-family: Arial;font-size: 13px\">Nous vous informons que la <strong>rentr\u00e9e des \u00e9l\u00e8ves<\/strong> est pr\u00e9vue <strong>mercredi 14 avril 2021<\/strong>.<\/div>\n<div style=\"font-family: Arial;font-size: 13px\">\u00a0<\/div>\n<div style=\"font-family: Arial;font-size: 13px\">Les modalit\u00e9s de l&#8217;accueil des \u00e9l\u00e8ves vous seront pr\u00e9cis\u00e9es mardi 13 avril 2021 \u00e0 12h00 via Pronote et le site du coll\u00e8ge.<\/div>\n","protected":false},"excerpt":{"rendered":"<p>Nous vous informons que la rentr\u00e9e des \u00e9l\u00e8ves est pr\u00e9vue mercredi 14 avril 2021. \u00a0 Les modalit\u00e9s de l&#8217;accueil des \u00e9l\u00e8ves vous seront pr\u00e9cis\u00e9es mardi 13 avril 2021 \u00e0 12h00 via Pronote et le site du coll\u00e8ge.<\/p>\n","protected":false},"author":172,"featured_media":0,"comment_status":"closed","ping_status":"closed","sticky":true,"template":"","format":"standard","meta":{"footnotes":""},"categories":[1],"tags":[],"class_list":["post-5652","post","type-post","status-publish","format-standard","hentry","category-non-classe"],"_links":{"self":[{"href":"https:\/\/site.ac-martinique.fr\/clg-vauclin\/index.php?rest_route=\/wp\/v2\/posts\/5652","targetHints":{"allow":["GET"]}}],"collection":[{"href":"https:\/\/site.ac-martinique.fr\/clg-vauclin\/index.php?rest_route=\/wp\/v2\/posts"}],"about":[{"href":"https:\/\/site.ac-martinique.fr\/clg-vauclin\/index.php?rest_route=\/wp\/v2\/types\/post"}],"author":[{"embeddable":true,"href":"https:\/\/site.ac-martinique.fr\/clg-vauclin\/index.php?rest_route=\/wp\/v2\/users\/172"}],"replies":[{"embeddable":true,"href":"https:\/\/site.ac-martinique.fr\/clg-vauclin\/index.php?rest_route=%2Fwp%2Fv2%2Fcomments&post=5652"}],"version-history":[{"count":1,"href":"https:\/\/site.ac-martinique.fr\/clg-vauclin\/index.php?rest_route=\/wp\/v2\/posts\/5652\/revisions"}],"predecessor-version":[{"id":5653,"href":"https:\/\/site.ac-martinique.fr\/clg-vauclin\/index.php?rest_route=\/wp\/v2\/posts\/5652\/revisions\/5653"}],"wp:attachment":[{"href":"https:\/\/site.ac-martinique.fr\/clg-vauclin\/index.php?rest_route=%2Fwp%2Fv2%2Fmedia&parent=5652"}],"wp:term":[{"taxonomy":"category","embeddable":true,"href":"https:\/\/site.ac-martinique.fr\/clg-vauclin\/index.php?rest_route=%2Fwp%2Fv2%2Fcategories&post=5652"},{"taxonomy":"post_tag","embeddable":true,"href":"https:\/\/site.ac-martinique.fr\/clg-vauclin\/index.php?rest_route=%2Fwp%2Fv2%2Ftags&post=5652"}],"curies":[{"name":"wp","href":"https:\/\/api.w.org\/{rel}","templated":true}]}}