{"id":5663,"date":"2021-04-16T17:48:47","date_gmt":"2021-04-16T17:48:47","guid":{"rendered":"https:\/\/site.ac-martinique.fr\/clg-vauclin\/?p=5663"},"modified":"2021-04-16T17:48:47","modified_gmt":"2021-04-16T17:48:47","slug":"restauration-des-eleves-demi-pensionnaires","status":"publish","type":"post","link":"https:\/\/site.ac-martinique.fr\/clg-vauclin\/?p=5663","title":{"rendered":"Restauration des \u00e9l\u00e8ves demi-pensionnaires"},"content":{"rendered":"\n<p>Pour les 3 prochaines semaines (<strong>du 19 avril au 07 mai<\/strong>), les \u00e9l\u00e8ves demi-pensionnaires b\u00e9n\u00e9ficieront d&#8217;un &#8220;panier repas&#8221; sous forme de barquettes qu&#8217;ils consommeront en ext\u00e9rieur dans l&#8217;\u00e9tablissement scolaire.<\/p>\n<p>Seuls les \u00e9l\u00e8ves demi-pensionnaires concern\u00e9s par les cours en pr\u00e9sence au coll\u00e8ge pourront d\u00e9jeuner. Le paiement du forfait demi-pension sera adapt\u00e9 en cons\u00e9quence.<\/p>\n<p>Les parents d&#8217;\u00e9l\u00e8ves veilleront \u00e0 ce que les \u00e9l\u00e8ves demi-pensionnaires soient munis d&#8217;une bouteille d&#8217;eau (sinon, les \u00e9l\u00e8ves auront acc\u00e8s aux points d&#8217;eau du coll\u00e8ge)<\/p>\n<p>En raison d&#8217;une situation sanitaire particuli\u00e8re, la distribution des repas se d\u00e9roulera selon deux sch\u00e9mas distincts:<\/p>\n<p>&#8211; du 19 avril au 23 avril: distribution des repas en salle 24 pour une consommation en ext\u00e9rieur au sein du coll\u00e8ge<br \/>&#8211; du 26 avril au 07 mai: distribution des repas sur la chaine de distribution de la cantine municipale pour une consommation en ext\u00e9rieur au sein du coll\u00e8ge<\/p>\n<p>Nous comptons sur les parents d&#8217;\u00e9l\u00e8ves pour le rappel du port obligatoire du masque en toute circonstance (sauf lors de la consommation du repas).<\/p>\n<p>Les &#8220;gouters&#8221; sont actuellement<strong> interdits<\/strong> lors de la r\u00e9cr\u00e9ation et durant toute la p\u00e9riode de crise sanitaire.<\/p>\n","protected":false},"excerpt":{"rendered":"<p>Pour les 3 prochaines semaines (du 19 avril au 07 mai), les \u00e9l\u00e8ves demi-pensionnaires b\u00e9n\u00e9ficieront d&#8217;un &#8220;panier repas&#8221; sous forme de barquettes qu&#8217;ils consommeront en ext\u00e9rieur dans l&#8217;\u00e9tablissement scolaire. Seuls les \u00e9l\u00e8ves demi-pensionnaires concern\u00e9s par les cours en pr\u00e9sence au coll\u00e8ge pourront d\u00e9jeuner. Le paiement du forfait demi-pension sera adapt\u00e9 en cons\u00e9quence. Les parents d&#8217;\u00e9l\u00e8ves [&hellip;]<\/p>\n","protected":false},"author":172,"featured_media":0,"comment_status":"closed","ping_status":"closed","sticky":true,"template":"","format":"standard","meta":{"footnotes":""},"categories":[1],"tags":[],"class_list":["post-5663","post","type-post","status-publish","format-standard","hentry","category-non-classe"],"_links":{"self":[{"href":"https:\/\/site.ac-martinique.fr\/clg-vauclin\/index.php?rest_route=\/wp\/v2\/posts\/5663","targetHints":{"allow":["GET"]}}],"collection":[{"href":"https:\/\/site.ac-martinique.fr\/clg-vauclin\/index.php?rest_route=\/wp\/v2\/posts"}],"about":[{"href":"https:\/\/site.ac-martinique.fr\/clg-vauclin\/index.php?rest_route=\/wp\/v2\/types\/post"}],"author":[{"embeddable":true,"href":"https:\/\/site.ac-martinique.fr\/clg-vauclin\/index.php?rest_route=\/wp\/v2\/users\/172"}],"replies":[{"embeddable":true,"href":"https:\/\/site.ac-martinique.fr\/clg-vauclin\/index.php?rest_route=%2Fwp%2Fv2%2Fcomments&post=5663"}],"version-history":[{"count":1,"href":"https:\/\/site.ac-martinique.fr\/clg-vauclin\/index.php?rest_route=\/wp\/v2\/posts\/5663\/revisions"}],"predecessor-version":[{"id":5664,"href":"https:\/\/site.ac-martinique.fr\/clg-vauclin\/index.php?rest_route=\/wp\/v2\/posts\/5663\/revisions\/5664"}],"wp:attachment":[{"href":"https:\/\/site.ac-martinique.fr\/clg-vauclin\/index.php?rest_route=%2Fwp%2Fv2%2Fmedia&parent=5663"}],"wp:term":[{"taxonomy":"category","embeddable":true,"href":"https:\/\/site.ac-martinique.fr\/clg-vauclin\/index.php?rest_route=%2Fwp%2Fv2%2Fcategories&post=5663"},{"taxonomy":"post_tag","embeddable":true,"href":"https:\/\/site.ac-martinique.fr\/clg-vauclin\/index.php?rest_route=%2Fwp%2Fv2%2Ftags&post=5663"}],"curies":[{"name":"wp","href":"https:\/\/api.w.org\/{rel}","templated":true}]}}