{"id":5741,"date":"2021-09-10T15:11:00","date_gmt":"2021-09-10T15:11:00","guid":{"rendered":"https:\/\/site.ac-martinique.fr\/clg-vauclin\/?p=5741"},"modified":"2021-09-10T19:17:01","modified_gmt":"2021-09-10T19:17:01","slug":"liste-des-groupes-1-et-2-par-classe","status":"publish","type":"post","link":"https:\/\/site.ac-martinique.fr\/clg-vauclin\/?p=5741","title":{"rendered":"LISTE DES GROUPES 1 ET 2 PAR CLASSE"},"content":{"rendered":"\n<p>Parents, \u00e9l\u00e8ves<\/p>\n<p>Veuillez prendre connaissance des G1 et G2 utiles \u00e0 la reprise des cours en pr\u00e9sentiel indiqu\u00e9s dans l&#8217;Emploi du temps visible sur pronote.\u00a0<\/p>\n<p>Le lien ci-dessous\u00a0 prot\u00e9ge les donn\u00e9es des \u00e9l\u00e8ves et n\u00e9cessite un mot de passe qui vous sera communiqu\u00e9 par une autre voie.<\/p>\n<p><a href=\"https:\/\/site.ac-martinique.fr\/drane\/wp-content\/uploads\/sites\/100\/2021\/09\/LISTES-ELEVES-PAR-GROUPES-protege.pdf\">https:\/\/site.ac-martinique.fr\/drane\/wp-content\/uploads\/sites\/100\/2021\/09\/LISTES-ELEVES-PAR-GROUPES-protege.pdf<\/a><\/p>\n\n\n\n<p>\u00a0<\/p>\n<p>\u00a0<\/p>\n","protected":false},"excerpt":{"rendered":"<p>Parents, \u00e9l\u00e8ves Veuillez prendre connaissance des G1 et G2 utiles \u00e0 la reprise des cours en pr\u00e9sentiel indiqu\u00e9s dans l&#8217;Emploi du temps visible sur pronote.\u00a0 Le lien ci-dessous\u00a0 prot\u00e9ge les donn\u00e9es des \u00e9l\u00e8ves et n\u00e9cessite un mot de passe qui vous sera communiqu\u00e9 par une autre voie. https:\/\/site.ac-martinique.fr\/drane\/wp-content\/uploads\/sites\/100\/2021\/09\/LISTES-ELEVES-PAR-GROUPES-protege.pdf \u00a0 \u00a0<\/p>\n","protected":false},"author":269,"featured_media":0,"comment_status":"closed","ping_status":"closed","sticky":true,"template":"","format":"standard","meta":{"footnotes":""},"categories":[1],"tags":[],"class_list":["post-5741","post","type-post","status-publish","format-standard","hentry","category-non-classe"],"_links":{"self":[{"href":"https:\/\/site.ac-martinique.fr\/clg-vauclin\/index.php?rest_route=\/wp\/v2\/posts\/5741","targetHints":{"allow":["GET"]}}],"collection":[{"href":"https:\/\/site.ac-martinique.fr\/clg-vauclin\/index.php?rest_route=\/wp\/v2\/posts"}],"about":[{"href":"https:\/\/site.ac-martinique.fr\/clg-vauclin\/index.php?rest_route=\/wp\/v2\/types\/post"}],"author":[{"embeddable":true,"href":"https:\/\/site.ac-martinique.fr\/clg-vauclin\/index.php?rest_route=\/wp\/v2\/users\/269"}],"replies":[{"embeddable":true,"href":"https:\/\/site.ac-martinique.fr\/clg-vauclin\/index.php?rest_route=%2Fwp%2Fv2%2Fcomments&post=5741"}],"version-history":[{"count":6,"href":"https:\/\/site.ac-martinique.fr\/clg-vauclin\/index.php?rest_route=\/wp\/v2\/posts\/5741\/revisions"}],"predecessor-version":[{"id":5749,"href":"https:\/\/site.ac-martinique.fr\/clg-vauclin\/index.php?rest_route=\/wp\/v2\/posts\/5741\/revisions\/5749"}],"wp:attachment":[{"href":"https:\/\/site.ac-martinique.fr\/clg-vauclin\/index.php?rest_route=%2Fwp%2Fv2%2Fmedia&parent=5741"}],"wp:term":[{"taxonomy":"category","embeddable":true,"href":"https:\/\/site.ac-martinique.fr\/clg-vauclin\/index.php?rest_route=%2Fwp%2Fv2%2Fcategories&post=5741"},{"taxonomy":"post_tag","embeddable":true,"href":"https:\/\/site.ac-martinique.fr\/clg-vauclin\/index.php?rest_route=%2Fwp%2Fv2%2Ftags&post=5741"}],"curies":[{"name":"wp","href":"https:\/\/api.w.org\/{rel}","templated":true}]}}