{"id":5994,"date":"2022-09-13T18:21:26","date_gmt":"2022-09-13T18:21:26","guid":{"rendered":"https:\/\/site.ac-martinique.fr\/clg-vauclin\/?p=5994"},"modified":"2022-09-16T18:14:55","modified_gmt":"2022-09-16T18:14:55","slug":"connexion-educonnect-complement-dinformation","status":"publish","type":"post","link":"https:\/\/site.ac-martinique.fr\/clg-vauclin\/?p=5994","title":{"rendered":"Connexion Educonnect : compl\u00e9ment d&#8217;information"},"content":{"rendered":"\n<p>Chers parents, chers \u00e9l\u00e8ves,<\/p>\n<p>A partir de ce mardi 13 septembre, l&#8217;ensemble des acc\u00e8s Pronote se fera par Colibri, l&#8217;ENT acad\u00e9mique. Pour acc\u00e9der \u00e0 Colibri vous aurez besoin de vos identifiants Educonnect:<\/p>\n<p>&#8211;&gt; vous poss\u00e9dez d\u00e9j\u00e0 vos identifiants Educonnect , dans ce cas, vous pouvez les utiliser pour acc\u00e9der directement \u00e0 Colibri<\/p>\n<p>&#8212;&gt; vous n&#8217;avez pas encore de compte Educonnect , dans ce cas, vous devez en cr\u00e9er un en suivant la proc\u00e9dure ci-dessous:<\/p>\n<p><strong>POUR LES RESPONSABLES L\u00c9GAUX:<\/strong><\/p>\n<p>Chaque responsable l\u00e9gal d\u2019un \u00e9l\u00e8ve a la possibilit\u00e9 de cr\u00e9er un compte Educonnect en cliquant sur <a href=\"https:\/\/teleservices.education.gouv.fr\/\">https:\/\/teleservices.education.gouv.fr <\/a>et en choisissant une des deux m\u00e9thodes propos\u00e9es :<\/p>\n<p>\u00a0<\/p>\n\n\n\n<figure class=\"wp-block-image size-full\"><a href=\"https:\/\/site.ac-martinique.fr\/clg-vauclin\/wp-content\/uploads\/sites\/69\/2022\/09\/EDUCONNECT-PROCESS-4.jpg\"><img loading=\"lazy\" decoding=\"async\" width=\"748\" height=\"313\" src=\"https:\/\/site.ac-martinique.fr\/clg-vauclin\/wp-content\/uploads\/sites\/69\/2022\/09\/EDUCONNECT-PROCESS-4.jpg\" alt=\"\" class=\"wp-image-5995\" srcset=\"https:\/\/site.ac-martinique.fr\/clg-vauclin\/wp-content\/uploads\/sites\/69\/2022\/09\/EDUCONNECT-PROCESS-4.jpg 748w, https:\/\/site.ac-martinique.fr\/clg-vauclin\/wp-content\/uploads\/sites\/69\/2022\/09\/EDUCONNECT-PROCESS-4-300x126.jpg 300w\" sizes=\"auto, (max-width: 748px) 100vw, 748px\" \/><\/a><\/figure>\n\n\n\n<figure class=\"wp-block-image size-full\"><a href=\"https:\/\/site.ac-martinique.fr\/clg-vauclin\/wp-content\/uploads\/sites\/69\/2022\/09\/EDUCONNECT-PROCESS-5.jpg\"><img loading=\"lazy\" decoding=\"async\" width=\"759\" height=\"342\" src=\"https:\/\/site.ac-martinique.fr\/clg-vauclin\/wp-content\/uploads\/sites\/69\/2022\/09\/EDUCONNECT-PROCESS-5.jpg\" alt=\"\" class=\"wp-image-5996\" srcset=\"https:\/\/site.ac-martinique.fr\/clg-vauclin\/wp-content\/uploads\/sites\/69\/2022\/09\/EDUCONNECT-PROCESS-5.jpg 759w, https:\/\/site.ac-martinique.fr\/clg-vauclin\/wp-content\/uploads\/sites\/69\/2022\/09\/EDUCONNECT-PROCESS-5-300x135.jpg 300w\" sizes=\"auto, (max-width: 759px) 100vw, 759px\" \/><\/a><\/figure>\n\n\n\n<p>Une fois votre compte Educonnect cr\u00e9\u00e9 (apr\u00e8s confirmation de  votre part), vous pouvez acc\u00e9der \u00e0 Colibri en rentrant dans Educonnect puis en suivant le chemin suivant: Mes services\/ENT\/Colibri\/Pronote.<\/p>\n\n\n\n<p>Astuce: cr\u00e9er un raccourci direct vers Colibri pour ne plus repasser  par Educonnect.<\/p>\n\n\n\n<p><strong>POUR LES ELEVES<\/strong><\/p>\n\n\n\n<p>Des identifiants Educonnect seront remis \u00e0 chaque \u00e9l\u00e8ve et tous b\u00e9n\u00e9ficieront d&#8217;une aide \u00e0 la premi\u00e8re connexion par l\u2019Assistant d&#8217;\u00e9ducation TICE ou la Vie scolaire pour se connecter. Dans tous les cas, la proc\u00e9dure est la suivante:<\/p>\n\n\n\n<p><\/p>\n\n\n\n<figure class=\"wp-block-image size-full\"><a href=\"https:\/\/site.ac-martinique.fr\/clg-vauclin\/wp-content\/uploads\/sites\/69\/2022\/09\/ELEVE-PROCEDURE.jpg\"><img loading=\"lazy\" decoding=\"async\" width=\"641\" height=\"215\" src=\"https:\/\/site.ac-martinique.fr\/clg-vauclin\/wp-content\/uploads\/sites\/69\/2022\/09\/ELEVE-PROCEDURE.jpg\" alt=\"\" class=\"wp-image-5997\" srcset=\"https:\/\/site.ac-martinique.fr\/clg-vauclin\/wp-content\/uploads\/sites\/69\/2022\/09\/ELEVE-PROCEDURE.jpg 641w, https:\/\/site.ac-martinique.fr\/clg-vauclin\/wp-content\/uploads\/sites\/69\/2022\/09\/ELEVE-PROCEDURE-300x101.jpg 300w\" sizes=\"auto, (max-width: 641px) 100vw, 641px\" \/><\/a><\/figure>\n\n\n\n<p>Astuce: cr\u00e9er un raccourci direct vers Colibri pour ne plus repasser  par Educonnect.<\/p>\n\n\n\n<p>Chers parents, chers \u00e9l\u00e8ves, en cas de difficult\u00e9s, n&#8217;h\u00e9sitez pas \u00e0 contacter l&#8217;assistant TICE \u00e0 l&#8217;adresse suivante: sullivan.joannes-elizabeth1@ac-martinique.fr <\/p>\n\n\n\n<p><\/p>\n","protected":false},"excerpt":{"rendered":"<p>Chers parents, chers \u00e9l\u00e8ves, A partir de ce mardi 13 septembre, l&#8217;ensemble des acc\u00e8s Pronote se fera par Colibri, l&#8217;ENT acad\u00e9mique. Pour acc\u00e9der \u00e0 Colibri vous aurez besoin de vos identifiants Educonnect: &#8211;&gt; vous poss\u00e9dez d\u00e9j\u00e0 vos identifiants Educonnect , dans ce cas, vous pouvez les utiliser pour acc\u00e9der directement \u00e0 Colibri &#8212;&gt; vous n&#8217;avez [&hellip;]<\/p>\n","protected":false},"author":271,"featured_media":0,"comment_status":"closed","ping_status":"closed","sticky":true,"template":"","format":"standard","meta":{"footnotes":""},"categories":[1],"tags":[],"class_list":["post-5994","post","type-post","status-publish","format-standard","hentry","category-non-classe"],"_links":{"self":[{"href":"https:\/\/site.ac-martinique.fr\/clg-vauclin\/index.php?rest_route=\/wp\/v2\/posts\/5994","targetHints":{"allow":["GET"]}}],"collection":[{"href":"https:\/\/site.ac-martinique.fr\/clg-vauclin\/index.php?rest_route=\/wp\/v2\/posts"}],"about":[{"href":"https:\/\/site.ac-martinique.fr\/clg-vauclin\/index.php?rest_route=\/wp\/v2\/types\/post"}],"author":[{"embeddable":true,"href":"https:\/\/site.ac-martinique.fr\/clg-vauclin\/index.php?rest_route=\/wp\/v2\/users\/271"}],"replies":[{"embeddable":true,"href":"https:\/\/site.ac-martinique.fr\/clg-vauclin\/index.php?rest_route=%2Fwp%2Fv2%2Fcomments&post=5994"}],"version-history":[{"count":4,"href":"https:\/\/site.ac-martinique.fr\/clg-vauclin\/index.php?rest_route=\/wp\/v2\/posts\/5994\/revisions"}],"predecessor-version":[{"id":6001,"href":"https:\/\/site.ac-martinique.fr\/clg-vauclin\/index.php?rest_route=\/wp\/v2\/posts\/5994\/revisions\/6001"}],"wp:attachment":[{"href":"https:\/\/site.ac-martinique.fr\/clg-vauclin\/index.php?rest_route=%2Fwp%2Fv2%2Fmedia&parent=5994"}],"wp:term":[{"taxonomy":"category","embeddable":true,"href":"https:\/\/site.ac-martinique.fr\/clg-vauclin\/index.php?rest_route=%2Fwp%2Fv2%2Fcategories&post=5994"},{"taxonomy":"post_tag","embeddable":true,"href":"https:\/\/site.ac-martinique.fr\/clg-vauclin\/index.php?rest_route=%2Fwp%2Fv2%2Ftags&post=5994"}],"curies":[{"name":"wp","href":"https:\/\/api.w.org\/{rel}","templated":true}]}}