{"id":3335,"date":"2025-09-18T10:26:22","date_gmt":"2025-09-18T14:26:22","guid":{"rendered":"https:\/\/site.ac-martinique.fr\/clg-vincentplacoly\/?p=3335"},"modified":"2025-09-18T10:26:22","modified_gmt":"2025-09-18T14:26:22","slug":"assemblee-generale-des-parents","status":"publish","type":"post","link":"https:\/\/site.ac-martinique.fr\/clg-vincentplacoly\/?p=3335","title":{"rendered":"Assembl\u00e9e g\u00e9n\u00e9rale des parents"},"content":{"rendered":"\n<p>Notre r\u00e9union de rentr\u00e9e se d\u00e9roulera vendredi 19 septembre 2025, \u00e0 partir de 17H00, \u00e0 l&rsquo;amphith\u00e9\u00e2tre Am\u00e9lie PLONGEUR, du Lyc\u00e9e de Bellevue.<\/p>\n\n\n\n<p>Un temps sera consacr\u00e9 \u00e0 la pr\u00e9sentation des f\u00e9d\u00e9rations de parents d&rsquo;\u00e9l\u00e8ves dans le cadre de la pr\u00e9paration des \u00e9lections des repr\u00e9sentants aux instances de l&rsquo;\u00e9tablissement.<\/p>\n\n\n\n<p>Je vous remercie parent de votre pr\u00e9sence.<\/p>\n\n\n\n<p><strong>La principale,<br \/>du coll\u00e8ge Vincent Placoly<\/strong>.<\/p>\n","protected":false},"excerpt":{"rendered":"<p>Notre r\u00e9union de rentr\u00e9e se d\u00e9roulera vendredi 19 septembre 2025, \u00e0 partir de 17H00, \u00e0 l&rsquo;amphith\u00e9\u00e2tre Am\u00e9lie PLONGEUR, du Lyc\u00e9e de Bellevue. Un temps sera consacr\u00e9 \u00e0 la pr\u00e9sentation des f\u00e9d\u00e9rations de parents d&rsquo;\u00e9l\u00e8ves dans le cadre de la pr\u00e9paration des \u00e9lections des repr\u00e9sentants aux instances de l&rsquo;\u00e9tablissement. Je vous remercie parent de votre pr\u00e9sence. [&hellip;]<\/p>\n","protected":false},"author":552,"featured_media":3336,"comment_status":"closed","ping_status":"closed","sticky":false,"template":"","format":"standard","meta":{"footnotes":""},"categories":[88],"tags":[],"class_list":["post-3335","post","type-post","status-publish","format-standard","has-post-thumbnail","hentry","category-communiquer"],"_links":{"self":[{"href":"https:\/\/site.ac-martinique.fr\/clg-vincentplacoly\/index.php?rest_route=\/wp\/v2\/posts\/3335","targetHints":{"allow":["GET"]}}],"collection":[{"href":"https:\/\/site.ac-martinique.fr\/clg-vincentplacoly\/index.php?rest_route=\/wp\/v2\/posts"}],"about":[{"href":"https:\/\/site.ac-martinique.fr\/clg-vincentplacoly\/index.php?rest_route=\/wp\/v2\/types\/post"}],"author":[{"embeddable":true,"href":"https:\/\/site.ac-martinique.fr\/clg-vincentplacoly\/index.php?rest_route=\/wp\/v2\/users\/552"}],"replies":[{"embeddable":true,"href":"https:\/\/site.ac-martinique.fr\/clg-vincentplacoly\/index.php?rest_route=%2Fwp%2Fv2%2Fcomments&post=3335"}],"version-history":[{"count":1,"href":"https:\/\/site.ac-martinique.fr\/clg-vincentplacoly\/index.php?rest_route=\/wp\/v2\/posts\/3335\/revisions"}],"predecessor-version":[{"id":3337,"href":"https:\/\/site.ac-martinique.fr\/clg-vincentplacoly\/index.php?rest_route=\/wp\/v2\/posts\/3335\/revisions\/3337"}],"wp:featuredmedia":[{"embeddable":true,"href":"https:\/\/site.ac-martinique.fr\/clg-vincentplacoly\/index.php?rest_route=\/wp\/v2\/media\/3336"}],"wp:attachment":[{"href":"https:\/\/site.ac-martinique.fr\/clg-vincentplacoly\/index.php?rest_route=%2Fwp%2Fv2%2Fmedia&parent=3335"}],"wp:term":[{"taxonomy":"category","embeddable":true,"href":"https:\/\/site.ac-martinique.fr\/clg-vincentplacoly\/index.php?rest_route=%2Fwp%2Fv2%2Fcategories&post=3335"},{"taxonomy":"post_tag","embeddable":true,"href":"https:\/\/site.ac-martinique.fr\/clg-vincentplacoly\/index.php?rest_route=%2Fwp%2Fv2%2Ftags&post=3335"}],"curies":[{"name":"wp","href":"https:\/\/api.w.org\/{rel}","templated":true}]}}