{"id":3338,"date":"2025-09-19T12:48:21","date_gmt":"2025-09-19T16:48:21","guid":{"rendered":"https:\/\/site.ac-martinique.fr\/clg-vincentplacoly\/?p=3338"},"modified":"2025-09-19T13:58:28","modified_gmt":"2025-09-19T17:58:28","slug":"telechargez-votre-certificat-de-scolarite-sur-les-services-en-ligne-compte-educonnect","status":"publish","type":"post","link":"https:\/\/site.ac-martinique.fr\/clg-vincentplacoly\/?p=3338","title":{"rendered":"T\u00e9l\u00e9chargez votre certificat de scolarit\u00e9 sur les services en ligne (compte Educonnect)"},"content":{"rendered":"\n<p>Madame, Monsieur,<br \/>Les responsables l\u00e9gaux,<\/p>\n\n\n\n<p>Nous vous informons que les certificats de scolarit\u00e9 2025-2026 de votre enfant sont d\u00e9sormais disponibles en ligne sur l\u2019espace Educonnect.<\/p>\n\n\n\n<p>Pour y acc\u00e9der, connectez-vous \u00e0 votre compte Educonnect, et suivez le chemin suivant :&nbsp;<strong>Rubrique : \u00ab\u00a0Mes services\u00a0\u00bb &gt; \u00ab\u00a0Mes documents\u00a0\u00bb &gt; \u00ab\u00a0Certificat de scolarit\u00e9\u00a0\u00bb &gt;&nbsp;\u00ab\u00a0T\u00e9l\u00e9charger le certificat de scolarit\u00e9\u00a0\u00bb<\/strong><\/p>\n\n\n\n<p>Nous vous invitons \u00e0 les t\u00e9l\u00e9charger et\/ou les imprimer si n\u00e9cessaire.<\/p>\n\n\n\n<p>En cas de difficult\u00e9 d\u2019acc\u00e8s ou de perte de vos identifiants, n\u2019h\u00e9sitez pas \u00e0 contacter le secr\u00e9tariat de direction de l\u2019\u00e9tablissement.<\/p>\n\n\n\n<p>Bien cordialement,<\/p>\n\n\n\n<p><strong>Isabelle VAL\u00c9RY<br \/><em>Assistante de Direction<\/em><\/strong><\/p>\n","protected":false},"excerpt":{"rendered":"<p>Madame, Monsieur,Les responsables l\u00e9gaux, Nous vous informons que les certificats de scolarit\u00e9 2025-2026 de votre enfant sont d\u00e9sormais disponibles en ligne sur l\u2019espace Educonnect. Pour y acc\u00e9der, connectez-vous \u00e0 votre compte Educonnect, et suivez le chemin suivant :&nbsp;Rubrique : \u00ab\u00a0Mes services\u00a0\u00bb &gt; \u00ab\u00a0Mes documents\u00a0\u00bb &gt; \u00ab\u00a0Certificat de scolarit\u00e9\u00a0\u00bb &gt;&nbsp;\u00ab\u00a0T\u00e9l\u00e9charger le certificat de scolarit\u00e9\u00a0\u00bb Nous vous [&hellip;]<\/p>\n","protected":false},"author":552,"featured_media":0,"comment_status":"closed","ping_status":"closed","sticky":true,"template":"","format":"standard","meta":{"footnotes":""},"categories":[88],"tags":[],"class_list":["post-3338","post","type-post","status-publish","format-standard","hentry","category-communiquer"],"_links":{"self":[{"href":"https:\/\/site.ac-martinique.fr\/clg-vincentplacoly\/index.php?rest_route=\/wp\/v2\/posts\/3338","targetHints":{"allow":["GET"]}}],"collection":[{"href":"https:\/\/site.ac-martinique.fr\/clg-vincentplacoly\/index.php?rest_route=\/wp\/v2\/posts"}],"about":[{"href":"https:\/\/site.ac-martinique.fr\/clg-vincentplacoly\/index.php?rest_route=\/wp\/v2\/types\/post"}],"author":[{"embeddable":true,"href":"https:\/\/site.ac-martinique.fr\/clg-vincentplacoly\/index.php?rest_route=\/wp\/v2\/users\/552"}],"replies":[{"embeddable":true,"href":"https:\/\/site.ac-martinique.fr\/clg-vincentplacoly\/index.php?rest_route=%2Fwp%2Fv2%2Fcomments&post=3338"}],"version-history":[{"count":1,"href":"https:\/\/site.ac-martinique.fr\/clg-vincentplacoly\/index.php?rest_route=\/wp\/v2\/posts\/3338\/revisions"}],"predecessor-version":[{"id":3339,"href":"https:\/\/site.ac-martinique.fr\/clg-vincentplacoly\/index.php?rest_route=\/wp\/v2\/posts\/3338\/revisions\/3339"}],"wp:attachment":[{"href":"https:\/\/site.ac-martinique.fr\/clg-vincentplacoly\/index.php?rest_route=%2Fwp%2Fv2%2Fmedia&parent=3338"}],"wp:term":[{"taxonomy":"category","embeddable":true,"href":"https:\/\/site.ac-martinique.fr\/clg-vincentplacoly\/index.php?rest_route=%2Fwp%2Fv2%2Fcategories&post=3338"},{"taxonomy":"post_tag","embeddable":true,"href":"https:\/\/site.ac-martinique.fr\/clg-vincentplacoly\/index.php?rest_route=%2Fwp%2Fv2%2Ftags&post=3338"}],"curies":[{"name":"wp","href":"https:\/\/api.w.org\/{rel}","templated":true}]}}