{"id":3365,"date":"2025-09-19T14:55:52","date_gmt":"2025-09-19T18:55:52","guid":{"rendered":"https:\/\/site.ac-martinique.fr\/clg-vincentplacoly\/?p=3365"},"modified":"2025-09-19T14:55:52","modified_gmt":"2025-09-19T18:55:52","slug":"journee-du-sport-scolaire-ce-vendredi-19-septembre-2025","status":"publish","type":"post","link":"https:\/\/site.ac-martinique.fr\/clg-vincentplacoly\/?p=3365","title":{"rendered":"Journ\u00e9e du sport scolaire ce vendredi 19 septembre 2025."},"content":{"rendered":"\n<p>La Journ\u00e9e du sport scolaire est un \u00e9v\u00e9nement important pour encourager les \u00e9l\u00e8ves \u00e0 pratiquer une activit\u00e9 physique r\u00e9guli\u00e8re et \u00e0 d\u00e9velopper leurs comp\u00e9tences sportives. <\/p>\n\n\n\n<figure class=\"wp-block-video\"><video height=\"848\" style=\"aspect-ratio: 480 \/ 848;\" width=\"480\" controls src=\"https:\/\/site.ac-martinique.fr\/clg-vincentplacoly\/wp-content\/uploads\/sites\/79\/2025\/09\/WhatsApp-Video-2025-09-19-at-09.45.10.mp4\"><\/video><\/figure>\n\n\n\n<figure class=\"wp-block-video\"><video height=\"848\" style=\"aspect-ratio: 480 \/ 848;\" width=\"480\" controls src=\"https:\/\/site.ac-martinique.fr\/clg-vincentplacoly\/wp-content\/uploads\/sites\/79\/2025\/09\/WhatsApp-Video-2025-09-19-at-09.44.40.mp4\"><\/video><\/figure>\n","protected":false},"excerpt":{"rendered":"<p>La Journ\u00e9e du sport scolaire est un \u00e9v\u00e9nement important pour encourager les \u00e9l\u00e8ves \u00e0 pratiquer une activit\u00e9 physique r\u00e9guli\u00e8re et \u00e0 d\u00e9velopper leurs comp\u00e9tences sportives.<\/p>\n","protected":false},"author":552,"featured_media":3369,"comment_status":"closed","ping_status":"closed","sticky":false,"template":"","format":"standard","meta":{"footnotes":""},"categories":[88],"tags":[],"class_list":["post-3365","post","type-post","status-publish","format-standard","has-post-thumbnail","hentry","category-communiquer"],"_links":{"self":[{"href":"https:\/\/site.ac-martinique.fr\/clg-vincentplacoly\/index.php?rest_route=\/wp\/v2\/posts\/3365","targetHints":{"allow":["GET"]}}],"collection":[{"href":"https:\/\/site.ac-martinique.fr\/clg-vincentplacoly\/index.php?rest_route=\/wp\/v2\/posts"}],"about":[{"href":"https:\/\/site.ac-martinique.fr\/clg-vincentplacoly\/index.php?rest_route=\/wp\/v2\/types\/post"}],"author":[{"embeddable":true,"href":"https:\/\/site.ac-martinique.fr\/clg-vincentplacoly\/index.php?rest_route=\/wp\/v2\/users\/552"}],"replies":[{"embeddable":true,"href":"https:\/\/site.ac-martinique.fr\/clg-vincentplacoly\/index.php?rest_route=%2Fwp%2Fv2%2Fcomments&post=3365"}],"version-history":[{"count":1,"href":"https:\/\/site.ac-martinique.fr\/clg-vincentplacoly\/index.php?rest_route=\/wp\/v2\/posts\/3365\/revisions"}],"predecessor-version":[{"id":3370,"href":"https:\/\/site.ac-martinique.fr\/clg-vincentplacoly\/index.php?rest_route=\/wp\/v2\/posts\/3365\/revisions\/3370"}],"wp:featuredmedia":[{"embeddable":true,"href":"https:\/\/site.ac-martinique.fr\/clg-vincentplacoly\/index.php?rest_route=\/wp\/v2\/media\/3369"}],"wp:attachment":[{"href":"https:\/\/site.ac-martinique.fr\/clg-vincentplacoly\/index.php?rest_route=%2Fwp%2Fv2%2Fmedia&parent=3365"}],"wp:term":[{"taxonomy":"category","embeddable":true,"href":"https:\/\/site.ac-martinique.fr\/clg-vincentplacoly\/index.php?rest_route=%2Fwp%2Fv2%2Fcategories&post=3365"},{"taxonomy":"post_tag","embeddable":true,"href":"https:\/\/site.ac-martinique.fr\/clg-vincentplacoly\/index.php?rest_route=%2Fwp%2Fv2%2Ftags&post=3365"}],"curies":[{"name":"wp","href":"https:\/\/api.w.org\/{rel}","templated":true}]}}