{"id":3397,"date":"2025-09-25T15:52:56","date_gmt":"2025-09-25T19:52:56","guid":{"rendered":"https:\/\/site.ac-martinique.fr\/clg-vincentplacoly\/?p=3397"},"modified":"2025-10-01T12:36:58","modified_gmt":"2025-10-01T16:36:58","slug":"elections-des-representants-de-parents","status":"publish","type":"post","link":"https:\/\/site.ac-martinique.fr\/clg-vincentplacoly\/?p=3397","title":{"rendered":"\u00a0Elections des repr\u00e9sentants de Parents d&rsquo;\u00e9l\u00e8ves le 10 octobre 2025 &#8211; message des f\u00e9d\u00e9rations."},"content":{"rendered":"\n<p>Aux parens d&rsquo;\u00e9l\u00e8ves<br \/>\u00a0<br \/>Madame, Monsieur,<br \/>\u00a0<br \/>Je vous adresse en fichier joint la lettre commune des trois f\u00e9d\u00e9rations de parents d&rsquo;\u00e9l\u00e8ves actives au\u00a0<br \/>sein de notre communaut\u00e9 du coll\u00e8ge Vincent PLACOLY.<br \/>\u00a0<br \/>Dans le cadre de l&rsquo;organisation des \u00e9lections des repr\u00e9sentants de parents qui auront lieu le\u00a0<br \/>vendredi 10 octobre 2025, la PEEP, l&rsquo;UPEEM et la FCPE se sont alli\u00e9es pour un message\u00a0<br \/>commun : MOBILISEZ-VOUS pour la scolarit\u00e9 de votre enfant et VOTEZ !<br \/>\u00a0<br \/>Toutes les informations relatives \u00e0 l&rsquo;organisation du vote vous seront adress\u00e9es dans un second\u00a0<br \/>message.<br \/>\u00a0<br \/>Merci de votre implication.<br \/>\u00a0<br \/>La principale,<br \/>Anny PARICARD-SINOSA<\/p>\n\n\n\n<div data-wp-interactive=\"core\/file\" class=\"wp-block-file\"><object data-wp-bind--hidden=\"!state.hasPdfPreview\" hidden class=\"wp-block-file__embed\" data=\"https:\/\/site.ac-martinique.fr\/clg-vincentplacoly\/wp-content\/uploads\/sites\/79\/2025\/09\/Message-federations-Placoly.pdf\" type=\"application\/pdf\" style=\"width:100%;height:600px\" aria-label=\"Contenu embarqu\u00e9 Message f\u00e9d\u00e9rations Placoly.\"><\/object><a id=\"wp-block-file--media-a280d938-e400-4287-b1e1-2ac4c8ce9938\" href=\"https:\/\/site.ac-martinique.fr\/clg-vincentplacoly\/wp-content\/uploads\/sites\/79\/2025\/09\/Message-federations-Placoly.pdf\">Message f\u00e9d\u00e9rations Placoly<\/a><a href=\"https:\/\/site.ac-martinique.fr\/clg-vincentplacoly\/wp-content\/uploads\/sites\/79\/2025\/09\/Message-federations-Placoly.pdf\" class=\"wp-block-file__button wp-element-button\" download aria-describedby=\"wp-block-file--media-a280d938-e400-4287-b1e1-2ac4c8ce9938\">T\u00e9l\u00e9charger<\/a><\/div>\n","protected":false},"excerpt":{"rendered":"<p>Aux parens d&rsquo;\u00e9l\u00e8ves\u00a0Madame, Monsieur,\u00a0Je vous adresse en fichier joint la lettre commune des trois f\u00e9d\u00e9rations de parents d&rsquo;\u00e9l\u00e8ves actives au\u00a0sein de notre communaut\u00e9 du coll\u00e8ge Vincent PLACOLY.\u00a0Dans le cadre de l&rsquo;organisation des \u00e9lections des repr\u00e9sentants de parents qui auront lieu le\u00a0vendredi 10 octobre 2025, la PEEP, l&rsquo;UPEEM et la FCPE se sont alli\u00e9es pour un [&hellip;]<\/p>\n","protected":false},"author":552,"featured_media":3399,"comment_status":"closed","ping_status":"closed","sticky":true,"template":"","format":"standard","meta":{"footnotes":""},"categories":[88],"tags":[],"class_list":["post-3397","post","type-post","status-publish","format-standard","has-post-thumbnail","hentry","category-communiquer"],"_links":{"self":[{"href":"https:\/\/site.ac-martinique.fr\/clg-vincentplacoly\/index.php?rest_route=\/wp\/v2\/posts\/3397","targetHints":{"allow":["GET"]}}],"collection":[{"href":"https:\/\/site.ac-martinique.fr\/clg-vincentplacoly\/index.php?rest_route=\/wp\/v2\/posts"}],"about":[{"href":"https:\/\/site.ac-martinique.fr\/clg-vincentplacoly\/index.php?rest_route=\/wp\/v2\/types\/post"}],"author":[{"embeddable":true,"href":"https:\/\/site.ac-martinique.fr\/clg-vincentplacoly\/index.php?rest_route=\/wp\/v2\/users\/552"}],"replies":[{"embeddable":true,"href":"https:\/\/site.ac-martinique.fr\/clg-vincentplacoly\/index.php?rest_route=%2Fwp%2Fv2%2Fcomments&post=3397"}],"version-history":[{"count":2,"href":"https:\/\/site.ac-martinique.fr\/clg-vincentplacoly\/index.php?rest_route=\/wp\/v2\/posts\/3397\/revisions"}],"predecessor-version":[{"id":3407,"href":"https:\/\/site.ac-martinique.fr\/clg-vincentplacoly\/index.php?rest_route=\/wp\/v2\/posts\/3397\/revisions\/3407"}],"wp:featuredmedia":[{"embeddable":true,"href":"https:\/\/site.ac-martinique.fr\/clg-vincentplacoly\/index.php?rest_route=\/wp\/v2\/media\/3399"}],"wp:attachment":[{"href":"https:\/\/site.ac-martinique.fr\/clg-vincentplacoly\/index.php?rest_route=%2Fwp%2Fv2%2Fmedia&parent=3397"}],"wp:term":[{"taxonomy":"category","embeddable":true,"href":"https:\/\/site.ac-martinique.fr\/clg-vincentplacoly\/index.php?rest_route=%2Fwp%2Fv2%2Fcategories&post=3397"},{"taxonomy":"post_tag","embeddable":true,"href":"https:\/\/site.ac-martinique.fr\/clg-vincentplacoly\/index.php?rest_route=%2Fwp%2Fv2%2Ftags&post=3397"}],"curies":[{"name":"wp","href":"https:\/\/api.w.org\/{rel}","templated":true}]}}