{"id":3402,"date":"2025-09-25T17:00:52","date_gmt":"2025-09-25T21:00:52","guid":{"rendered":"https:\/\/site.ac-martinique.fr\/clg-vincentplacoly\/?p=3402"},"modified":"2025-09-25T17:06:15","modified_gmt":"2025-09-25T21:06:15","slug":"fete-de-laviation","status":"publish","type":"post","link":"https:\/\/site.ac-martinique.fr\/clg-vincentplacoly\/?p=3402","title":{"rendered":"F\u00eate de l&rsquo;aviation"},"content":{"rendered":"\n<p>La F\u00eate de l&rsquo;Aviation \u00e0 l&rsquo;A\u00e9roport International Martinique Aim\u00e9 C\u00e9saire est un \u00e9v\u00e9nement national qui met en avant le secteur de l&rsquo;a\u00e9ronautique aupr\u00e8s du grand public. Cette ann\u00e9e, elle aura lieu les vendredi 26 et samedi 27 septembre 2025.<\/p>\n\n\n\n<p>Au programme :<\/p>\n\n\n\n<ul class=\"wp-block-list\">\n<li>Forum des M\u00e9tiers de l\u2019A\u00e9rien : le vendredi 26 septembre, avec des conf\u00e9rences pour pr\u00e9senter les opportunit\u00e9s de carri\u00e8re dans l&rsquo;a\u00e9rien.<\/li>\n\n\n\n<li>Visites guid\u00e9es de l\u2019a\u00e9roport : le samedi 27 septembre, pour d\u00e9couvrir les coulisses de l&rsquo;a\u00e9roport, notamment les zones r\u00e9serv\u00e9es au personnel et les parkings avions.<\/li>\n\n\n\n<li>D\u00e9couverte du m\u00e9tier de Pompiers d\u2019a\u00e9roport : le samedi 27 septembre, pour en apprendre davantage sur les m\u00e9tiers li\u00e9s \u00e0 la s\u00e9curit\u00e9 a\u00e9rienne.<\/li>\n\n\n\n<li>Expositions de photos et conf\u00e9rences d\u00e9bats pour promouvoir les formations et les m\u00e9tiers de l&rsquo;a\u00e9rien.<\/li>\n\n\n\n<li>Bapt\u00eames de l&rsquo;air et survols touristiques de la Martinique avec des compagnies a\u00e9riennes locales.<\/li>\n<\/ul>\n\n\n\n<p>N&rsquo;oubliez pas de vous inscrire en ligne pour les activit\u00e9s qui le n\u00e9cessitent, comme les visites guid\u00e9es et les conf\u00e9rences. Vous pouvez trouver plus d&rsquo;informations sur les r\u00e9seaux sociaux de l&rsquo;a\u00e9roport ou sur leur site web.<\/p>\n\n\n\n<p>L&rsquo;\u00e9v\u00e9nement se d\u00e9roulera \u00e0 l&rsquo;A\u00e9roport International Martinique Aim\u00e9 C\u00e9saire, situ\u00e9 \u00e0 Lamentin. Les permanences d&rsquo;accueil auront lieu de 10h \u00e0 16h les vendredi 26 et samedi 27 septembre \u00b9.<\/p>\n\n\n\n<p><\/p>\n","protected":false},"excerpt":{"rendered":"<p>La F\u00eate de l&rsquo;Aviation \u00e0 l&rsquo;A\u00e9roport International Martinique Aim\u00e9 C\u00e9saire est un \u00e9v\u00e9nement national qui met en avant le secteur de l&rsquo;a\u00e9ronautique aupr\u00e8s du grand public. Cette ann\u00e9e, elle aura lieu les vendredi 26 et samedi 27 septembre 2025. Au programme : N&rsquo;oubliez pas de vous inscrire en ligne pour les activit\u00e9s qui le n\u00e9cessitent, [&hellip;]<\/p>\n","protected":false},"author":552,"featured_media":3403,"comment_status":"closed","ping_status":"closed","sticky":false,"template":"","format":"standard","meta":{"footnotes":""},"categories":[88],"tags":[],"class_list":["post-3402","post","type-post","status-publish","format-standard","has-post-thumbnail","hentry","category-communiquer"],"_links":{"self":[{"href":"https:\/\/site.ac-martinique.fr\/clg-vincentplacoly\/index.php?rest_route=\/wp\/v2\/posts\/3402","targetHints":{"allow":["GET"]}}],"collection":[{"href":"https:\/\/site.ac-martinique.fr\/clg-vincentplacoly\/index.php?rest_route=\/wp\/v2\/posts"}],"about":[{"href":"https:\/\/site.ac-martinique.fr\/clg-vincentplacoly\/index.php?rest_route=\/wp\/v2\/types\/post"}],"author":[{"embeddable":true,"href":"https:\/\/site.ac-martinique.fr\/clg-vincentplacoly\/index.php?rest_route=\/wp\/v2\/users\/552"}],"replies":[{"embeddable":true,"href":"https:\/\/site.ac-martinique.fr\/clg-vincentplacoly\/index.php?rest_route=%2Fwp%2Fv2%2Fcomments&post=3402"}],"version-history":[{"count":3,"href":"https:\/\/site.ac-martinique.fr\/clg-vincentplacoly\/index.php?rest_route=\/wp\/v2\/posts\/3402\/revisions"}],"predecessor-version":[{"id":3406,"href":"https:\/\/site.ac-martinique.fr\/clg-vincentplacoly\/index.php?rest_route=\/wp\/v2\/posts\/3402\/revisions\/3406"}],"wp:featuredmedia":[{"embeddable":true,"href":"https:\/\/site.ac-martinique.fr\/clg-vincentplacoly\/index.php?rest_route=\/wp\/v2\/media\/3403"}],"wp:attachment":[{"href":"https:\/\/site.ac-martinique.fr\/clg-vincentplacoly\/index.php?rest_route=%2Fwp%2Fv2%2Fmedia&parent=3402"}],"wp:term":[{"taxonomy":"category","embeddable":true,"href":"https:\/\/site.ac-martinique.fr\/clg-vincentplacoly\/index.php?rest_route=%2Fwp%2Fv2%2Fcategories&post=3402"},{"taxonomy":"post_tag","embeddable":true,"href":"https:\/\/site.ac-martinique.fr\/clg-vincentplacoly\/index.php?rest_route=%2Fwp%2Fv2%2Ftags&post=3402"}],"curies":[{"name":"wp","href":"https:\/\/api.w.org\/{rel}","templated":true}]}}