{"id":3652,"date":"2026-08-25T09:46:29","date_gmt":"2026-08-25T13:46:29","guid":{"rendered":"https:\/\/site.ac-martinique.fr\/clg-vincentplacoly\/?p=3652"},"modified":"2026-08-26T08:32:31","modified_gmt":"2026-08-26T12:32:31","slug":"rentree-scolaire-2026","status":"publish","type":"post","link":"https:\/\/site.ac-martinique.fr\/clg-vincentplacoly\/?p=3652","title":{"rendered":"Rentr\u00e9e scolaire 2026"},"content":{"rendered":"\n<p class=\"wp-block-paragraph\">&#x1f4da; <strong>INFORMATIONS RENTR\u00c9E SCOLAIRE 2026 \u2013 COLL\u00c8GE VINCENT PLACOLY<\/strong><\/p>\n\n\n\n<p class=\"wp-block-paragraph\">Chers parents,<\/p>\n\n\n\n<p class=\"wp-block-paragraph\">Voici toutes les informations concernant la rentr\u00e9e scolaire de septembre 2026 :<\/p>\n\n\n\n<p class=\"wp-block-paragraph\">&#x1f4c5; <strong>Mardi 1er septembre 2026<\/strong><br \/>\u2022 <strong>4e :<\/strong> de 8h30 \u00e0 10h00<br \/>\u2022 <strong>3e :<\/strong> de 9h30 \u00e0 11h00<br \/>\u2022 <strong>5e :<\/strong> de 10h30 \u00e0 12h00<\/p>\n\n\n\n<p class=\"wp-block-paragraph\">&#x1f4c5; <strong>Mercredi 2 septembre 2026<\/strong><br \/>\u2022 <strong>6e :<\/strong> de 8h30 \u00e0 10h00<br \/>\u2022 Accueil des \u00e9l\u00e8ves par un bin\u00f4me de professeurs.<\/p>\n\n\n\n<p class=\"wp-block-paragraph\">&#x1f4c5; <strong>Jeudi 3 septembre 2026<\/strong><br \/>\u2022 <strong>6e :<\/strong> ateliers de 8h30 \u00e0 11h30<br \/>\u2022 <strong>3e :<\/strong> ateliers de 8h30 \u00e0 11h30<\/p>\n\n\n\n<p class=\"wp-block-paragraph\">&#x1f4c5; <strong>Vendredi 4 septembre 2026<\/strong><br \/>\u2022 <strong>Rentr\u00e9e g\u00e9n\u00e9rale de tous les \u00e9l\u00e8ves.<\/strong><br \/>\u2022 D\u00e9but des cours selon l\u2019emploi du temps.<\/p>\n\n\n\n<p class=\"wp-block-paragraph\">&#x1f392; Nous souhaitons \u00e0 tous les \u00e9l\u00e8ves une <strong>excellente rentr\u00e9e scolaire 2026<\/strong> et une tr\u00e8s belle ann\u00e9e, pleine de r\u00e9ussite !<\/p>\n\n\n\n<p class=\"wp-block-paragraph\"><\/p>\n\n\n\n<p class=\"wp-block-paragraph\"><\/p>\n\n\n\n<p class=\"wp-block-paragraph\"><\/p>\n\n\n\n<p class=\"wp-block-paragraph\"><\/p>\n","protected":false},"excerpt":{"rendered":"<p>&#x1f4da; INFORMATIONS RENTR\u00c9E SCOLAIRE 2026 \u2013 COLL\u00c8GE VINCENT PLACOLY Chers parents, Voici toutes les informations concernant la rentr\u00e9e scolaire de septembre 2026 : &#x1f4c5; Mardi 1er septembre 2026\u2022 4e : de 8h30 \u00e0 10h00\u2022 3e : de 9h30 \u00e0 11h00\u2022 5e : de 10h30 \u00e0 12h00 &#x1f4c5; Mercredi 2 septembre 2026\u2022 6e : de 8h30 [&hellip;]<\/p>\n","protected":false},"author":552,"featured_media":3658,"comment_status":"closed","ping_status":"closed","sticky":false,"template":"","format":"standard","meta":{"footnotes":""},"categories":[88],"tags":[],"class_list":["post-3652","post","type-post","status-publish","format-standard","has-post-thumbnail","hentry","category-communiquer"],"_links":{"self":[{"href":"https:\/\/site.ac-martinique.fr\/clg-vincentplacoly\/index.php?rest_route=\/wp\/v2\/posts\/3652","targetHints":{"allow":["GET"]}}],"collection":[{"href":"https:\/\/site.ac-martinique.fr\/clg-vincentplacoly\/index.php?rest_route=\/wp\/v2\/posts"}],"about":[{"href":"https:\/\/site.ac-martinique.fr\/clg-vincentplacoly\/index.php?rest_route=\/wp\/v2\/types\/post"}],"author":[{"embeddable":true,"href":"https:\/\/site.ac-martinique.fr\/clg-vincentplacoly\/index.php?rest_route=\/wp\/v2\/users\/552"}],"replies":[{"embeddable":true,"href":"https:\/\/site.ac-martinique.fr\/clg-vincentplacoly\/index.php?rest_route=%2Fwp%2Fv2%2Fcomments&post=3652"}],"version-history":[{"count":2,"href":"https:\/\/site.ac-martinique.fr\/clg-vincentplacoly\/index.php?rest_route=\/wp\/v2\/posts\/3652\/revisions"}],"predecessor-version":[{"id":3659,"href":"https:\/\/site.ac-martinique.fr\/clg-vincentplacoly\/index.php?rest_route=\/wp\/v2\/posts\/3652\/revisions\/3659"}],"wp:featuredmedia":[{"embeddable":true,"href":"https:\/\/site.ac-martinique.fr\/clg-vincentplacoly\/index.php?rest_route=\/wp\/v2\/media\/3658"}],"wp:attachment":[{"href":"https:\/\/site.ac-martinique.fr\/clg-vincentplacoly\/index.php?rest_route=%2Fwp%2Fv2%2Fmedia&parent=3652"}],"wp:term":[{"taxonomy":"category","embeddable":true,"href":"https:\/\/site.ac-martinique.fr\/clg-vincentplacoly\/index.php?rest_route=%2Fwp%2Fv2%2Fcategories&post=3652"},{"taxonomy":"post_tag","embeddable":true,"href":"https:\/\/site.ac-martinique.fr\/clg-vincentplacoly\/index.php?rest_route=%2Fwp%2Fv2%2Ftags&post=3652"}],"curies":[{"name":"wp","href":"https:\/\/api.w.org\/{rel}","templated":true}]}}