{"id":1041,"date":"2017-03-23T19:31:14","date_gmt":"2017-03-23T18:31:14","guid":{"rendered":"\/davl\/?p=1041"},"modified":"2017-03-23T19:31:14","modified_gmt":"2017-03-23T18:31:14","slug":"concours-mediatiks-martinique-2017","status":"publish","type":"post","link":"https:\/\/site.ac-martinique.fr\/davl\/?p=1041","title":{"rendered":"Concours M\u00e9diatiks Martinique 2017"},"content":{"rendered":"<div>\n<div>M\u00e9diatiks est organis\u00e9 dans chaque acad\u00e9mie par les \u00e9quipes du CLEMI. Il s\u2019adresse aux \u00e9coles, au coll\u00e8ges, aux lyc\u00e9es et autres \u00e9tablissements, il concerne tous les supports : journaux imprim\u00e9s, sites et blogs, web radios et web TV. Chaque concours acad\u00e9mique d\u00e9cerne ses propres prix. Plus d\u2019information sur le site du CLEMI :\u00a0<a href=\"http:\/\/www.clemi.fr\/fr\/evenements\/concours\/mediatiks\/mediatiks-2017.html\">http:\/\/www.clemi.fr\/fr\/evenements\/concours\/mediatiks\/mediatiks-2017.html<\/a><\/div>\n<\/div>\n<div>\n<blockquote cite=\"D4F068BA.1036D%25p.famery@clemi.fr\">\n<div>M\u00e9diatiks Martinique 2017 :\u00a0<a href=\"http:\/\/www.clemi.fr\/fr\/evenements\/concours\/mediatiks\/mediatiks-2017\/mediatiks-2017-martinique.html\">http:\/\/www.clemi.fr\/fr\/evenements\/concours\/mediatiks\/mediatiks-2017\/mediatiks-2017-martinique.html<\/a><\/div>\n<\/blockquote>\n<\/div>\n<p>Date limite d&rsquo;inscription: 29 mars 2017<\/p>\n<p>Date limite d&rsquo;envoi: 26avril 2017<\/p>\n<p>T\u00e9l\u00e9charger <a href=\"\/davl\/wp-content\/uploads\/sites\/29\/2017\/03\/M\u00e9diatiksMARTINIQUE2017-Flyer.pdf\" target=\"_blank\">le flyer<\/a><\/p>\n","protected":false},"excerpt":{"rendered":"<p>M\u00e9diatiks est organis\u00e9 dans chaque acad\u00e9mie par les \u00e9quipes du CLEMI. Il s\u2019adresse aux \u00e9coles, au coll\u00e8ges, aux lyc\u00e9es et autres \u00e9tablissements, il concerne tous les supports : journaux imprim\u00e9s, sites et blogs, web radios et web TV. Chaque concours acad\u00e9mique d\u00e9cerne ses propres prix. Plus d\u2019information sur le site du CLEMI :\u00a0http:\/\/www.clemi.fr\/fr\/evenements\/concours\/mediatiks\/mediatiks-2017.html M\u00e9diatiks Martinique 2017 :\u00a0http:\/\/www.clemi.fr\/fr\/evenements\/concours\/mediatiks\/mediatiks-2017\/mediatiks-2017-martinique.html Date limite d&rsquo;inscription: 29 mars 2017 Date limite d&rsquo;envoi: 26avril 2017 T\u00e9l\u00e9charger le flyer<\/p>\n","protected":false},"author":88,"featured_media":1039,"comment_status":"closed","ping_status":"open","sticky":false,"template":"","format":"standard","meta":{"footnotes":""},"categories":[2,10,4,3,7],"tags":[],"class_list":["post-1041","post","type-post","status-publish","format-standard","has-post-thumbnail","hentry","category-cavl","category-colleges","category-cvc","category-cvl","category-lycees"],"_links":{"self":[{"href":"https:\/\/site.ac-martinique.fr\/davl\/index.php?rest_route=\/wp\/v2\/posts\/1041","targetHints":{"allow":["GET"]}}],"collection":[{"href":"https:\/\/site.ac-martinique.fr\/davl\/index.php?rest_route=\/wp\/v2\/posts"}],"about":[{"href":"https:\/\/site.ac-martinique.fr\/davl\/index.php?rest_route=\/wp\/v2\/types\/post"}],"author":[{"embeddable":true,"href":"https:\/\/site.ac-martinique.fr\/davl\/index.php?rest_route=\/wp\/v2\/users\/88"}],"replies":[{"embeddable":true,"href":"https:\/\/site.ac-martinique.fr\/davl\/index.php?rest_route=%2Fwp%2Fv2%2Fcomments&post=1041"}],"version-history":[{"count":1,"href":"https:\/\/site.ac-martinique.fr\/davl\/index.php?rest_route=\/wp\/v2\/posts\/1041\/revisions"}],"predecessor-version":[{"id":1042,"href":"https:\/\/site.ac-martinique.fr\/davl\/index.php?rest_route=\/wp\/v2\/posts\/1041\/revisions\/1042"}],"wp:featuredmedia":[{"embeddable":true,"href":"https:\/\/site.ac-martinique.fr\/davl\/index.php?rest_route=\/wp\/v2\/media\/1039"}],"wp:attachment":[{"href":"https:\/\/site.ac-martinique.fr\/davl\/index.php?rest_route=%2Fwp%2Fv2%2Fmedia&parent=1041"}],"wp:term":[{"taxonomy":"category","embeddable":true,"href":"https:\/\/site.ac-martinique.fr\/davl\/index.php?rest_route=%2Fwp%2Fv2%2Fcategories&post=1041"},{"taxonomy":"post_tag","embeddable":true,"href":"https:\/\/site.ac-martinique.fr\/davl\/index.php?rest_route=%2Fwp%2Fv2%2Ftags&post=1041"}],"curies":[{"name":"wp","href":"https:\/\/api.w.org\/{rel}","templated":true}]}}