{"id":1067,"date":"2017-05-11T17:07:02","date_gmt":"2017-05-11T16:07:02","guid":{"rendered":"\/davl\/?p=1067"},"modified":"2017-05-11T17:45:38","modified_gmt":"2017-05-11T16:45:38","slug":"decouvrez-reserve-citoyenne","status":"publish","type":"post","link":"https:\/\/site.ac-martinique.fr\/davl\/?p=1067","title":{"rendered":"D\u00e9couvrez la r\u00e9serve citoyenne"},"content":{"rendered":"<p>L&rsquo;\u00e9ducation \u00e0 la citoyennet\u00e9, aux r\u00e8gles de vie dans une soci\u00e9t\u00e9 d\u00e9mocratique, aux valeurs de la R\u00e9publique; \u00e0 ce qu&rsquo;elles repr\u00e9sentent dans la construction et l&rsquo;\u00e9mancipation individuelle des futurs citoyens que vous \u00eates s&rsquo;inscrit dans un partenariat fort avec la soci\u00e9t\u00e9 civile qui s&rsquo;<strong>engage b\u00e9n\u00e9volement<\/strong>.<\/p>\n<p>Engagement pour la transmission de ces valeurs en vous accompagnant dans la r\u00e9alisation de vos projets au sein de l&rsquo;\u00e9tablissement.<\/p>\n<p>La r\u00e9serve citoyenne est un dispositif lanc\u00e9 le 12 mars 2015 qui peut \u00eatre mobilis\u00e9 dans le cadre de la vie coll\u00e9gienne et lyc\u00e9enne pour des actions telles que:<\/p>\n<ul>\n<li>semaines ou journ\u00e9es th\u00e9matiques<\/li>\n<li>journ\u00e9e du sport scolaire<\/li>\n<li>journ\u00e9e de la La\u00efcit\u00e9<\/li>\n<li>semaine de la presse et des m\u00e9dias<\/li>\n<li>journ\u00e9e de la s\u00e9curit\u00e9 routi\u00e8re<\/li>\n<li>semaine d&rsquo;\u00e9ducation et d\u2019actions contre le racisme et l&rsquo;antis\u00e9mitisme &#8230;<\/li>\n<\/ul>\n<p><strong>&#8230; pour illustrer, accompagner et soutenir les projets d\u00e9clin\u00e9s en \u00e9tablissent.<\/strong><\/p>\n<p>Pour faire appel aux r\u00e9servistes rapprochez vous du chef d&rsquo;\u00e9tablissement.<\/p>\n<p>&nbsp;<\/p>\n<p>Plus d&rsquo;informations: <a href=\"http:\/\/www.education.gouv.fr\/cid94074\/la-reserve-citoyenne.html\" target=\"_blank\">http:\/\/www.education.gouv.fr\/cid94074\/la-reserve-citoyenne.html<\/a><\/p>\n","protected":false},"excerpt":{"rendered":"<p>L&rsquo;\u00e9ducation \u00e0 la citoyennet\u00e9, aux r\u00e8gles de vie dans une soci\u00e9t\u00e9 d\u00e9mocratique, aux valeurs de la R\u00e9publique; \u00e0 ce qu&rsquo;elles repr\u00e9sentent dans la construction et l&rsquo;\u00e9mancipation individuelle des futurs citoyens que vous \u00eates s&rsquo;inscrit dans un partenariat fort avec la soci\u00e9t\u00e9 civile qui s&rsquo;engage b\u00e9n\u00e9volement. Engagement pour la transmission de ces valeurs en vous accompagnant dans la r\u00e9alisation de vos projets au sein de l&rsquo;\u00e9tablissement. La r\u00e9serve citoyenne est un dispositif lanc\u00e9 le 12 mars 2015 qui peut \u00eatre mobilis\u00e9 dans le cadre de la vie coll\u00e9gienne et lyc\u00e9enne pour des actions telles que: semaines ou journ\u00e9es th\u00e9matiques journ\u00e9e du sport scolaire journ\u00e9e de la La\u00efcit\u00e9 semaine de la presse et des m\u00e9dias journ\u00e9e de la s\u00e9curit\u00e9 routi\u00e8re semaine d&rsquo;\u00e9ducation et d\u2019actions contre le racisme et l&rsquo;antis\u00e9mitisme &#8230; &#8230; pour illustrer, accompagner et soutenir les projets d\u00e9clin\u00e9s en \u00e9tablissent. Pour faire appel aux r\u00e9servistes rapprochez vous du chef d&rsquo;\u00e9tablissement. &nbsp; Plus d&rsquo;informations: http:\/\/www.education.gouv.fr\/cid94074\/la-reserve-citoyenne.html<\/p>\n","protected":false},"author":88,"featured_media":1066,"comment_status":"closed","ping_status":"open","sticky":false,"template":"","format":"standard","meta":{"footnotes":""},"categories":[4,3,6],"tags":[55,20,44,46],"class_list":["post-1067","post","type-post","status-publish","format-standard","has-post-thumbnail","hentry","category-cvc","category-cvl","category-projets-etablissements","tag-complotisme","tag-cvl","tag-laicite","tag-securiteroutiere"],"_links":{"self":[{"href":"https:\/\/site.ac-martinique.fr\/davl\/index.php?rest_route=\/wp\/v2\/posts\/1067","targetHints":{"allow":["GET"]}}],"collection":[{"href":"https:\/\/site.ac-martinique.fr\/davl\/index.php?rest_route=\/wp\/v2\/posts"}],"about":[{"href":"https:\/\/site.ac-martinique.fr\/davl\/index.php?rest_route=\/wp\/v2\/types\/post"}],"author":[{"embeddable":true,"href":"https:\/\/site.ac-martinique.fr\/davl\/index.php?rest_route=\/wp\/v2\/users\/88"}],"replies":[{"embeddable":true,"href":"https:\/\/site.ac-martinique.fr\/davl\/index.php?rest_route=%2Fwp%2Fv2%2Fcomments&post=1067"}],"version-history":[{"count":5,"href":"https:\/\/site.ac-martinique.fr\/davl\/index.php?rest_route=\/wp\/v2\/posts\/1067\/revisions"}],"predecessor-version":[{"id":1081,"href":"https:\/\/site.ac-martinique.fr\/davl\/index.php?rest_route=\/wp\/v2\/posts\/1067\/revisions\/1081"}],"wp:featuredmedia":[{"embeddable":true,"href":"https:\/\/site.ac-martinique.fr\/davl\/index.php?rest_route=\/wp\/v2\/media\/1066"}],"wp:attachment":[{"href":"https:\/\/site.ac-martinique.fr\/davl\/index.php?rest_route=%2Fwp%2Fv2%2Fmedia&parent=1067"}],"wp:term":[{"taxonomy":"category","embeddable":true,"href":"https:\/\/site.ac-martinique.fr\/davl\/index.php?rest_route=%2Fwp%2Fv2%2Fcategories&post=1067"},{"taxonomy":"post_tag","embeddable":true,"href":"https:\/\/site.ac-martinique.fr\/davl\/index.php?rest_route=%2Fwp%2Fv2%2Ftags&post=1067"}],"curies":[{"name":"wp","href":"https:\/\/api.w.org\/{rel}","templated":true}]}}