{"id":993,"date":"2017-02-15T16:32:15","date_gmt":"2017-02-15T15:32:15","guid":{"rendered":"\/davl\/?p=993"},"modified":"2017-03-29T13:16:06","modified_gmt":"2017-03-29T12:16:06","slug":"concours-2016-2017-non-harcelement","status":"publish","type":"post","link":"https:\/\/site.ac-martinique.fr\/davl\/?p=993","title":{"rendered":"CONCOURS 2016-2017 \u00ab\u00a0NON AU HARC\u00c8LEMENT\u00a0\u00bb"},"content":{"rendered":"<p><strong>Cat\u00e9gorie affiche 11-13 ans<\/strong><\/p>\n<p><a href=\"\/davl\/wp-content\/uploads\/sites\/29\/2017\/02\/scan01.jpg\"><img loading=\"lazy\" decoding=\"async\" class=\"alignnone size-medium wp-image-997\" src=\"\/davl\/wp-content\/uploads\/sites\/29\/2017\/02\/scan01-202x300.jpg\" alt=\"scan01\" width=\"202\" height=\"300\" srcset=\"https:\/\/site.ac-martinique.fr\/davl\/wp-content\/uploads\/sites\/29\/2017\/02\/scan01-202x300.jpg 202w, https:\/\/site.ac-martinique.fr\/davl\/wp-content\/uploads\/sites\/29\/2017\/02\/scan01-768x1140.jpg 768w, https:\/\/site.ac-martinique.fr\/davl\/wp-content\/uploads\/sites\/29\/2017\/02\/scan01-690x1024.jpg 690w\" sizes=\"auto, (max-width: 202px) 100vw, 202px\" \/><\/a> <a href=\"\/davl\/wp-content\/uploads\/sites\/29\/2017\/02\/scan02.jpg\"><img loading=\"lazy\" decoding=\"async\" class=\"alignnone size-medium wp-image-996\" src=\"\/davl\/wp-content\/uploads\/sites\/29\/2017\/02\/scan02-300x208.jpg\" alt=\"scan02\" width=\"300\" height=\"208\" srcset=\"https:\/\/site.ac-martinique.fr\/davl\/wp-content\/uploads\/sites\/29\/2017\/02\/scan02-300x208.jpg 300w, https:\/\/site.ac-martinique.fr\/davl\/wp-content\/uploads\/sites\/29\/2017\/02\/scan02-768x532.jpg 768w, https:\/\/site.ac-martinique.fr\/davl\/wp-content\/uploads\/sites\/29\/2017\/02\/scan02-1024x709.jpg 1024w\" sizes=\"auto, (max-width: 300px) 100vw, 300px\" \/><\/a> <a href=\"\/davl\/wp-content\/uploads\/sites\/29\/2017\/02\/Affiche-Harc\u00e8l-\u00e2me.jpg\"><img loading=\"lazy\" decoding=\"async\" class=\"alignnone size-medium wp-image-995\" src=\"\/davl\/wp-content\/uploads\/sites\/29\/2017\/02\/Affiche-Harc\u00e8l-\u00e2me-300x169.jpg\" alt=\"affiche-harcel-ame\" width=\"300\" height=\"169\" srcset=\"https:\/\/site.ac-martinique.fr\/davl\/wp-content\/uploads\/sites\/29\/2017\/02\/Affiche-Harc\u00e8l-\u00e2me-300x169.jpg 300w, https:\/\/site.ac-martinique.fr\/davl\/wp-content\/uploads\/sites\/29\/2017\/02\/Affiche-Harc\u00e8l-\u00e2me-768x432.jpg 768w, https:\/\/site.ac-martinique.fr\/davl\/wp-content\/uploads\/sites\/29\/2017\/02\/Affiche-Harc\u00e8l-\u00e2me-1024x576.jpg 1024w, https:\/\/site.ac-martinique.fr\/davl\/wp-content\/uploads\/sites\/29\/2017\/02\/Affiche-Harc\u00e8l-\u00e2me.jpg 1032w\" sizes=\"auto, (max-width: 300px) 100vw, 300px\" \/><\/a> <a href=\"\/davl\/wp-content\/uploads\/sites\/29\/2017\/02\/ne-faites-pas-des-r\u00e9seaux-une-prison-concours-harc\u00e8lement-niveau-5\u00e8me.jpg\"><img loading=\"lazy\" decoding=\"async\" class=\"alignnone size-medium wp-image-994\" src=\"\/davl\/wp-content\/uploads\/sites\/29\/2017\/02\/ne-faites-pas-des-r\u00e9seaux-une-prison-concours-harc\u00e8lement-niveau-5\u00e8me-300x212.jpg\" alt=\"ne-faites-pas-des-reseaux-une-prison-concours-harcelement-niveau-5eme\" width=\"300\" height=\"212\" srcset=\"https:\/\/site.ac-martinique.fr\/davl\/wp-content\/uploads\/sites\/29\/2017\/02\/ne-faites-pas-des-r\u00e9seaux-une-prison-concours-harc\u00e8lement-niveau-5\u00e8me-300x212.jpg 300w, https:\/\/site.ac-martinique.fr\/davl\/wp-content\/uploads\/sites\/29\/2017\/02\/ne-faites-pas-des-r\u00e9seaux-une-prison-concours-harc\u00e8lement-niveau-5\u00e8me-768x543.jpg 768w, https:\/\/site.ac-martinique.fr\/davl\/wp-content\/uploads\/sites\/29\/2017\/02\/ne-faites-pas-des-r\u00e9seaux-une-prison-concours-harc\u00e8lement-niveau-5\u00e8me-1024x724.jpg 1024w\" sizes=\"auto, (max-width: 300px) 100vw, 300px\" \/><\/a><\/p>\n<p>Clg V PLACOLY\u00a0\u00a0\u00a0\u00a0\u00a0\u00a0\u00a0\u00a0\u00a0\u00a0\u00a0\u00a0\u00a0\u00a0\u00a0\u00a0\u00a0\u00a0\u00a0\u00a0\u00a0 \u00a0 \u00a0 \u00a0 \u00a0 \u00a0 \u00a0 \u00a0 \u00a0 \u00a0\u00a0 \u00a0 Clg V PLACOLY\u00a0\u00a0\u00a0\u00a0\u00a0\u00a0\u00a0\u00a0\u00a0\u00a0\u00a0\u00a0\u00a0\u00a0\u00a0\u00a0\u00a0\u00a0\u00a0\u00a0\u00a0\u00a0\u00a0\u00a0\u00a0\u00a0\u00a0\u00a0\u00a0\u00a0\u00a0\u00a0\u00a0\u00a0\u00a0\u00a0\u00a0\u00a0\u00a0\u00a0 \u00a0 \u00a0 \u00a0\u00a0\u00a0\u00a0\u00a0 Clg TRIANON\u00a0\u00a0\u00a0\u00a0\u00a0\u00a0\u00a0\u00a0\u00a0\u00a0\u00a0\u00a0\u00a0\u00a0\u00a0\u00a0\u00a0\u00a0\u00a0\u00a0\u00a0\u00a0\u00a0\u00a0\u00a0\u00a0\u00a0\u00a0\u00a0\u00a0\u00a0\u00a0\u00a0\u00a0\u00a0 \u00a0 \u00a0 \u00a0 \u00a0\u00a0\u00a0\u00a0\u00a0\u00a0 Clg AIME CESAIRE Basse Pointe<\/p>\n<p><strong>Cat\u00e9gorie affiche 13-15 ans<\/strong><\/p>\n<p><a href=\"\/davl\/wp-content\/uploads\/sites\/29\/2017\/02\/stopharc\u00e8lement.jpg\"><img loading=\"lazy\" decoding=\"async\" class=\"alignnone size-medium wp-image-998\" src=\"\/davl\/wp-content\/uploads\/sites\/29\/2017\/02\/stopharc\u00e8lement-212x300.jpg\" alt=\"stopharcelement\" width=\"212\" height=\"300\" srcset=\"https:\/\/site.ac-martinique.fr\/davl\/wp-content\/uploads\/sites\/29\/2017\/02\/stopharc\u00e8lement-212x300.jpg 212w, https:\/\/site.ac-martinique.fr\/davl\/wp-content\/uploads\/sites\/29\/2017\/02\/stopharc\u00e8lement-768x1087.jpg 768w, https:\/\/site.ac-martinique.fr\/davl\/wp-content\/uploads\/sites\/29\/2017\/02\/stopharc\u00e8lement-724x1024.jpg 724w, https:\/\/site.ac-martinique.fr\/davl\/wp-content\/uploads\/sites\/29\/2017\/02\/stopharc\u00e8lement.jpg 1654w\" sizes=\"auto, (max-width: 212px) 100vw, 212px\" \/><\/a> <a href=\"\/davl\/wp-content\/uploads\/sites\/29\/2017\/02\/TOUT-j\u00e9-pa-j\u00e9-concours-harcelement-niveau-3\u00e8me.jpg\"><img loading=\"lazy\" decoding=\"async\" class=\"alignnone size-medium wp-image-999\" src=\"\/davl\/wp-content\/uploads\/sites\/29\/2017\/02\/TOUT-j\u00e9-pa-j\u00e9-concours-harcelement-niveau-3\u00e8me-300x212.jpg\" alt=\"tout-je-pa-je-concours-harcelement-niveau-3eme\" width=\"300\" height=\"212\" srcset=\"https:\/\/site.ac-martinique.fr\/davl\/wp-content\/uploads\/sites\/29\/2017\/02\/TOUT-j\u00e9-pa-j\u00e9-concours-harcelement-niveau-3\u00e8me-300x212.jpg 300w, https:\/\/site.ac-martinique.fr\/davl\/wp-content\/uploads\/sites\/29\/2017\/02\/TOUT-j\u00e9-pa-j\u00e9-concours-harcelement-niveau-3\u00e8me-768x543.jpg 768w, https:\/\/site.ac-martinique.fr\/davl\/wp-content\/uploads\/sites\/29\/2017\/02\/TOUT-j\u00e9-pa-j\u00e9-concours-harcelement-niveau-3\u00e8me-1024x724.jpg 1024w\" sizes=\"auto, (max-width: 300px) 100vw, 300px\" \/><\/a> <a href=\"\/davl\/wp-content\/uploads\/sites\/29\/2017\/02\/affiche-concours-NAH2017.jpg\"><img loading=\"lazy\" decoding=\"async\" class=\"alignnone size-medium wp-image-1000\" src=\"\/davl\/wp-content\/uploads\/sites\/29\/2017\/02\/affiche-concours-NAH2017-300x212.jpg\" alt=\"affiche-concours-nah2017\" width=\"300\" height=\"212\" srcset=\"https:\/\/site.ac-martinique.fr\/davl\/wp-content\/uploads\/sites\/29\/2017\/02\/affiche-concours-NAH2017-300x212.jpg 300w, https:\/\/site.ac-martinique.fr\/davl\/wp-content\/uploads\/sites\/29\/2017\/02\/affiche-concours-NAH2017-768x543.jpg 768w, https:\/\/site.ac-martinique.fr\/davl\/wp-content\/uploads\/sites\/29\/2017\/02\/affiche-concours-NAH2017-1024x724.jpg 1024w\" sizes=\"auto, (max-width: 300px) 100vw, 300px\" \/><\/a><\/p>\n<p>Clg A de BEAUVILLE\u00a0\u00a0\u00a0\u00a0\u00a0\u00a0\u00a0\u00a0\u00a0\u00a0\u00a0\u00a0\u00a0\u00a0\u00a0\u00a0\u00a0\u00a0\u00a0\u00a0\u00a0\u00a0\u00a0\u00a0 Clg AIME CESAIRE Basse Pointe \u00a0\u00a0\u00a0\u00a0\u00a0\u00a0\u00a0\u00a0\u00a0\u00a0\u00a0\u00a0\u00a0\u00a0\u00a0\u00a0\u00a0\u00a0\u00a0\u00a0\u00a0\u00a0\u00a0\u00a0\u00a0\u00a0\u00a0\u00a0\u00a0\u00a0\u00a0\u00a0 Clg R CASTENDET<\/p>\n<p><a href=\"\/davl\/wp-content\/uploads\/sites\/29\/2017\/02\/AFFICHE-2-Lagrosilli\u00e8re-dit-non-au-harc\u00e8lement.jpg\"><img loading=\"lazy\" decoding=\"async\" class=\"alignnone size-medium wp-image-1001\" src=\"\/davl\/wp-content\/uploads\/sites\/29\/2017\/02\/AFFICHE-2-Lagrosilli\u00e8re-dit-non-au-harc\u00e8lement-212x300.jpg\" alt=\"affiche-2-lagrosilliere-dit-non-au-harcelement\" width=\"212\" height=\"300\" srcset=\"https:\/\/site.ac-martinique.fr\/davl\/wp-content\/uploads\/sites\/29\/2017\/02\/AFFICHE-2-Lagrosilli\u00e8re-dit-non-au-harc\u00e8lement-212x300.jpg 212w, https:\/\/site.ac-martinique.fr\/davl\/wp-content\/uploads\/sites\/29\/2017\/02\/AFFICHE-2-Lagrosilli\u00e8re-dit-non-au-harc\u00e8lement-768x1086.jpg 768w, https:\/\/site.ac-martinique.fr\/davl\/wp-content\/uploads\/sites\/29\/2017\/02\/AFFICHE-2-Lagrosilli\u00e8re-dit-non-au-harc\u00e8lement-724x1024.jpg 724w\" sizes=\"auto, (max-width: 212px) 100vw, 212px\" \/><\/a> <a href=\"\/davl\/wp-content\/uploads\/sites\/29\/2017\/02\/AFFICHE-1-Lagrosilli\u00e8re-dit-non-au-cyber-harcelement.jpg\"><img loading=\"lazy\" decoding=\"async\" class=\"alignnone size-medium wp-image-1002\" src=\"\/davl\/wp-content\/uploads\/sites\/29\/2017\/02\/AFFICHE-1-Lagrosilli\u00e8re-dit-non-au-cyber-harcelement-300x212.jpg\" alt=\"affiche-1-lagrosilliere-dit-non-au-cyber-harcelement\" width=\"300\" height=\"212\" srcset=\"https:\/\/site.ac-martinique.fr\/davl\/wp-content\/uploads\/sites\/29\/2017\/02\/AFFICHE-1-Lagrosilli\u00e8re-dit-non-au-cyber-harcelement-300x212.jpg 300w, https:\/\/site.ac-martinique.fr\/davl\/wp-content\/uploads\/sites\/29\/2017\/02\/AFFICHE-1-Lagrosilli\u00e8re-dit-non-au-cyber-harcelement-768x543.jpg 768w, https:\/\/site.ac-martinique.fr\/davl\/wp-content\/uploads\/sites\/29\/2017\/02\/AFFICHE-1-Lagrosilli\u00e8re-dit-non-au-cyber-harcelement-1024x724.jpg 1024w\" sizes=\"auto, (max-width: 300px) 100vw, 300px\" \/><\/a><\/p>\n<p>Clg LAGROSILLIERE\u00a0\u00a0\u00a0\u00a0\u00a0 \u00a0\u00a0\u00a0\u00a0\u00a0\u00a0\u00a0\u00a0\u00a0\u00a0\u00a0\u00a0\u00a0\u00a0\u00a0\u00a0\u00a0\u00a0\u00a0\u00a0\u00a0 Clg LAGROSILLIERE<\/p>\n<p><strong>Cat\u00e9gorie affiche 15-17 ans<\/strong><\/p>\n<p><a href=\"\/davl\/wp-content\/uploads\/sites\/29\/2017\/02\/Affiche-JOSEPH-PERNOCK-DU-LORRAIN.jpg\"><img loading=\"lazy\" decoding=\"async\" class=\"alignnone size-medium wp-image-1006\" src=\"\/davl\/wp-content\/uploads\/sites\/29\/2017\/02\/Affiche-JOSEPH-PERNOCK-DU-LORRAIN-212x300.jpg\" alt=\"affiche-joseph-pernock-du-lorrain\" width=\"212\" height=\"300\" srcset=\"https:\/\/site.ac-martinique.fr\/davl\/wp-content\/uploads\/sites\/29\/2017\/02\/Affiche-JOSEPH-PERNOCK-DU-LORRAIN-212x300.jpg 212w, https:\/\/site.ac-martinique.fr\/davl\/wp-content\/uploads\/sites\/29\/2017\/02\/Affiche-JOSEPH-PERNOCK-DU-LORRAIN-768x1086.jpg 768w, https:\/\/site.ac-martinique.fr\/davl\/wp-content\/uploads\/sites\/29\/2017\/02\/Affiche-JOSEPH-PERNOCK-DU-LORRAIN-724x1024.jpg 724w\" sizes=\"auto, (max-width: 212px) 100vw, 212px\" \/><\/a><a href=\"\/davl\/wp-content\/uploads\/sites\/29\/2017\/02\/affiche-harc\u00e8lement-Giroux-2017-Gulliver-pdf.pdf\">\u00a0\u00a0\u00a0\u00a0\u00a0\u00a0\u00a0\u00a0\u00a0\u00a0\u00a0\u00a0\u00a0\u00a0\u00a0\u00a0\u00a0\u00a0\u00a0\u00a0\u00a0\u00a0\u00a0\u00a0\u00a0 affiche-harcelement-giroux-2017-gulliver-pdf<\/a><\/p>\n<p>Lpo J PERNOCK\u00a0\u00a0\u00a0\u00a0\u00a0\u00a0\u00a0\u00a0\u00a0\u00a0\u00a0\u00a0\u00a0\u00a0\u00a0\u00a0\u00a0\u00a0\u00a0\u00a0\u00a0\u00a0\u00a0\u00a0\u00a0\u00a0\u00a0\u00a0\u00a0\u00a0\u00a0\u00a0\u00a0\u00a0\u00a0\u00a0\u00a0\u00a0\u00a0\u00a0\u00a0\u00a0\u00a0\u00a0\u00a0\u00a0\u00a0\u00a0 \u00a0 \u00a0 \u00a0 \u00a0 \u00a0\u00a0\u00a0 LGT BELLEVUE<\/p>\n<p><strong>Cat\u00e9gorie Vid\u00e9o 11-13 ans<\/strong><\/p>\n<p>Coll\u00e8ge ASSELIN DE BEAUVILLE &#8211; Ducos<\/p>\n<p>https:\/\/youtu.be\/ANAD3cw9D8Q<\/p>\n<p><strong>Cat\u00e9gorie vid\u00e9o 13-15 ans<\/strong><\/p>\n<p>Coll\u00e8ge Roger CASTENDET &#8211; Fort de France<\/p>\n<p>https:\/\/vimeo.com\/206511398<\/p>\n<p>Coll\u00e8ge LAGROSILLIERE &#8211; Sainte Marie<\/p>\n<p><a href=\"https:\/\/drive.google.com\/open?id=0BzMWWCQtSwrydnExS2lTcVpDa3c\" target=\"_blank\">https:\/\/drive.google.com\/open?id=0BzMWWCQtSwrydnExS2lTcVpDa3c<\/a><\/p>\n<p><span class=\"uc-name-size\"><a href=\"https:\/\/docs.google.com\/open?id=0BzMWWCQtSwrydnExS2lTcVpDa3c\">Non au harc\u00e8lement.mp4<\/a> <\/span><\/p>\n<p>Coll\u00e8ge RAMA-<\/p>\n<p>https:\/\/youtu.be\/DWUhnxTDDvw<\/p>\n","protected":false},"excerpt":{"rendered":"<p>Cat\u00e9gorie affiche 11-13 ans Clg V PLACOLY\u00a0\u00a0\u00a0\u00a0\u00a0\u00a0\u00a0\u00a0\u00a0\u00a0\u00a0\u00a0\u00a0\u00a0\u00a0\u00a0\u00a0\u00a0\u00a0\u00a0\u00a0 \u00a0 \u00a0 \u00a0 \u00a0 \u00a0 \u00a0 \u00a0 \u00a0 \u00a0\u00a0 \u00a0 Clg V PLACOLY\u00a0\u00a0\u00a0\u00a0\u00a0\u00a0\u00a0\u00a0\u00a0\u00a0\u00a0\u00a0\u00a0\u00a0\u00a0\u00a0\u00a0\u00a0\u00a0\u00a0\u00a0\u00a0\u00a0\u00a0\u00a0\u00a0\u00a0\u00a0\u00a0\u00a0\u00a0\u00a0\u00a0\u00a0\u00a0\u00a0\u00a0\u00a0\u00a0\u00a0 \u00a0 \u00a0 \u00a0\u00a0\u00a0\u00a0\u00a0 Clg TRIANON\u00a0\u00a0\u00a0\u00a0\u00a0\u00a0\u00a0\u00a0\u00a0\u00a0\u00a0\u00a0\u00a0\u00a0\u00a0\u00a0\u00a0\u00a0\u00a0\u00a0\u00a0\u00a0\u00a0\u00a0\u00a0\u00a0\u00a0\u00a0\u00a0\u00a0\u00a0\u00a0\u00a0\u00a0\u00a0 \u00a0 \u00a0 \u00a0 \u00a0\u00a0\u00a0\u00a0\u00a0\u00a0 Clg AIME CESAIRE Basse Pointe Cat\u00e9gorie affiche 13-15 ans Clg A de BEAUVILLE\u00a0\u00a0\u00a0\u00a0\u00a0\u00a0\u00a0\u00a0\u00a0\u00a0\u00a0\u00a0\u00a0\u00a0\u00a0\u00a0\u00a0\u00a0\u00a0\u00a0\u00a0\u00a0\u00a0\u00a0 Clg AIME CESAIRE Basse Pointe \u00a0\u00a0\u00a0\u00a0\u00a0\u00a0\u00a0\u00a0\u00a0\u00a0\u00a0\u00a0\u00a0\u00a0\u00a0\u00a0\u00a0\u00a0\u00a0\u00a0\u00a0\u00a0\u00a0\u00a0\u00a0\u00a0\u00a0\u00a0\u00a0\u00a0\u00a0\u00a0 Clg R CASTENDET Clg LAGROSILLIERE\u00a0\u00a0\u00a0\u00a0\u00a0 \u00a0\u00a0\u00a0\u00a0\u00a0\u00a0\u00a0\u00a0\u00a0\u00a0\u00a0\u00a0\u00a0\u00a0\u00a0\u00a0\u00a0\u00a0\u00a0\u00a0\u00a0 Clg LAGROSILLIERE Cat\u00e9gorie affiche 15-17 ans \u00a0\u00a0\u00a0\u00a0\u00a0\u00a0\u00a0\u00a0\u00a0\u00a0\u00a0\u00a0\u00a0\u00a0\u00a0\u00a0\u00a0\u00a0\u00a0\u00a0\u00a0\u00a0\u00a0\u00a0\u00a0 affiche-harcelement-giroux-2017-gulliver-pdf Lpo J PERNOCK\u00a0\u00a0\u00a0\u00a0\u00a0\u00a0\u00a0\u00a0\u00a0\u00a0\u00a0\u00a0\u00a0\u00a0\u00a0\u00a0\u00a0\u00a0\u00a0\u00a0\u00a0\u00a0\u00a0\u00a0\u00a0\u00a0\u00a0\u00a0\u00a0\u00a0\u00a0\u00a0\u00a0\u00a0\u00a0\u00a0\u00a0\u00a0\u00a0\u00a0\u00a0\u00a0\u00a0\u00a0\u00a0\u00a0\u00a0\u00a0 \u00a0 \u00a0 \u00a0 \u00a0 \u00a0\u00a0\u00a0 LGT BELLEVUE Cat\u00e9gorie Vid\u00e9o 11-13 ans Coll\u00e8ge ASSELIN DE BEAUVILLE &#8211; Ducos https:\/\/youtu.be\/ANAD3cw9D8Q Cat\u00e9gorie vid\u00e9o 13-15 ans Coll\u00e8ge Roger CASTENDET &#8211; Fort de France https:\/\/vimeo.com\/206511398 Coll\u00e8ge LAGROSILLIERE &#8211; Sainte Marie https:\/\/drive.google.com\/open?id=0BzMWWCQtSwrydnExS2lTcVpDa3c Non au harc\u00e8lement.mp4 Coll\u00e8ge RAMA- https:\/\/youtu.be\/DWUhnxTDDvw<\/p>\n","protected":false},"author":88,"featured_media":1000,"comment_status":"closed","ping_status":"open","sticky":false,"template":"","format":"standard","meta":{"footnotes":""},"categories":[1],"tags":[45,54,52],"class_list":["post-993","post","type-post","status-publish","format-standard","has-post-thumbnail","hentry","category-ressources-ressources","tag-cvc","tag-nah","tag-video"],"_links":{"self":[{"href":"https:\/\/site.ac-martinique.fr\/davl\/index.php?rest_route=\/wp\/v2\/posts\/993","targetHints":{"allow":["GET"]}}],"collection":[{"href":"https:\/\/site.ac-martinique.fr\/davl\/index.php?rest_route=\/wp\/v2\/posts"}],"about":[{"href":"https:\/\/site.ac-martinique.fr\/davl\/index.php?rest_route=\/wp\/v2\/types\/post"}],"author":[{"embeddable":true,"href":"https:\/\/site.ac-martinique.fr\/davl\/index.php?rest_route=\/wp\/v2\/users\/88"}],"replies":[{"embeddable":true,"href":"https:\/\/site.ac-martinique.fr\/davl\/index.php?rest_route=%2Fwp%2Fv2%2Fcomments&post=993"}],"version-history":[{"count":16,"href":"https:\/\/site.ac-martinique.fr\/davl\/index.php?rest_route=\/wp\/v2\/posts\/993\/revisions"}],"predecessor-version":[{"id":1043,"href":"https:\/\/site.ac-martinique.fr\/davl\/index.php?rest_route=\/wp\/v2\/posts\/993\/revisions\/1043"}],"wp:featuredmedia":[{"embeddable":true,"href":"https:\/\/site.ac-martinique.fr\/davl\/index.php?rest_route=\/wp\/v2\/media\/1000"}],"wp:attachment":[{"href":"https:\/\/site.ac-martinique.fr\/davl\/index.php?rest_route=%2Fwp%2Fv2%2Fmedia&parent=993"}],"wp:term":[{"taxonomy":"category","embeddable":true,"href":"https:\/\/site.ac-martinique.fr\/davl\/index.php?rest_route=%2Fwp%2Fv2%2Fcategories&post=993"},{"taxonomy":"post_tag","embeddable":true,"href":"https:\/\/site.ac-martinique.fr\/davl\/index.php?rest_route=%2Fwp%2Fv2%2Ftags&post=993"}],"curies":[{"name":"wp","href":"https:\/\/api.w.org\/{rel}","templated":true}]}}