{"id":3230,"date":"2021-03-16T21:07:45","date_gmt":"2021-03-17T01:07:45","guid":{"rendered":"\/documentation\/?p=3230"},"modified":"2021-06-24T19:43:22","modified_gmt":"2021-06-24T23:43:22","slug":"des-prets-sous-le-carbet","status":"publish","type":"post","link":"https:\/\/site.ac-martinique.fr\/documentation\/?p=3230","title":{"rendered":"Des pr\u00eats sous le carbet"},"content":{"rendered":"<p>Lancement de l&rsquo;op\u00e9ration \u00ab\u00a0Des pr\u00eats sous le carbet\u00a0\u00bb le vendredi 05\/03\/2021 au lyc\u00e9e Montg\u00e9rald.<br \/>Chaque vendredi \u00e0 la r\u00e9cr\u00e9ation du matin, les livres du CDI sortiront \u00e0 la rencontre des \u00e9l\u00e8ves. Sous le carbet, lieu de passage central de l&rsquo;\u00e9tablissement, les \u00e9l\u00e8ves peuvent feuilleter et emprunter des ouvrages.<\/p>\n<p>#partezenweekendavecunlivre<br \/>#cestfoutoutcequ&rsquo;onpeutfaireauCDI<\/p>\n<p>\u00a0<\/p>\n\n\n<figure class=\"wp-block-image is-style-tw-shadow\"><img decoding=\"async\" src=\"https:\/\/site.ac-martinique.fr\/documentation\/wp-content\/uploads\/sites\/10\/2021\/03\/1ere-%C3%A9dition-169x300.jpg\" alt=\"\" class=\"wp-image-3231\" \/><figcaption>Lyc\u00e9e Montg\u00e9rald -Mars 2021<\/figcaption><\/figure>\n","protected":false},"excerpt":{"rendered":"<p>Lancement de l&rsquo;op\u00e9ration \u00ab\u00a0Des pr\u00eats sous le carbet\u00a0\u00bb le vendredi 05\/03\/2021 au lyc\u00e9e Montg\u00e9rald.Chaque vendredi \u00e0 la r\u00e9cr\u00e9ation du matin, les livres du CDI sortiront \u00e0 la rencontre des \u00e9l\u00e8ves. Sous le carbet, lieu de passage central de l&rsquo;\u00e9tablissement, les &hellip; <a href=\"https:\/\/site.ac-martinique.fr\/documentation\/?p=3230\">Continuer la lecture <span class=\"meta-nav\">&rarr;<\/span><\/a><\/p>\n","protected":false},"author":63,"featured_media":0,"comment_status":"closed","ping_status":"closed","sticky":false,"template":"","format":"standard","meta":{"footnotes":""},"categories":[40,53],"tags":[48],"class_list":["post-3230","post","type-post","status-publish","format-standard","hentry","category-actualites-de-la-documentation","category-en-direct-des-cdi","tag-action-lecture"],"_links":{"self":[{"href":"https:\/\/site.ac-martinique.fr\/documentation\/index.php?rest_route=\/wp\/v2\/posts\/3230","targetHints":{"allow":["GET"]}}],"collection":[{"href":"https:\/\/site.ac-martinique.fr\/documentation\/index.php?rest_route=\/wp\/v2\/posts"}],"about":[{"href":"https:\/\/site.ac-martinique.fr\/documentation\/index.php?rest_route=\/wp\/v2\/types\/post"}],"author":[{"embeddable":true,"href":"https:\/\/site.ac-martinique.fr\/documentation\/index.php?rest_route=\/wp\/v2\/users\/63"}],"replies":[{"embeddable":true,"href":"https:\/\/site.ac-martinique.fr\/documentation\/index.php?rest_route=%2Fwp%2Fv2%2Fcomments&post=3230"}],"version-history":[{"count":5,"href":"https:\/\/site.ac-martinique.fr\/documentation\/index.php?rest_route=\/wp\/v2\/posts\/3230\/revisions"}],"predecessor-version":[{"id":3354,"href":"https:\/\/site.ac-martinique.fr\/documentation\/index.php?rest_route=\/wp\/v2\/posts\/3230\/revisions\/3354"}],"wp:attachment":[{"href":"https:\/\/site.ac-martinique.fr\/documentation\/index.php?rest_route=%2Fwp%2Fv2%2Fmedia&parent=3230"}],"wp:term":[{"taxonomy":"category","embeddable":true,"href":"https:\/\/site.ac-martinique.fr\/documentation\/index.php?rest_route=%2Fwp%2Fv2%2Fcategories&post=3230"},{"taxonomy":"post_tag","embeddable":true,"href":"https:\/\/site.ac-martinique.fr\/documentation\/index.php?rest_route=%2Fwp%2Fv2%2Ftags&post=3230"}],"curies":[{"name":"wp","href":"https:\/\/api.w.org\/{rel}","templated":true}]}}