{"id":3703,"date":"2022-05-02T10:24:39","date_gmt":"2022-05-02T14:24:39","guid":{"rendered":"https:\/\/site.ac-martinique.fr\/documentation\/?p=3703"},"modified":"2022-05-02T10:24:39","modified_gmt":"2022-05-02T14:24:39","slug":"semaine-de-commemoration-au-lpo-j-zobel","status":"publish","type":"post","link":"https:\/\/site.ac-martinique.fr\/documentation\/?p=3703","title":{"rendered":"SEMAINE DE COMMEMORATION AU LPO J-ZOBEL"},"content":{"rendered":"\n<div class=\"wp-block-image is-style-tw-shadow\"><figure class=\"aligncenter size-full\"><a href=\"https:\/\/site.ac-martinique.fr\/documentation\/wp-content\/uploads\/sites\/10\/2022\/05\/image.png\"><img loading=\"lazy\" decoding=\"async\" width=\"350\" height=\"244\" src=\"https:\/\/site.ac-martinique.fr\/documentation\/wp-content\/uploads\/sites\/10\/2022\/05\/image.png\" alt=\"\" class=\"wp-image-3704\" srcset=\"https:\/\/site.ac-martinique.fr\/documentation\/wp-content\/uploads\/sites\/10\/2022\/05\/image.png 350w, https:\/\/site.ac-martinique.fr\/documentation\/wp-content\/uploads\/sites\/10\/2022\/05\/image-300x209.png 300w\" sizes=\"auto, (max-width: 350px) 100vw, 350px\" \/><\/a><\/figure><\/div>\n\n\n\n<p>\u00a0Dans le cadre de sa 16e \u00e9dition \u00ab\u00a0Culture &amp; Patrimoine\u00a0\u00bb, le lyc\u00e9e Joseph Zobel a organis\u00e9, pour ses 30 ann\u00e9es d\u2019existence, une journ\u00e9e particuli\u00e8re, celle du 26 avril, en hommage \u00e0 Monsieur Joseph Zobel dont c\u2019\u00e9tait le 107e anniversaire ce mardi \u2026<\/p>\n\n\n\n<p>\u00a0Des textes lus par les \u00e9l\u00e8ves, une conf\u00e9rence anim\u00e9e par l\u2019un de ses proches, deux expositions, \u00ab\u00a0Confidences\u00a0\u00bb &amp; \u00ab\u00a0Les talents du lyc\u00e9e s\u2019exposent\u00a0\u00bb, un concours d\u2019arts graphiques ainsi qu\u2019une soir\u00e9e-contes, ont \u00e9t\u00e9 autant de pr\u00e9textes \u00e0 une connaissance plus intimiste de cet illustre sal\u00e9en aux multiples talents \u2026<\/p>\n\n\n\n<figure class=\"wp-block-image size-large is-style-tw-shadow\"><a href=\"https:\/\/site.ac-martinique.fr\/documentation\/wp-content\/uploads\/sites\/10\/2022\/05\/WhatsApp-Image-2022-05-02-at-10.20.16.jpeg\"><img loading=\"lazy\" decoding=\"async\" width=\"765\" height=\"1024\" src=\"https:\/\/site.ac-martinique.fr\/documentation\/wp-content\/uploads\/sites\/10\/2022\/05\/WhatsApp-Image-2022-05-02-at-10.20.16-765x1024.jpeg\" alt=\"\" class=\"wp-image-3706\" srcset=\"https:\/\/site.ac-martinique.fr\/documentation\/wp-content\/uploads\/sites\/10\/2022\/05\/WhatsApp-Image-2022-05-02-at-10.20.16-765x1024.jpeg 765w, https:\/\/site.ac-martinique.fr\/documentation\/wp-content\/uploads\/sites\/10\/2022\/05\/WhatsApp-Image-2022-05-02-at-10.20.16-224x300.jpeg 224w, https:\/\/site.ac-martinique.fr\/documentation\/wp-content\/uploads\/sites\/10\/2022\/05\/WhatsApp-Image-2022-05-02-at-10.20.16-768x1028.jpeg 768w, https:\/\/site.ac-martinique.fr\/documentation\/wp-content\/uploads\/sites\/10\/2022\/05\/WhatsApp-Image-2022-05-02-at-10.20.16.jpeg 1023w\" sizes=\"auto, (max-width: 765px) 100vw, 765px\" \/><\/a><\/figure>\n\n\n\n<figure class=\"wp-block-image size-large is-style-tw-rounded-corners\"><a href=\"https:\/\/site.ac-martinique.fr\/documentation\/wp-content\/uploads\/sites\/10\/2022\/05\/WhatsApp-Image-2022-05-02-at-10.20.16-1-1.jpeg\"><img loading=\"lazy\" decoding=\"async\" width=\"759\" height=\"1024\" src=\"https:\/\/site.ac-martinique.fr\/documentation\/wp-content\/uploads\/sites\/10\/2022\/05\/WhatsApp-Image-2022-05-02-at-10.20.16-1-1-759x1024.jpeg\" alt=\"\" class=\"wp-image-3707\" srcset=\"https:\/\/site.ac-martinique.fr\/documentation\/wp-content\/uploads\/sites\/10\/2022\/05\/WhatsApp-Image-2022-05-02-at-10.20.16-1-1-759x1024.jpeg 759w, https:\/\/site.ac-martinique.fr\/documentation\/wp-content\/uploads\/sites\/10\/2022\/05\/WhatsApp-Image-2022-05-02-at-10.20.16-1-1-222x300.jpeg 222w, https:\/\/site.ac-martinique.fr\/documentation\/wp-content\/uploads\/sites\/10\/2022\/05\/WhatsApp-Image-2022-05-02-at-10.20.16-1-1-768x1036.jpeg 768w, https:\/\/site.ac-martinique.fr\/documentation\/wp-content\/uploads\/sites\/10\/2022\/05\/WhatsApp-Image-2022-05-02-at-10.20.16-1-1.jpeg 1030w\" sizes=\"auto, (max-width: 759px) 100vw, 759px\" \/><\/a><\/figure>\n","protected":false},"excerpt":{"rendered":"<p>\u00a0Dans le cadre de sa 16e \u00e9dition \u00ab\u00a0Culture &amp; Patrimoine\u00a0\u00bb, le lyc\u00e9e Joseph Zobel a organis\u00e9, pour ses 30 ann\u00e9es d\u2019existence, une journ\u00e9e particuli\u00e8re, celle du 26 avril, en hommage \u00e0 Monsieur Joseph Zobel dont c\u2019\u00e9tait le 107e anniversaire ce &hellip; <a href=\"https:\/\/site.ac-martinique.fr\/documentation\/?p=3703\">Continuer la lecture <span class=\"meta-nav\">&rarr;<\/span><\/a><\/p>\n","protected":false},"author":63,"featured_media":0,"comment_status":"closed","ping_status":"","sticky":false,"template":"","format":"standard","meta":{"footnotes":""},"categories":[40],"tags":[29,43],"class_list":["post-3703","post","type-post","status-publish","format-standard","hentry","category-actualites-de-la-documentation","tag-actualite-litteraire","tag-culture"],"_links":{"self":[{"href":"https:\/\/site.ac-martinique.fr\/documentation\/index.php?rest_route=\/wp\/v2\/posts\/3703","targetHints":{"allow":["GET"]}}],"collection":[{"href":"https:\/\/site.ac-martinique.fr\/documentation\/index.php?rest_route=\/wp\/v2\/posts"}],"about":[{"href":"https:\/\/site.ac-martinique.fr\/documentation\/index.php?rest_route=\/wp\/v2\/types\/post"}],"author":[{"embeddable":true,"href":"https:\/\/site.ac-martinique.fr\/documentation\/index.php?rest_route=\/wp\/v2\/users\/63"}],"replies":[{"embeddable":true,"href":"https:\/\/site.ac-martinique.fr\/documentation\/index.php?rest_route=%2Fwp%2Fv2%2Fcomments&post=3703"}],"version-history":[{"count":1,"href":"https:\/\/site.ac-martinique.fr\/documentation\/index.php?rest_route=\/wp\/v2\/posts\/3703\/revisions"}],"predecessor-version":[{"id":3708,"href":"https:\/\/site.ac-martinique.fr\/documentation\/index.php?rest_route=\/wp\/v2\/posts\/3703\/revisions\/3708"}],"wp:attachment":[{"href":"https:\/\/site.ac-martinique.fr\/documentation\/index.php?rest_route=%2Fwp%2Fv2%2Fmedia&parent=3703"}],"wp:term":[{"taxonomy":"category","embeddable":true,"href":"https:\/\/site.ac-martinique.fr\/documentation\/index.php?rest_route=%2Fwp%2Fv2%2Fcategories&post=3703"},{"taxonomy":"post_tag","embeddable":true,"href":"https:\/\/site.ac-martinique.fr\/documentation\/index.php?rest_route=%2Fwp%2Fv2%2Ftags&post=3703"}],"curies":[{"name":"wp","href":"https:\/\/api.w.org\/{rel}","templated":true}]}}