{"id":3712,"date":"2022-05-05T11:32:03","date_gmt":"2022-05-05T15:32:03","guid":{"rendered":"https:\/\/site.ac-martinique.fr\/documentation\/?p=3712"},"modified":"2022-05-05T14:06:11","modified_gmt":"2022-05-05T18:06:11","slug":"esprit-critique-et-complotisme-2","status":"publish","type":"post","link":"https:\/\/site.ac-martinique.fr\/documentation\/?p=3712","title":{"rendered":"Esprit critique et complotisme"},"content":{"rendered":"\n<p>Vous pouvez encore vous inscrire au s\u00e9minaire sur les th\u00e9ories du complot \u00e0 l&rsquo;initiative de l&rsquo;\u00e9quipe disciplinaire d&rsquo;histoire et g\u00e9ographie.<\/p>\n\n\n\n<figure class=\"wp-block-image size-full is-style-tw-rounded-corners\"><a href=\"https:\/\/site.ac-martinique.fr\/documentation\/wp-content\/uploads\/sites\/10\/2022\/05\/WhatsApp-Image-2022-05-05-at-10.44.58.jpeg\"><img loading=\"lazy\" decoding=\"async\" width=\"723\" height=\"1024\" src=\"https:\/\/site.ac-martinique.fr\/documentation\/wp-content\/uploads\/sites\/10\/2022\/05\/WhatsApp-Image-2022-05-05-at-10.44.58.jpeg\" alt=\"\" class=\"wp-image-3713\" srcset=\"https:\/\/site.ac-martinique.fr\/documentation\/wp-content\/uploads\/sites\/10\/2022\/05\/WhatsApp-Image-2022-05-05-at-10.44.58.jpeg 723w, https:\/\/site.ac-martinique.fr\/documentation\/wp-content\/uploads\/sites\/10\/2022\/05\/WhatsApp-Image-2022-05-05-at-10.44.58-212x300.jpeg 212w\" sizes=\"auto, (max-width: 723px) 100vw, 723px\" \/><\/a><\/figure>\n\n\n\n<p>Le programme complet est disponible , nous vous invitons \u00e0 le consulter <\/p>\n\n\n\n<p><a href=\"https:\/\/view.genial.ly\/626bcffec3f6920011f76c5d\/interactive-content-programme\" target=\"_blank\" rel=\"noreferrer noopener\">https:\/\/view.genial.ly\/626bcffec3f6920011f76c5d\/interactive-content-programme<\/a><\/p>\n","protected":false},"excerpt":{"rendered":"<p>Vous pouvez encore vous inscrire au s\u00e9minaire sur les th\u00e9ories du complot \u00e0 l&rsquo;initiative de l&rsquo;\u00e9quipe disciplinaire d&rsquo;histoire et g\u00e9ographie. Le programme complet est disponible , nous vous invitons \u00e0 le consulter https:\/\/view.genial.ly\/626bcffec3f6920011f76c5d\/interactive-content-programme<\/p>\n","protected":false},"author":63,"featured_media":0,"comment_status":"closed","ping_status":"","sticky":false,"template":"","format":"standard","meta":{"footnotes":""},"categories":[40],"tags":[54,35],"class_list":["post-3712","post","type-post","status-publish","format-standard","hentry","category-actualites-de-la-documentation","tag-emi","tag-formation"],"_links":{"self":[{"href":"https:\/\/site.ac-martinique.fr\/documentation\/index.php?rest_route=\/wp\/v2\/posts\/3712","targetHints":{"allow":["GET"]}}],"collection":[{"href":"https:\/\/site.ac-martinique.fr\/documentation\/index.php?rest_route=\/wp\/v2\/posts"}],"about":[{"href":"https:\/\/site.ac-martinique.fr\/documentation\/index.php?rest_route=\/wp\/v2\/types\/post"}],"author":[{"embeddable":true,"href":"https:\/\/site.ac-martinique.fr\/documentation\/index.php?rest_route=\/wp\/v2\/users\/63"}],"replies":[{"embeddable":true,"href":"https:\/\/site.ac-martinique.fr\/documentation\/index.php?rest_route=%2Fwp%2Fv2%2Fcomments&post=3712"}],"version-history":[{"count":3,"href":"https:\/\/site.ac-martinique.fr\/documentation\/index.php?rest_route=\/wp\/v2\/posts\/3712\/revisions"}],"predecessor-version":[{"id":3718,"href":"https:\/\/site.ac-martinique.fr\/documentation\/index.php?rest_route=\/wp\/v2\/posts\/3712\/revisions\/3718"}],"wp:attachment":[{"href":"https:\/\/site.ac-martinique.fr\/documentation\/index.php?rest_route=%2Fwp%2Fv2%2Fmedia&parent=3712"}],"wp:term":[{"taxonomy":"category","embeddable":true,"href":"https:\/\/site.ac-martinique.fr\/documentation\/index.php?rest_route=%2Fwp%2Fv2%2Fcategories&post=3712"},{"taxonomy":"post_tag","embeddable":true,"href":"https:\/\/site.ac-martinique.fr\/documentation\/index.php?rest_route=%2Fwp%2Fv2%2Ftags&post=3712"}],"curies":[{"name":"wp","href":"https:\/\/api.w.org\/{rel}","templated":true}]}}