{"id":3892,"date":"2023-01-18T11:15:17","date_gmt":"2023-01-18T15:15:17","guid":{"rendered":"https:\/\/site.ac-martinique.fr\/documentation\/?p=3892"},"modified":"2023-01-18T11:21:46","modified_gmt":"2023-01-18T15:21:46","slug":"3892","status":"publish","type":"post","link":"https:\/\/site.ac-martinique.fr\/documentation\/?p=3892","title":{"rendered":"SEMAINE DE LA PRESSE 2023"},"content":{"rendered":"\n<figure class=\"wp-block-image size-large\"><a href=\"https:\/\/site.ac-martinique.fr\/documentation\/wp-content\/uploads\/sites\/10\/2023\/01\/unnamed.jpg\"><img loading=\"lazy\" decoding=\"async\" width=\"1024\" height=\"118\" src=\"https:\/\/site.ac-martinique.fr\/documentation\/wp-content\/uploads\/sites\/10\/2023\/01\/unnamed-1024x118.jpg\" alt=\"\" class=\"wp-image-3893\" srcset=\"https:\/\/site.ac-martinique.fr\/documentation\/wp-content\/uploads\/sites\/10\/2023\/01\/unnamed-1024x118.jpg 1024w, https:\/\/site.ac-martinique.fr\/documentation\/wp-content\/uploads\/sites\/10\/2023\/01\/unnamed-300x35.jpg 300w, https:\/\/site.ac-martinique.fr\/documentation\/wp-content\/uploads\/sites\/10\/2023\/01\/unnamed-768x89.jpg 768w, https:\/\/site.ac-martinique.fr\/documentation\/wp-content\/uploads\/sites\/10\/2023\/01\/unnamed-500x58.jpg 500w, https:\/\/site.ac-martinique.fr\/documentation\/wp-content\/uploads\/sites\/10\/2023\/01\/unnamed.jpg 1289w\" sizes=\"auto, (max-width: 1024px) 100vw, 1024px\" \/><\/a><\/figure>\n\n\n\n<p>D\u00e9butez l&rsquo;ann\u00e9e 2023 sous le signe de l&rsquo;\u00e9ducation aux m\u00e9dias et \u00e0 l&rsquo;information et participez avec vos \u00e9l\u00e8ves \u00e0 la&nbsp;<strong>34e \u00e9dition de la Semaine de la presse et des m\u00e9dias dans l&rsquo;\u00c9cole\u00ae<\/strong>&nbsp;(27 mars-1er avril 2023).<\/p>\n\n\n\n<p>Cette action \u00e9ducative phare permet aux \u00e9l\u00e8ves, de la maternelle au lyc\u00e9e, de mieux conna\u00eetre l\u2019univers des m\u00e9dias, de la presse et du num\u00e9rique, d\u2019en comprendre les enjeux culturels et d\u00e9mocratiques et de se forger une citoyennet\u00e9 libre et \u00e9clair\u00e9e. Les activit\u00e9s autour de l\u2019op\u00e9ration peuvent \u00eatre men\u00e9es durant les mois de mars et avril 2023.<\/p>\n\n\n\n<p>Pour sa 34e \u00e9dition, la Semaine de la presse et des m\u00e9dias dans l\u2019\u00c9cole invite tous les enseignants et les \u00e9l\u00e8ves \u00e0 s\u2019emparer d\u2019une nouvelle th\u00e9matique&nbsp;<strong>\u00ab L\u2019info sur tous les fronts \u00bb.<\/strong>&nbsp;Le th\u00e8me sonne comme une \u00e9vidence dans un monde qui n\u2019a jamais \u00e9t\u00e9 aussi connect\u00e9. Une 34e \u00e9dition qui co\u00efncide avec le 40e anniversaire du CLEMI. Quarante ann\u00e9es d\u2019une mobilisation de tous les acteurs de l\u2019enseignement et des m\u00e9dias pour former des citoyens libres et \u00e9clair\u00e9s. Jamais cette mission d\u2019utilit\u00e9 publique n\u2019a paru aussi fondamentale.<\/p>\n\n\n\n<p>Comprendre comment se fabrique l\u2019information dans le contexte g\u00e9opolitique actuel s\u2019av\u00e8re en effet crucial pour que les \u00e9l\u00e8ves soient capables d\u2019exercer leur esprit critique dans les flux informationnels auxquels ils sont soumis. Tel est un des enjeux majeurs de l&rsquo;EMI : accompagner les \u00e9l\u00e8ves dans leur devenir de citoyen \u00e9clair\u00e9. Ce th\u00e8me permet d\u2019aborder les particularit\u00e9s du journalisme de guerre aujourd\u2019hui. Il s\u2019agit aussi de proposer des pistes pour affronter la d\u00e9sinformation et pour mesurer la bataille \u00e0 laquelle se livrent les plateformes pour capter notre attention. Ce th\u00e8me est \u00e9galement l\u2019occasion d&rsquo;aborder les difficult\u00e9s que peuvent rencontrer les journalistes dans un contexte de concentration des m\u00e9dias d\u2019information.<\/p>\n\n\n\n<p>En articulation avec le th\u00e8me \u00ab L\u2019info sur tous les fronts \u00bb, trois axes seront particuli\u00e8rement d\u00e9velopp\u00e9s et valoris\u00e9s \u00e0 l\u2019occasion de cette 34e \u00e9dition :<\/p>\n\n\n\n<p>\u2022&nbsp;&nbsp;&nbsp;&nbsp;&nbsp;&nbsp;&nbsp;&nbsp;&nbsp; Renforcement de l\u2019\u00c9ducation aux m\u00e9dias et \u00e0 l\u2019information dans le 1er degr\u00e9 et le coll\u00e8ge<br>\u2022&nbsp;&nbsp;&nbsp;&nbsp;&nbsp;&nbsp;&nbsp;&nbsp;&nbsp; Engagement citoyen sous toutes ses formes via les m\u00e9dias scolaires \/ Webradio<br>\u2022&nbsp;&nbsp;&nbsp;&nbsp;&nbsp;&nbsp;&nbsp;&nbsp;&nbsp; l\u2019EMI l\u2019affaire de tous, tous concern\u00e9s<\/p>\n\n\n\n<p><strong>Le dossier p\u00e9dagogique<\/strong>&nbsp;vous propose d\u00e9j\u00e0 de nombreuses pistes d\u2019exploitation&nbsp;:&nbsp;<a href=\"https:\/\/www.clemi.fr\/fr\/ressources\/dossier-pedagogique-de-la-semaine-de-la-presse-et-des-medias-dans-lecole.html\" target=\"_blank\" rel=\"noreferrer noopener\">https:\/\/www.clemi.fr\/fr\/ressources\/dossier-pedagogique-de-la-semaine-de-la-presse-et-des-medias-dans-lecole.html<\/a><\/p>\n\n\n\n<p><strong><u>En inscrivant votre \u00e9tablissement, vous b\u00e9n\u00e9ficierez&nbsp;:<\/u><\/strong><strong><br><\/strong>&#8211; Des acc\u00e8s gratuits \u00e0 l\u2019espace \u00ab Abonn\u00e9 \u00bb des m\u00e9dias en ligne ainsi qu\u2019\u00e0 des ressources num\u00e9riques in\u00e9dites con\u00e7ues par le CLEMI et ses partenaires. Des ressources sp\u00e9cifiques pour l\u2019\u00e9cole primaire seront propos\u00e9es \u00e0 cette occasion en partenariat avec les \u00e9diteurs de la presse jeunesse. Des centaines d\u2019offres num\u00e9riques seront mises \u00e0 disposition, pour une dur\u00e9e de validit\u00e9 allant de 15 jours \u00e0 6 mois pour certaines d\u2019entre elles.<br>&#8211; Des ateliers en format hybride (en pr\u00e9sentiel et\/ou en visioconf\u00e9rence) avec des professionnels des m\u00e9dias et de l&rsquo;information autour de l&rsquo;\u00e9ducation aux m\u00e9dias et \u00e0 l&rsquo;information.<br>&#8211; D\u2019un colis presse comportant une s\u00e9lection de titres de presse, notamment de la presse jeunesse.<\/p>\n\n\n\n<p><strong>En Martinique, les inscriptions \u00e0 la 34e Semaine de la presse et des m\u00e9dias dans l&rsquo;\u00c9cole ont lieu du lundi 9 janvier 2023 au vendredi 10 f\u00e9vrier 2023.<br>Toutes les informations et le lien vers le formulaire d\u2019inscription sont regroup\u00e9s sur la page suivante&nbsp;:&nbsp;<a href=\"https:\/\/canope-martinique.esidoc.fr\/site\/clemi-martinique\" target=\"_blank\" rel=\"noreferrer noopener\">https:\/\/canope-martinique.esidoc.fr\/site\/clemi-martinique<\/a><\/strong><strong><\/strong><\/p>\n\n\n\n<p>En parall\u00e8le \u00e0 la semaine de la Presse, il est \u00e9galement possible de s\u2019inscrire au&nbsp;<a href=\"https:\/\/clemi.limequery.org\/622018\" target=\"_blank\" rel=\"noreferrer noopener\">Prix M\u00e9diatiks<\/a>&nbsp;et au&nbsp;<a href=\"http:\/\/clemi.ac-creteil.fr\/spip.php?article969\" target=\"_blank\" rel=\"noreferrer noopener\">Concours de Unes<\/a>.<\/p>\n\n\n\n<p>L&rsquo;\u00e9quipe du CLEMI 972 se tent \u00e0 votre disposition pour toute demande d\u2019information compl\u00e9mentaire.<\/p>\n\n\n\n<p><\/p>\n\n\n\n<p><strong>CLAIRE JUSTON<\/strong><\/p>\n\n\n\n<p>M\u00e9diatrice ressources et services \u00e0 l\u2019atelier Canop\u00e9 972, r\u00e9f\u00e9rente CLEMI.<\/p>\n\n\n\n<p><strong>NATHALIE METHELIE<\/strong><\/p>\n\n\n\n<p>Directrice de l\u2019atelier Canop\u00e9 972, coordonnatrice CLEMI.<\/p>\n\n\n\n<p>Atelier Canop\u00e9 972 \u2013 Fort-de-France<\/p>\n\n\n\n<p>B\u00e2timent 1 de l\u2019INSP\u00c9<\/p>\n\n\n\n<p>CS 40529 \u2013 97206 Fort-de-France Cedex<\/p>\n\n\n\n<p>Tel. : 05 96 61 70 37<\/p>\n\n\n\n<p><a href=\"https:\/\/www.reseau-canope.fr\/\" target=\"_blank\" rel=\"noreferrer noopener\"><strong>www.reseau-canope.fr<\/strong><\/a><\/p>\n","protected":false},"excerpt":{"rendered":"<p>D\u00e9butez l&rsquo;ann\u00e9e 2023 sous le signe de l&rsquo;\u00e9ducation aux m\u00e9dias et \u00e0 l&rsquo;information et participez avec vos \u00e9l\u00e8ves \u00e0 la&nbsp;34e \u00e9dition de la Semaine de la presse et des m\u00e9dias dans l&rsquo;\u00c9cole\u00ae&nbsp;(27 mars-1er avril 2023). Cette action \u00e9ducative phare permet &hellip; <a href=\"https:\/\/site.ac-martinique.fr\/documentation\/?p=3892\">Continuer la lecture <span class=\"meta-nav\">&rarr;<\/span><\/a><\/p>\n","protected":false},"author":63,"featured_media":0,"comment_status":"closed","ping_status":"closed","sticky":false,"template":"","format":"standard","meta":{"footnotes":""},"categories":[40],"tags":[54],"class_list":["post-3892","post","type-post","status-publish","format-standard","hentry","category-actualites-de-la-documentation","tag-emi"],"_links":{"self":[{"href":"https:\/\/site.ac-martinique.fr\/documentation\/index.php?rest_route=\/wp\/v2\/posts\/3892","targetHints":{"allow":["GET"]}}],"collection":[{"href":"https:\/\/site.ac-martinique.fr\/documentation\/index.php?rest_route=\/wp\/v2\/posts"}],"about":[{"href":"https:\/\/site.ac-martinique.fr\/documentation\/index.php?rest_route=\/wp\/v2\/types\/post"}],"author":[{"embeddable":true,"href":"https:\/\/site.ac-martinique.fr\/documentation\/index.php?rest_route=\/wp\/v2\/users\/63"}],"replies":[{"embeddable":true,"href":"https:\/\/site.ac-martinique.fr\/documentation\/index.php?rest_route=%2Fwp%2Fv2%2Fcomments&post=3892"}],"version-history":[{"count":2,"href":"https:\/\/site.ac-martinique.fr\/documentation\/index.php?rest_route=\/wp\/v2\/posts\/3892\/revisions"}],"predecessor-version":[{"id":3895,"href":"https:\/\/site.ac-martinique.fr\/documentation\/index.php?rest_route=\/wp\/v2\/posts\/3892\/revisions\/3895"}],"wp:attachment":[{"href":"https:\/\/site.ac-martinique.fr\/documentation\/index.php?rest_route=%2Fwp%2Fv2%2Fmedia&parent=3892"}],"wp:term":[{"taxonomy":"category","embeddable":true,"href":"https:\/\/site.ac-martinique.fr\/documentation\/index.php?rest_route=%2Fwp%2Fv2%2Fcategories&post=3892"},{"taxonomy":"post_tag","embeddable":true,"href":"https:\/\/site.ac-martinique.fr\/documentation\/index.php?rest_route=%2Fwp%2Fv2%2Ftags&post=3892"}],"curies":[{"name":"wp","href":"https:\/\/api.w.org\/{rel}","templated":true}]}}