{"id":3943,"date":"2023-03-07T11:26:55","date_gmt":"2023-03-07T15:26:55","guid":{"rendered":"https:\/\/site.ac-martinique.fr\/documentation\/?p=3943"},"modified":"2023-03-30T21:53:29","modified_gmt":"2023-03-31T01:53:29","slug":"journee-internationale-des-droit-des-femmes-2023","status":"publish","type":"post","link":"https:\/\/site.ac-martinique.fr\/documentation\/?p=3943","title":{"rendered":"Journ\u00e9e internationale des droit des femmes 2023"},"content":{"rendered":"\n<p>Le 8 mars est une journ\u00e9e de sensibilisation et de mobilisation des \u00e9l\u00e8ves des \u00e9coles, coll\u00e8ges et lyc\u00e9es pour les droits des femmes et l&rsquo;\u00e9galit\u00e9 entre les filles et les gar\u00e7ons.<\/p>\n\n\n\n<p>Le th\u00e8me retenu pour 2023 :  \u00ab\u00a0Pour un monde digital inclusif : innovation et technologies pour l\u2019\u00e9galit\u00e9 des sexes\u00a0\u00bb est associ\u00e9 au th\u00e8me prioritaire de la 67e session de la Commission de la condition de la femme (CSW-67), \u00e0 savoir \u00ab\u00a0L\u2019innovation, le changement technologique et l\u2019\u00e9ducation \u00e0 l\u2019\u00e8re du num\u00e9rique pour r\u00e9aliser l\u2019\u00e9galit\u00e9 des sexes et autonomiser toutes les femmes et les filles\u00a0\u00bb. <\/p>\n\n\n\n<p>Source : https:\/\/www.education.gouv.fr\/journee-internationale-des-droits-des-femmes-11900<\/p>\n\n\n\n<p>Deux resources \u00e0 consulter pour pr\u00e9parer cette journ\u00e9e : <\/p>\n\n\n\n<p>-Le padlet de Mme MARTIN professeur documentaliste et r\u00e9f\u00e9rente \u00e9galit\u00e9 : ressources num\u00e9riques et physiques pour s\u2019approprier les notions et\u00a0\u00ab\u00a0enseigner\u00a0\u00bb l\u2019\u00e9galit\u00e9 filles-gar\u00e7ons\u00a0:\u00a0\u00a0\u00a0guides, documents, activit\u00e9s, s\u00e9quences, jeux, livres, expositions \u00e0 t\u00e9l\u00e9charger, formations en ligne.<\/p>\n\n\n\n<p>-La veille acad\u00e9mique peartrees : rappel des textes officiels, des suggestions de s\u00e9ances  pour aborder l&rsquo;\u00e9galit\u00e9 filles et garcons en classe, des jeux \u00e0 t\u00e9l\u00e9charger pour tester ses connaissances sur les femmes qui ont marqu\u00e9 l&rsquo;histoire&#8230;.<\/p>\n\n\n<style>\n       .errordiv { padding:10px; margin:10px; border: 1px solid #555555;color: #000000;background-color: #f8f8f8; width:500px; }#advanced_iframe {visibility:visible;opacity:1;vertical-align:top;}.ai-info-bottom-iframe { position: fixed; z-index: 10000; bottom:0; left: 0; margin: 0px; text-align: center; width: 100%; background-color: #ff9999; padding-left: 5px;padding-bottom: 5px; border-top: 1px solid #aaa } a.ai-bold {font-weight: bold;}#ai-layer-div-advanced_iframe p {height:100%;margin:0;padding:0}<\/style><script type=\"text\/javascript\">var ai_iframe_width_advanced_iframe = 0;var ai_iframe_height_advanced_iframe = 0;function aiReceiveMessageadvanced_iframe(event) {  aiProcessMessage(event,\"advanced_iframe\", \"true\",\"\",\"false\",\"false\");}if (window.addEventListener) {  window.addEventListener(\"message\", aiReceiveMessageadvanced_iframe);} else if (el.attachEvent)  {  el.attachEvent(\"message\", aiReceiveMessageadvanced_iframe);}var aiOnloadScrollTop=\"true\";var aiShowDebug=false;\n\t\tif (typeof aiReadyCallbacks === 'undefined') {\n\t\t\tvar aiReadyCallbacks = [];\n\t\t} else if (!(aiReadyCallbacks instanceof Array)) {\n\t\t\tvar aiReadyCallbacks = [];\n\t\t}    function aiShowIframeId(id_iframe) { jQuery(\"#\"+id_iframe).css(\"visibility\", \"visible\");    }    function aiResizeIframeHeight(height) { aiResizeIframeHeight(height,advanced_iframe); }    function aiResizeIframeHeightId(height,width,id) {aiResizeIframeHeightById(id,height);}<\/script><iframe id=\"advanced_iframe\"  name=\"advanced_iframe\"  src=\"https:\/\/padlet.com\/christellemartin3\/les-valeurs-de-la-r-publique-l-galit-femmes-hommes-filles-ga-zb3z2fivb8suo77v\"  width=\"100%\"  height=\"600\"  frameborder=\"0\"  border=\"0\"  allowtransparency=\"true\"  loading=\"lazy\"  style=\";border-width: 0px;;border: none;;width:100%;;height:600px;\" ><\/iframe><script type=\"text\/javascript\">var ifrm_advanced_iframe = document.getElementById(\"advanced_iframe\");var hiddenTabsDoneadvanced_iframe = false;\nfunction resizeCallbackadvanced_iframe() {}<\/script><script type=\"text\/javascript\"><\/script><p style=\"display:block !important; visibility:visible !important;margin: -18px 14px 0 0;padding-left: 3px;padding-top:3px;background: white; overflow: hidden; position: relative; line-height:15px;width: fit-content;\"><small style=\"display:block !important;visibility:visible !important\">powered by Advanced iFrame<\/small><\/p>\n\n<style>\n       .errordiv { padding:10px; margin:10px; border: 1px solid #555555;color: #000000;background-color: #f8f8f8; width:500px; }#advanced_iframe_2 {visibility:visible;opacity:1;vertical-align:top;}.ai-info-bottom-iframe { position: fixed; z-index: 10000; bottom:0; left: 0; margin: 0px; text-align: center; width: 100%; background-color: #ff9999; padding-left: 5px;padding-bottom: 5px; border-top: 1px solid #aaa } a.ai-bold {font-weight: bold;}#ai-layer-div-advanced_iframe_2 p {height:100%;margin:0;padding:0}<\/style><script type=\"text\/javascript\">var ai_iframe_width_advanced_iframe_2 = 0;var ai_iframe_height_advanced_iframe_2 = 0;function aiReceiveMessageadvanced_iframe_2(event) {  aiProcessMessage(event,\"advanced_iframe_2\", \"true\",\"\",\"false\",\"false\");}if (window.addEventListener) {  window.addEventListener(\"message\", aiReceiveMessageadvanced_iframe_2);} else if (el.attachEvent)  {  el.attachEvent(\"message\", aiReceiveMessageadvanced_iframe_2);}var aiOnloadScrollTop=\"true\";var aiShowDebug=false;\n\t\tif (typeof aiReadyCallbacks === 'undefined') {\n\t\t\tvar aiReadyCallbacks = [];\n\t\t} else if (!(aiReadyCallbacks instanceof Array)) {\n\t\t\tvar aiReadyCallbacks = [];\n\t\t}    function aiShowIframeId(id_iframe) { jQuery(\"#\"+id_iframe).css(\"visibility\", \"visible\");    }    function aiResizeIframeHeight(height) { aiResizeIframeHeight(height,advanced_iframe_2); }    function aiResizeIframeHeightId(height,width,id) {aiResizeIframeHeightById(id,height);}<\/script><iframe id=\"advanced_iframe_2\"  name=\"advanced_iframe_2\"  src=\"https:\/\/www.pearltrees.com\/documentationmartinique\/journee-internationale-droits\/id63817898#item505046262\"  width=\"100%\"  height=\"600\"  frameborder=\"0\"  border=\"0\"  allowtransparency=\"true\"  loading=\"lazy\"  style=\";border-width: 0px;;border: none;;width:100%;;height:600px;\" ><\/iframe><script type=\"text\/javascript\">var ifrm_advanced_iframe_2 = document.getElementById(\"advanced_iframe_2\");var hiddenTabsDoneadvanced_iframe_2 = false;\nfunction resizeCallbackadvanced_iframe_2() {}<\/script><script type=\"text\/javascript\"><\/script><p style=\"display:block !important; visibility:visible !important;margin: -18px 14px 0 0;padding-left: 3px;padding-top:3px;background: white; overflow: hidden; position: relative; line-height:15px;width: fit-content;\"><small style=\"display:block !important;visibility:visible !important\">powered by Advanced iFrame<\/small><\/p>","protected":false},"excerpt":{"rendered":"<p>Le 8 mars est une journ\u00e9e de sensibilisation et de mobilisation des \u00e9l\u00e8ves des \u00e9coles, coll\u00e8ges et lyc\u00e9es pour les droits des femmes et l&rsquo;\u00e9galit\u00e9 entre les filles et les gar\u00e7ons. Le th\u00e8me retenu pour 2023 : \u00ab\u00a0Pour un monde &hellip; <a href=\"https:\/\/site.ac-martinique.fr\/documentation\/?p=3943\">Continuer la lecture <span class=\"meta-nav\">&rarr;<\/span><\/a><\/p>\n","protected":false},"author":63,"featured_media":0,"comment_status":"closed","ping_status":"closed","sticky":false,"template":"","format":"standard","meta":{"footnotes":""},"categories":[40],"tags":[43,59,44],"class_list":["post-3943","post","type-post","status-publish","format-standard","hentry","category-actualites-de-la-documentation","tag-culture","tag-egalite-filles-et-garcons","tag-scenario-pedagogique"],"_links":{"self":[{"href":"https:\/\/site.ac-martinique.fr\/documentation\/index.php?rest_route=\/wp\/v2\/posts\/3943","targetHints":{"allow":["GET"]}}],"collection":[{"href":"https:\/\/site.ac-martinique.fr\/documentation\/index.php?rest_route=\/wp\/v2\/posts"}],"about":[{"href":"https:\/\/site.ac-martinique.fr\/documentation\/index.php?rest_route=\/wp\/v2\/types\/post"}],"author":[{"embeddable":true,"href":"https:\/\/site.ac-martinique.fr\/documentation\/index.php?rest_route=\/wp\/v2\/users\/63"}],"replies":[{"embeddable":true,"href":"https:\/\/site.ac-martinique.fr\/documentation\/index.php?rest_route=%2Fwp%2Fv2%2Fcomments&post=3943"}],"version-history":[{"count":3,"href":"https:\/\/site.ac-martinique.fr\/documentation\/index.php?rest_route=\/wp\/v2\/posts\/3943\/revisions"}],"predecessor-version":[{"id":3948,"href":"https:\/\/site.ac-martinique.fr\/documentation\/index.php?rest_route=\/wp\/v2\/posts\/3943\/revisions\/3948"}],"wp:attachment":[{"href":"https:\/\/site.ac-martinique.fr\/documentation\/index.php?rest_route=%2Fwp%2Fv2%2Fmedia&parent=3943"}],"wp:term":[{"taxonomy":"category","embeddable":true,"href":"https:\/\/site.ac-martinique.fr\/documentation\/index.php?rest_route=%2Fwp%2Fv2%2Fcategories&post=3943"},{"taxonomy":"post_tag","embeddable":true,"href":"https:\/\/site.ac-martinique.fr\/documentation\/index.php?rest_route=%2Fwp%2Fv2%2Ftags&post=3943"}],"curies":[{"name":"wp","href":"https:\/\/api.w.org\/{rel}","templated":true}]}}