{"id":131,"date":"2022-07-12T10:52:47","date_gmt":"2022-07-12T14:52:47","guid":{"rendered":"https:\/\/site.ac-martinique.fr\/drajes\/?p=131"},"modified":"2022-07-15T10:45:27","modified_gmt":"2022-07-15T14:45:27","slug":"engagement","status":"publish","type":"post","link":"https:\/\/site.ac-martinique.fr\/drajes\/?p=131","title":{"rendered":"Engagement"},"content":{"rendered":"<p><img loading=\"lazy\" decoding=\"async\" class=\"size-medium wp-image-111\" src=\"https:\/\/site.ac-martinique.fr\/drajes\/wp-content\/uploads\/sites\/110\/2022\/07\/iStock-1342449802-300x200.jpg\" alt=\"\" width=\"300\" height=\"200\" srcset=\"https:\/\/site.ac-martinique.fr\/drajes\/wp-content\/uploads\/sites\/110\/2022\/07\/iStock-1342449802-300x200.jpg 300w, https:\/\/site.ac-martinique.fr\/drajes\/wp-content\/uploads\/sites\/110\/2022\/07\/iStock-1342449802-1024x683.jpg 1024w, https:\/\/site.ac-martinique.fr\/drajes\/wp-content\/uploads\/sites\/110\/2022\/07\/iStock-1342449802-768x512.jpg 768w, https:\/\/site.ac-martinique.fr\/drajes\/wp-content\/uploads\/sites\/110\/2022\/07\/iStock-1342449802-150x100.jpg 150w, https:\/\/site.ac-martinique.fr\/drajes\/wp-content\/uploads\/sites\/110\/2022\/07\/iStock-1342449802-225x150.jpg 225w, https:\/\/site.ac-martinique.fr\/drajes\/wp-content\/uploads\/sites\/110\/2022\/07\/iStock-1342449802.jpg 1254w\" sizes=\"auto, (max-width: 300px) 100vw, 300px\" \/><\/p>\n<h6><strong>Je suis jeune&#8230; comment je peux m&rsquo;engager pour la soci\u00e9t\u00e9 ?<\/strong><\/h6>\n<p>Il existe diff\u00e9rents moyens de se rendre utile aux autres et \u00e0 soi m\u00eame&#8230; de mani\u00e8re informelle ou de mani\u00e8re plus structur\u00e9e, quelques heures par an \u00e0 plusieurs heures par semaine, mais en tout \u00e9tat de cause, on peut en ressentir le b\u00e9n\u00e9fice..<\/p>\n<ul>\n<li>d&rsquo;\u00eatre en contact avec les autres et de partager des moments conviviaux,<\/li>\n<li>de se sentir utile, d&rsquo;\u00eatre dans l&rsquo;action et de faire progresser la soci\u00e9t\u00e9<span class=\"Apple-converted-space\">\u00a0<\/span><\/li>\n<li>de se r\u00e9aliser soi en d\u00e9couvrant de nouveau univers, en prenant des responsabilit\u00e9s, en testant des solutions, en d\u00e9veloppant des connaissances et des comp\u00e9tences&#8230;<\/li>\n<\/ul>\n<p>On peut de plus en plus<span class=\"Apple-converted-space\">\u00a0 <\/span>valoriser son engagement et ses comp\u00e9tences aupr\u00e8s d&#8217;employeurs, obtenir des cr\u00e9dits de formation gr\u00e2ce au compte engagement citoyen ( lien avec la<span class=\"Apple-converted-space\">\u00a0 <\/span>fiche CEC), faciliter l&rsquo;acc\u00e8s \u00e0 la certification au travers de la VAE (<a href=\"https:\/\/www.associations.gouv.fr\/la-validation-des-acquis-de-l-experience-professionnelle-vae.html\">https:\/\/www.associations.gouv.fr\/la-validation-des-acquis-de-l-experience-professionnelle-vae.html<\/a> ), valider des unit\u00e9s d&rsquo;enseignement selon les universit\u00e9s (<a href=\"https:\/\/www.animafac.net\/actualites\/kit-loi-egalite-citoyennete\/\">https:\/\/www.animafac.net\/actualites\/kit-loi-egalite-citoyennete\/<\/a>)<\/p>\n<p>Comment je peux m&rsquo;engager ? quelques pistes&#8230;<\/p>\n<p>1\/ De mani\u00e8re totalement spontan\u00e9e et libre, individuellement ou collectivement (coup de main \u00e0 la famille ou au voisinage, groupe informel de musique, de danse, de sport&#8230; signature de p\u00e9titions &#8230;)<span class=\"Apple-converted-space\">\u00a0<\/span><\/p>\n<p>2\/ Au sein de mon \u00e9tablissement scolaire : d\u00e9l\u00e9gu\u00e9.e, \u00e9l\u00e8ve pair, membre du conseil des coll\u00e9giens ou des lyc\u00e9ens<\/p>\n<p>3\/ Au sein de ma commune : conseil municipal d&rsquo;enfants ou des jeunes, conseil citoyen ( <a href=\"https:\/\/www.conseilscitoyens.fr\/quest-ce-qu-un-conseil-citoyen\">https:\/\/www.conseilscitoyens.fr\/quest-ce-qu-un-conseil-citoyen<\/a> ) : renseigne toi dans ta commune pour savoir comment les int\u00e9grer.<\/p>\n<p>4\/ Au sein d&rsquo;organisations politiques, religieuses, syndicales<span class=\"Apple-converted-space\">\u00a0<\/span><\/p>\n<p>5\/ Aupr\u00e8s d&rsquo;organisation de s\u00e9curit\u00e9 publique en tant que volontaires ou r\u00e9servistes : pompiers, gendarmerie, police, arm\u00e9es&#8230;<\/p>\n<p><span class=\"Apple-converted-space\">\u00a0 \u00a0 \u00a0 \u00a0 <\/span>pour les pompiers : SDIS Martinique <a href=\"http:\/\/www.martinique.gouv.fr\/Services-de-l-Etat\/Securite-publique-et-civile-protection-des-populations\/SDIS-Pompiers\/SDIS\">http:\/\/www.martinique.gouv.fr\/Services-de-l-Etat\/Securite-publique-et-civile-protection-des-populations\/SDIS-Pompiers\/SDIS<\/a><\/p>\n<p><span class=\"Apple-converted-space\">\u00a0 \u00a0 \u00a0 \u00a0 <\/span>gendarme : <a href=\"http:\/\/www.lagendarmerierecrute.fr\/Carrieres\/Carriere-operationnelle\/Reserviste\">http:\/\/www.lagendarmerierecrute.fr\/Carrieres\/Carriere-operationnelle\/Reserviste<\/a><\/p>\n<p><span class=\"Apple-converted-space\">\u00a0 \u00a0 \u00a0 \u00a0 <\/span>police : <a href=\"https:\/\/www.police-nationale.interieur.gouv.fr\/Nos-metiers\/Reserve-civile\">https:\/\/www.police-nationale.interieur.gouv.fr\/Nos-metiers\/Reserve-civile<\/a><\/p>\n<p><span class=\"Apple-converted-space\">\u00a0 \u00a0 \u00a0 \u00a0 <\/span>arm\u00e9es : <a href=\"https:\/\/www.reservistes.defense.gouv.fr\/\">https:\/\/www.reservistes.defense.gouv.fr\/<\/a><\/p>\n<p>6\/ Au sein d&rsquo;associations comme b\u00e9n\u00e9vole ou encore volontaire de service civique,<span class=\"Apple-converted-space\">\u00a0 <\/span>et cela sans avoir besoin d&rsquo;\u00eatre majeur :<\/p>\n<p><span class=\"Apple-converted-space\">\u00a0<\/span>Etre b\u00e9n\u00e9vole&#8230; :<span class=\"Apple-converted-space\">\u00a0<\/span><\/p>\n<p><span class=\"Apple-converted-space\">\u00a0<\/span>Les mineurs au sein d&rsquo;une association&#8230;<\/p>\n<p><span class=\"Apple-converted-space\">\u00a0 \u00a0 \u00a0 \u00a0 <\/span>devenir membre d&rsquo;une instance de direction d&rsquo;une association ou cr\u00e9er son association avant 18 ans c&rsquo;est possible :<a href=\"https:\/\/www.associations.gouv.fr\/creer-une-association-avant-18-ans-c-est-possible.html\">https:\/\/www.associations.gouv.fr\/creer-une-association-avant-18-ans-c-est-possible.html<\/a><\/p>\n<p><span class=\"Apple-converted-space\">\u00a0 \u00a0 \u00a0 \u00a0 <\/span>junior association : <a href=\"https:\/\/juniorassociation.org\/\">https:\/\/juniorassociation.org\/<\/a><\/p>\n<p>Etre volontaire&#8230; :<\/p>\n<p>Les diff\u00e9rentes formes de volontariat :<span class=\"Apple-converted-space\">\u00a0<\/span><\/p>\n<p><span class=\"Apple-converted-space\">\u00a0\u00a0 \u00a0 \u00a0 <\/span>le service civique : <a href=\"https:\/\/www.service-civique.gouv.fr\/\">https:\/\/www.service-civique.gouv.fr\/<\/a><\/p>\n<p><span class=\"Apple-converted-space\">\u00a0\u00a0 \u00a0 \u00a0 <\/span>le corps europ\u00e9en de solidarit\u00e9 : <a href=\"http:\/\/www.corpseuropeensolidarite.fr\/\">http:\/\/www.corpseuropeensolidarite.fr\/<\/a><\/p>\n<p><span class=\"Apple-converted-space\">\u00a0\u00a0 \u00a0 \u00a0 <\/span>le volontariat international en administration ou en entreprise : <a href=\"http:\/\/www.etudiant.gouv.fr\/pid37344-cid136430\/le-volontariat-international-en-entreprise-ou-en-administration.html\">http:\/\/www.etudiant.gouv.fr\/pid37344-cid136430\/le-volontariat-international-en-entreprise-ou-en-administration.html<\/a><\/p>\n<p><span class=\"Apple-converted-space\">\u00a0\u00a0 \u00a0 \u00a0 <\/span>les volontariats internationaux d&rsquo;\u00e9change et de solidarit\u00e9 : <a href=\"http:\/\/www.etudiant.gouv.fr\/pid33637-cid136384\/les-volontariats-internationaux-d-echange-et-de-solidarite.html\">http:\/\/www.etudiant.gouv.fr\/pid33637-cid136384\/les-volontariats-internationaux-d-echange-et-de-solidarite.html<\/a><\/p>\n<p><span class=\"Apple-converted-space\">\u00a0 \u00a0 \u00a0 \u00a0<\/span><\/p>\n","protected":false},"excerpt":{"rendered":"<p>Je suis jeune&#8230; comment je peux m&rsquo;engager pour la soci\u00e9t\u00e9 ? Il existe diff\u00e9rents moyens de se rendre utile aux autres et \u00e0 soi m\u00eame&#8230; de mani\u00e8re informelle ou de mani\u00e8re plus structur\u00e9e, quelques heures par an \u00e0 plusieurs heures par semaine, mais en tout \u00e9tat de cause, on peut&#8230; <a class=\"continue-reading-link\" href=\"https:\/\/site.ac-martinique.fr\/drajes\/?p=131\">Lire la suite&#8230; <span class=\"meta-nav\">&rarr; <\/span><\/a><\/p>\n","protected":false},"author":321,"featured_media":111,"comment_status":"closed","ping_status":"closed","sticky":false,"template":"","format":"standard","meta":{"footnotes":""},"categories":[1],"tags":[],"class_list":["post-131","post","type-post","status-publish","format-standard","has-post-thumbnail","hentry","category-non-classe"],"_links":{"self":[{"href":"https:\/\/site.ac-martinique.fr\/drajes\/index.php?rest_route=\/wp\/v2\/posts\/131","targetHints":{"allow":["GET"]}}],"collection":[{"href":"https:\/\/site.ac-martinique.fr\/drajes\/index.php?rest_route=\/wp\/v2\/posts"}],"about":[{"href":"https:\/\/site.ac-martinique.fr\/drajes\/index.php?rest_route=\/wp\/v2\/types\/post"}],"author":[{"embeddable":true,"href":"https:\/\/site.ac-martinique.fr\/drajes\/index.php?rest_route=\/wp\/v2\/users\/321"}],"replies":[{"embeddable":true,"href":"https:\/\/site.ac-martinique.fr\/drajes\/index.php?rest_route=%2Fwp%2Fv2%2Fcomments&post=131"}],"version-history":[{"count":4,"href":"https:\/\/site.ac-martinique.fr\/drajes\/index.php?rest_route=\/wp\/v2\/posts\/131\/revisions"}],"predecessor-version":[{"id":166,"href":"https:\/\/site.ac-martinique.fr\/drajes\/index.php?rest_route=\/wp\/v2\/posts\/131\/revisions\/166"}],"wp:featuredmedia":[{"embeddable":true,"href":"https:\/\/site.ac-martinique.fr\/drajes\/index.php?rest_route=\/wp\/v2\/media\/111"}],"wp:attachment":[{"href":"https:\/\/site.ac-martinique.fr\/drajes\/index.php?rest_route=%2Fwp%2Fv2%2Fmedia&parent=131"}],"wp:term":[{"taxonomy":"category","embeddable":true,"href":"https:\/\/site.ac-martinique.fr\/drajes\/index.php?rest_route=%2Fwp%2Fv2%2Fcategories&post=131"},{"taxonomy":"post_tag","embeddable":true,"href":"https:\/\/site.ac-martinique.fr\/drajes\/index.php?rest_route=%2Fwp%2Fv2%2Ftags&post=131"}],"curies":[{"name":"wp","href":"https:\/\/api.w.org\/{rel}","templated":true}]}}