{"id":191,"date":"2022-07-19T07:31:48","date_gmt":"2022-07-19T11:31:48","guid":{"rendered":"https:\/\/site.ac-martinique.fr\/drajes\/?p=191"},"modified":"2022-07-19T07:32:37","modified_gmt":"2022-07-19T11:32:37","slug":"contact","status":"publish","type":"post","link":"https:\/\/site.ac-martinique.fr\/drajes\/?p=191","title":{"rendered":"Contact"},"content":{"rendered":"<h2 id=\"summary-item-4\">Contacter la Direction de R\u00e9gion acad\u00e9mique \u00e0 la Jeunesse, \u00e0 l&rsquo;Engagement et aux Sports (DRAJES) Martinique<\/h2>\n<p>La Direction de R\u00e9gion acad\u00e9mique \u00e0 la Jeunesse, \u00e0 l&rsquo;Engagement et aux Sports (DRAJES) est situ\u00e9e :<\/p>\n<p>ZAC l\u2019Etang Z\u2019Abricots<br \/>\nImmeuble Agora 2<br \/>\nRond Point du Calendrier Lagunaire<br \/>\nBP 669 &#8211; 97264 Fort de France Cedex<\/p>\n<p><strong>Standard 0596 66 36 00<\/strong>\u00a0&#8211; Fax. 0596 66 36 01<\/p>\n<p><a href=\"mailto:ce.drajes@ac-martinique.fr\">ce.drajes@ac-martinique.fr<\/a><\/p>\n<p><strong>Horaires d\u2019ouverture<\/strong><\/p>\n<p><em>Lundi \/ Mardi \/ Jeudi\u00a0:<\/em><br \/>\n7h30 &#8211; 13h et 14h &#8211; 16 h<\/p>\n<p><em>Mercredi \/ Vendredi\u00a0:<\/em><br \/>\n7h30 \/ 13h<\/p>\n<p><strong>Acc\u00e8s\u00a0:<\/strong><br \/>\nDepuis l\u2019autoroute, prendre la sortie Stade de Dillon (Zac l\u2019Etang Z\u2019abricots). Au deuxi\u00e8me rond point, prendre \u00e0 gauche au niveau du b\u00e2timent des Douanes et de l\u2019ARS (devant l\u2019ASPTT Tennis). Au rond point \u00e0 gauche, le b\u00e2timent Agora II est le b\u00e2timent en arc de cercle.<\/p>\n<p><strong>Bus pour acc\u00e9der \u00e0 la DJSCS<\/strong><br \/>\n\u2022 Bus n\u00b031\u00a0: d\u00e9part Fort-de-France du Boulevard G\u00e9n\u00e9ral de Gaulle<br \/>\n\u2022 Bus n\u00b0211\u00a0: d\u00e9part Fort-de-France du Palais de Justice<\/p>\n<p><strong>L\u2019accueil des personnes \u00e0 mobilit\u00e9 r\u00e9duite<\/strong><\/p>\n<p>Lorsque qu\u2019une personne \u00e0 mobilit\u00e9 r\u00e9duite souhaitera se rendre sur le Site, elle devra se faire conna\u00eetre par t\u00e9l\u00e9phone au 0596 66 36 00 pour b\u00e9n\u00e9ficier d\u2019un accueil par un agent au rez-de-chauss\u00e9e.<\/p>\n","protected":false},"excerpt":{"rendered":"<p>Contacter la Direction de R\u00e9gion acad\u00e9mique \u00e0 la Jeunesse, \u00e0 l&rsquo;Engagement et aux Sports (DRAJES) Martinique La Direction de R\u00e9gion acad\u00e9mique \u00e0 la Jeunesse, \u00e0 l&rsquo;Engagement et aux Sports (DRAJES) est situ\u00e9e : ZAC l\u2019Etang Z\u2019Abricots Immeuble Agora 2 Rond Point du Calendrier Lagunaire BP 669 &#8211; 97264 Fort de&#8230; <a class=\"continue-reading-link\" href=\"https:\/\/site.ac-martinique.fr\/drajes\/?p=191\">Lire la suite&#8230; <span class=\"meta-nav\">&rarr; <\/span><\/a><\/p>\n","protected":false},"author":321,"featured_media":0,"comment_status":"closed","ping_status":"closed","sticky":false,"template":"","format":"standard","meta":{"footnotes":""},"categories":[1],"tags":[],"class_list":["post-191","post","type-post","status-publish","format-standard","hentry","category-non-classe"],"_links":{"self":[{"href":"https:\/\/site.ac-martinique.fr\/drajes\/index.php?rest_route=\/wp\/v2\/posts\/191","targetHints":{"allow":["GET"]}}],"collection":[{"href":"https:\/\/site.ac-martinique.fr\/drajes\/index.php?rest_route=\/wp\/v2\/posts"}],"about":[{"href":"https:\/\/site.ac-martinique.fr\/drajes\/index.php?rest_route=\/wp\/v2\/types\/post"}],"author":[{"embeddable":true,"href":"https:\/\/site.ac-martinique.fr\/drajes\/index.php?rest_route=\/wp\/v2\/users\/321"}],"replies":[{"embeddable":true,"href":"https:\/\/site.ac-martinique.fr\/drajes\/index.php?rest_route=%2Fwp%2Fv2%2Fcomments&post=191"}],"version-history":[{"count":2,"href":"https:\/\/site.ac-martinique.fr\/drajes\/index.php?rest_route=\/wp\/v2\/posts\/191\/revisions"}],"predecessor-version":[{"id":193,"href":"https:\/\/site.ac-martinique.fr\/drajes\/index.php?rest_route=\/wp\/v2\/posts\/191\/revisions\/193"}],"wp:attachment":[{"href":"https:\/\/site.ac-martinique.fr\/drajes\/index.php?rest_route=%2Fwp%2Fv2%2Fmedia&parent=191"}],"wp:term":[{"taxonomy":"category","embeddable":true,"href":"https:\/\/site.ac-martinique.fr\/drajes\/index.php?rest_route=%2Fwp%2Fv2%2Fcategories&post=191"},{"taxonomy":"post_tag","embeddable":true,"href":"https:\/\/site.ac-martinique.fr\/drajes\/index.php?rest_route=%2Fwp%2Fv2%2Ftags&post=191"}],"curies":[{"name":"wp","href":"https:\/\/api.w.org\/{rel}","templated":true}]}}