{"id":218,"date":"2022-08-04T05:40:59","date_gmt":"2022-08-04T09:40:59","guid":{"rendered":"https:\/\/site.ac-martinique.fr\/drajes\/?p=218"},"modified":"2022-09-26T12:17:08","modified_gmt":"2022-09-26T16:17:08","slug":"aides-a-lemploi","status":"publish","type":"post","link":"https:\/\/site.ac-martinique.fr\/drajes\/?p=218","title":{"rendered":"Aides \u00e0 l&#8217;emploi"},"content":{"rendered":"<p><strong>La DRAJES Martinique<\/strong> maintient sa politique en faveur de la cr\u00e9ation et de la p\u00e9rennisation des emplois associatifs dans le champ du sport en s\u2019appuyant sur\u00a0:<\/p>\n<ul>\n<li>Les dispositifs de droit commun propos\u00e9s par l\u2019Etat via la DEETS Martinique ou P\u00f4le Emploi<\/li>\n<li>Les dispositifs sp\u00e9cifiques aux associations sportives affili\u00e9es financ\u00e9s par l\u2019Agence nationale du Sport dans le cadre de ses campagnes annuelles.<\/li>\n<\/ul>\n<p>&nbsp;<\/p>\n<p>Elle mobilise \u00e9galement son r\u00e9seau partenarial pour accompagner les associations employeurs, les porteurs de projet, et proposer des solutions adapt\u00e9es aux probl\u00e9matiques locales.<\/p>\n<h4>Les\u00a0<u>quatre objectifs majeurs<\/u>\u00a0sont :<\/h4>\n<ol>\n<li>L\u2019accompagnement des associations vers l\u2019emploi p\u00e9renne quand elles en ont le potentiel,<\/li>\n<li>La consolidation de tout ou partie de l\u2019emploi cr\u00e9\u00e9 dans le cadre d\u2019un dispositif d\u2019aide \u00e0 l\u2019emploi de droit commun (PEC \/ contrat d\u2019apprentissage ou de professionnalisation),<\/li>\n<li>Le d\u00e9veloppement de l\u2019offre de gestion salariale,<\/li>\n<li>La formation des salari\u00e9s et des b\u00e9n\u00e9voles employeurs.<\/li>\n<\/ol>\n<p>&nbsp;<\/p>\n<h4>La politique de l\u2019emploi de la DRAJES Martinique s\u2019articule autour\u00a0<u>des actions suivantes<\/u>\u00a0:<\/h4>\n<ul>\n<li>Conseiller et accompagner les associations ayant un projet d\u2019embauche,<\/li>\n<li>Conseiller les porteurs de projet sur le dispositif le plus ad\u00e9quat pour soutenir financi\u00e8rement l\u2019emploi,<\/li>\n<li>Inciter les dirigeants et les b\u00e9n\u00e9voles \u00e0 se former pour leurs fonctions \u00e9lectives, \u00e0 la gestion associative, aux r\u00f4les d\u2019employeur et de tuteur, \u2026<\/li>\n<li>Impulser l\u2019organisation des formations pl\u00e9biscit\u00e9es,<\/li>\n<li>Participer au financement des formations des salari\u00e9s et des dirigeants b\u00e9n\u00e9voles,<\/li>\n<\/ul>\n<ul>\n<li>Evaluer les dispositifs et les adapter aux sp\u00e9cificit\u00e9s du territoire.<\/li>\n<\/ul>\n<p>&nbsp;<\/p>\n<p><strong>La professionnalisation et l\u2019emploi restent les meilleurs outils de d\u00e9veloppement des structures et des activit\u00e9s li\u00e9es \u00e0 la pratique sportive, accompagn\u00e9s pour cela par la formation des b\u00e9n\u00e9voles et des salari\u00e9s.<\/strong><\/p>\n<p>&nbsp;<\/p>\n<h6><strong><em><u>Plus en d\u00e9tails<\/u><\/em><\/strong><\/h6>\n<p>&nbsp;<\/p>\n<p><strong><em>Le dispositif \u00ab\u00a0Emploi ANS\u00a0\u00bb<\/em><\/strong> a pris le relais de celui mis en place par le CNDS depuis de nombreuses ann\u00e9es. Les modalit\u00e9s de soutien sont les m\u00eames quelles que soient les structures associatives b\u00e9n\u00e9ficiaires (clubs ou comit\u00e9\/ligues)\u00a0: une aide financi\u00e8re sur 3 ans, de mani\u00e8re non d\u00e9gressive. Le montant maximal correspondant au temps plein annuel (12\u00a0000\u20ac) est proratis\u00e9 selon la quotit\u00e9 de travail et la date d\u2019embauche du salari\u00e9.<\/p>\n<p>Les projets de cr\u00e9ation d\u2019emploi devront s\u2019inscrire dans le cadre des strat\u00e9gies Emploi d\u00e9pos\u00e9es par les f\u00e9d\u00e9rations aupr\u00e8s de l\u2019Agence Nationale du Sport.<\/p>\n<p><a href=\"https:\/\/www.agencedusport.fr\/les-projets-sportifs-territoriaux-pst#Presentation_\">https:\/\/www.agencedusport.fr\/les-projets-sportifs-territoriaux-pst#Presentation_<\/a><\/p>\n<p><a href=\"https:\/\/site.ac-martinique.fr\/drajes\/wp-content\/uploads\/sites\/110\/2022\/08\/Fiche-ANS-Emploi-2022.pdf\">Fiche explicative 2022 \u00e0 t\u00e9l\u00e9charger<\/a><\/p>\n<p>&nbsp;<\/p>\n<p><strong><em>Les dispositifs de droit commun<\/em><\/strong> peuvent \u00eatre mobilis\u00e9s par les associations sportives comme n\u2019importe quel employeur du secteur priv\u00e9. Ils permettent de trouver les moyens n\u00e9cessaires \u00e0 la r\u00e9ussite des parcours de formation et de professionnalisation des salari\u00e9s en contrats aid\u00e9s, et de favoriser leur insertion dans l\u2019emploi \u00e0 l\u2019issue de ces contrats.<\/p>\n<p>&nbsp;<\/p>\n<p>La DEETS Martinique est le service de l\u2019Etat en charge de la mise en \u0153uvre de ces dispositifs de droit commun.<\/p>\n<p><a href=\"https:\/\/martinique.deets.gouv.fr\/Le-pole-3E-Entreprises-Emploi-et-Economie\">https:\/\/martinique.deets.gouv.fr\/Le-pole-3E-Entreprises-Emploi-et-Economie<\/a><\/p>\n<p>&nbsp;<\/p>\n<p><a href=\"https:\/\/travail-emploi.gouv.fr\/emploi-et-insertion\/mesures-jeunes\/\"><strong><em>Quelques exemples de mesures int\u00e9ressantes pour les associations sportives :<\/em><\/strong><\/a><strong><em>\u00a0<\/em><\/strong><\/p>\n<ul>\n<li>Le parcours Emploi \u2013 Comp\u00e9tences\u00a0:<\/li>\n<\/ul>\n<p><a href=\"https:\/\/travail-emploi.gouv.fr\/emploi-et-insertion\/parcours-emploi-competences\/\">https:\/\/travail-emploi.gouv.fr\/emploi-et-insertion\/parcours-emploi-competences\/<\/a><\/p>\n<ul>\n<li>Le contrat d\u2019apprentissage\u00a0:<\/li>\n<\/ul>\n<p><a href=\"https:\/\/travail-emploi.gouv.fr\/formation-professionnelle\/formation-en-alternance-10751\/apprentissage\/contrat-apprentissage\">https:\/\/travail-emploi.gouv.fr\/formation-professionnelle\/formation-en-alternance-10751\/apprentissage\/contrat-apprentissage<\/a><\/p>\n<ul>\n<li>Le contrat de professionnalisation<\/li>\n<\/ul>\n<p><a href=\"https:\/\/travail-emploi.gouv.fr\/formation-professionnelle\/formation-en-alternance-10751\/contrat-de-professionnalisation\">https:\/\/travail-emploi.gouv.fr\/formation-professionnelle\/formation-en-alternance-10751\/contrat-de-professionnalisation<\/a><\/p>\n<p>&nbsp;<\/p>\n<h2 class=\"title\">Un r\u00e9f\u00e9rent DRAJES<\/h2>\n<p>Un charg\u00e9 de mission r\u00e9gional au sein de la DRAJES est votre interlocuteur privil\u00e9gi\u00e9.<\/p>\n<div class=\"column--flex column--flex--right\">\n<div class=\"block-links invert border\">\n<p><strong>R\u00e9f\u00e9rente DRAJES : V\u00e9ronique FLAMAND<\/strong><\/p>\n<p>Ligne directe : 0596 52 29 40<\/p>\n<p><a href=\"mailto:gilles.chambaretaud@region-academique-nouvelle-aquitaine.fr\">veronique.flamand@ac-martinique.fr<\/a><\/p>\n<\/div>\n<\/div>\n<p>&nbsp;<\/p>\n","protected":false},"excerpt":{"rendered":"<p>La DRAJES Martinique maintient sa politique en faveur de la cr\u00e9ation et de la p\u00e9rennisation des emplois associatifs dans le champ du sport en s\u2019appuyant sur\u00a0: Les dispositifs de droit commun propos\u00e9s par l\u2019Etat via la DEETS Martinique ou P\u00f4le Emploi Les dispositifs sp\u00e9cifiques aux associations sportives affili\u00e9es financ\u00e9s par&#8230; <a class=\"continue-reading-link\" href=\"https:\/\/site.ac-martinique.fr\/drajes\/?p=218\">Lire la suite&#8230; <span class=\"meta-nav\">&rarr; <\/span><\/a><\/p>\n","protected":false},"author":321,"featured_media":0,"comment_status":"closed","ping_status":"closed","sticky":false,"template":"","format":"standard","meta":{"footnotes":""},"categories":[1],"tags":[],"class_list":["post-218","post","type-post","status-publish","format-standard","hentry","category-non-classe"],"_links":{"self":[{"href":"https:\/\/site.ac-martinique.fr\/drajes\/index.php?rest_route=\/wp\/v2\/posts\/218","targetHints":{"allow":["GET"]}}],"collection":[{"href":"https:\/\/site.ac-martinique.fr\/drajes\/index.php?rest_route=\/wp\/v2\/posts"}],"about":[{"href":"https:\/\/site.ac-martinique.fr\/drajes\/index.php?rest_route=\/wp\/v2\/types\/post"}],"author":[{"embeddable":true,"href":"https:\/\/site.ac-martinique.fr\/drajes\/index.php?rest_route=\/wp\/v2\/users\/321"}],"replies":[{"embeddable":true,"href":"https:\/\/site.ac-martinique.fr\/drajes\/index.php?rest_route=%2Fwp%2Fv2%2Fcomments&post=218"}],"version-history":[{"count":8,"href":"https:\/\/site.ac-martinique.fr\/drajes\/index.php?rest_route=\/wp\/v2\/posts\/218\/revisions"}],"predecessor-version":[{"id":237,"href":"https:\/\/site.ac-martinique.fr\/drajes\/index.php?rest_route=\/wp\/v2\/posts\/218\/revisions\/237"}],"wp:attachment":[{"href":"https:\/\/site.ac-martinique.fr\/drajes\/index.php?rest_route=%2Fwp%2Fv2%2Fmedia&parent=218"}],"wp:term":[{"taxonomy":"category","embeddable":true,"href":"https:\/\/site.ac-martinique.fr\/drajes\/index.php?rest_route=%2Fwp%2Fv2%2Fcategories&post=218"},{"taxonomy":"post_tag","embeddable":true,"href":"https:\/\/site.ac-martinique.fr\/drajes\/index.php?rest_route=%2Fwp%2Fv2%2Ftags&post=218"}],"curies":[{"name":"wp","href":"https:\/\/api.w.org\/{rel}","templated":true}]}}