{"id":74,"date":"2022-07-11T17:31:44","date_gmt":"2022-07-11T21:31:44","guid":{"rendered":"https:\/\/site.ac-martinique.fr\/drajes\/?p=74"},"modified":"2022-07-11T18:01:48","modified_gmt":"2022-07-11T22:01:48","slug":"service-civique-appel-a-projets-territorial-martinique","status":"publish","type":"post","link":"https:\/\/site.ac-martinique.fr\/drajes\/?p=74","title":{"rendered":"Service Civique &#8211; Appel \u00e0 Projets territorial Martinique"},"content":{"rendered":"<p><strong>Lancement d\u2019un appel \u00e0 projets dans le cadre du Contrat d&rsquo;Engagement Jeune<\/strong><\/p>\n<p>&nbsp;<\/p>\n<p>En partenariat avec le minist\u00e8re du Travail, de l\u2019Emploi et de l\u2019Insertion, l\u2019Agence du Service Civique lance un appel \u00e0 projets qui a pour vocation de renforcer la mobilisation pour l\u2019accessibilit\u00e9 du Service Civique dans le cadre du Contrat d\u2019Engagement Jeune (CEJ).<\/p>\n<p>Cet appel \u00e0 projets vise \u00e0 faciliter le d\u00e9veloppement de missions aupr\u00e8s des organismes agr\u00e9\u00e9s susceptibles d&rsquo;\u00eatre propos\u00e9es aux jeunes b\u00e9n\u00e9ficiaires du <a href=\"https:\/\/travail-emploi.gouv.fr\/emploi-et-insertion\/mesures-jeunes\/contrat-d-engagement-jeune-cej\/article\/qu-est-ce-que-le-contrat-d-engagement-jeune-cej\">Contrat d&rsquo;Engagement Jeune (CEJ)<\/a>.<\/p>\n<p>Ces projets devront r\u00e9pondre \u00e0 diff\u00e9rents enjeux\u00a0:<\/p>\n<ul>\n<li><strong>Lever les barri\u00e8res<\/strong> (culturelles, informationnelles, territoriales, li\u00e9s au handicap, etc.) afin de faciliter l\u2019acc\u00e8s au Service Civique des jeunes les plus \u00e9loign\u00e9s du dispositif ;<\/li>\n<li><strong>Avoir un impact\u00a0renforc\u00e9 sur la remobilisation des jeunes dans leur parcours d\u2019avenir, gr\u00e2ce notamment aux apports majeurs du Service Civique en mati\u00e8re de confiance en soi et d&rsquo;acquisition de comp\u00e9tences sociales<\/strong>(autonomie, sentiment d\u2019utilit\u00e9, participation \u00e0 des projets collectifs, facilit\u00e9 \u00e0 s\u2019exprimer \u00e0 l\u2019oral, etc.)\u00a0;<\/li>\n<li>Contribuer, \u00e0 travers ce dispositif, \u00e0 <strong>atteindre l\u2019objectif d\u2019insertion dans l\u2019emploi durable des jeunes en CEJ.<\/strong><\/li>\n<\/ul>\n<p>&nbsp;<\/p>\n<p><strong>La date limite de d\u00e9p\u00f4t des candidatures est fix\u00e9e au 05 juillet 2022 \u00e0 17h00, heure locale.<\/strong><\/p>\n<p>&nbsp;<\/p>\n<p><strong>D\u00e9poser sa candidature<\/strong><\/p>\n<p>Le d\u00e9p\u00f4t des dossiers se fait de mani\u00e8re d\u00e9mat\u00e9rialis\u00e9e et doit \u00eatre d\u00e9pos\u00e9 en ligne \u00e0 l\u2019adresse suivante :<\/p>\n<p><a href=\"https:\/\/lecompteasso.associations.gouv.fr\">https:\/\/lecompteasso.associations.gouv.fr<\/a> \u2013 CODE 2970<\/p>\n<p>&nbsp;<\/p>\n<p><a href=\"https:\/\/site.ac-martinique.fr\/drajes\/wp-content\/uploads\/sites\/110\/2022\/07\/Note-de-Cadrage-AAP-locaux-CEJ-2022.pdf\">Note de Cadrage AAP locaux CEJ 2022<\/a><\/p>\n","protected":false},"excerpt":{"rendered":"<p>Lancement d\u2019un appel \u00e0 projets dans le cadre du Contrat d&rsquo;Engagement Jeune &nbsp; En partenariat avec le minist\u00e8re du Travail, de l\u2019Emploi et de l\u2019Insertion, l\u2019Agence du Service Civique lance un appel \u00e0 projets qui a pour vocation de renforcer la mobilisation pour l\u2019accessibilit\u00e9 du Service Civique dans le cadre&#8230; <a class=\"continue-reading-link\" href=\"https:\/\/site.ac-martinique.fr\/drajes\/?p=74\">Lire la suite&#8230; <span class=\"meta-nav\">&rarr; <\/span><\/a><\/p>\n","protected":false},"author":321,"featured_media":0,"comment_status":"closed","ping_status":"closed","sticky":false,"template":"","format":"standard","meta":{"footnotes":""},"categories":[1],"tags":[],"class_list":["post-74","post","type-post","status-publish","format-standard","hentry","category-non-classe"],"_links":{"self":[{"href":"https:\/\/site.ac-martinique.fr\/drajes\/index.php?rest_route=\/wp\/v2\/posts\/74","targetHints":{"allow":["GET"]}}],"collection":[{"href":"https:\/\/site.ac-martinique.fr\/drajes\/index.php?rest_route=\/wp\/v2\/posts"}],"about":[{"href":"https:\/\/site.ac-martinique.fr\/drajes\/index.php?rest_route=\/wp\/v2\/types\/post"}],"author":[{"embeddable":true,"href":"https:\/\/site.ac-martinique.fr\/drajes\/index.php?rest_route=\/wp\/v2\/users\/321"}],"replies":[{"embeddable":true,"href":"https:\/\/site.ac-martinique.fr\/drajes\/index.php?rest_route=%2Fwp%2Fv2%2Fcomments&post=74"}],"version-history":[{"count":3,"href":"https:\/\/site.ac-martinique.fr\/drajes\/index.php?rest_route=\/wp\/v2\/posts\/74\/revisions"}],"predecessor-version":[{"id":96,"href":"https:\/\/site.ac-martinique.fr\/drajes\/index.php?rest_route=\/wp\/v2\/posts\/74\/revisions\/96"}],"wp:attachment":[{"href":"https:\/\/site.ac-martinique.fr\/drajes\/index.php?rest_route=%2Fwp%2Fv2%2Fmedia&parent=74"}],"wp:term":[{"taxonomy":"category","embeddable":true,"href":"https:\/\/site.ac-martinique.fr\/drajes\/index.php?rest_route=%2Fwp%2Fv2%2Fcategories&post=74"},{"taxonomy":"post_tag","embeddable":true,"href":"https:\/\/site.ac-martinique.fr\/drajes\/index.php?rest_route=%2Fwp%2Fv2%2Ftags&post=74"}],"curies":[{"name":"wp","href":"https:\/\/api.w.org\/{rel}","templated":true}]}}