{"id":6437,"global_id":"site.ac-martinique.fr\/drane?id=6437","global_id_lineage":["site.ac-martinique.fr\/drane?id=6437"],"author":"206","status":"publish","date":"2025-11-21 12:03:47","date_utc":"2025-11-21 16:03:47","modified":"2025-11-21 12:09:25","modified_utc":"2025-11-21 16:09:25","url":"https:\/\/site.ac-martinique.fr\/drane\/?tribe_events=creia-le-cadre-dusage-en-academie","rest_url":"https:\/\/site.ac-martinique.fr\/drane\/index.php?rest_route=\/tribe\/events\/v1\/events\/6437","title":"CREIA &#8211; Le cadre d&rsquo;usage en acad\u00e9mie","description":"<p>Un premier webinaire national, en partenariat avec les r\u00e9gions acad\u00e9miques d\u2019Occitanie, de PACA et l\u2019acad\u00e9mie de Lyon.<br \/>\nAu programme :<\/p>\n<ul>\n<li>la mise en pratique du cadre d\u2019usage de l\u2019IA en acad\u00e9mie ;<\/li>\n<li>des retours d\u2019exp\u00e9rience concrets et transf\u00e9rables ;<\/li>\n<li>les outils d\u00e9velopp\u00e9s pour accompagner les \u00e9quipes ;<\/li>\n<li>une pr\u00e9sentation de l\u2019Observatoire national des pratiques p\u00e9dagogiques de l\u2019IA par Cl\u00e9ment Fantoli.<\/li>\n<\/ul>","excerpt":"","slug":"creia-le-cadre-dusage-en-academie","image":{"url":"https:\/\/site.ac-martinique.fr\/drane\/wp-content\/uploads\/sites\/100\/2025\/11\/CREIA.png","id":6438,"extension":"png","width":209,"height":209,"filesize":20487,"sizes":{"thumbnail":{"width":150,"height":150,"mime-type":"image\/png","filesize":3227,"url":"https:\/\/site.ac-martinique.fr\/drane\/wp-content\/uploads\/sites\/100\/2025\/11\/CREIA-150x150.png"},"post-thumbnail":{"width":150,"height":150,"mime-type":"image\/png","filesize":3227,"url":"https:\/\/site.ac-martinique.fr\/drane\/wp-content\/uploads\/sites\/100\/2025\/11\/CREIA-150x150.png"},"header":{"width":209,"height":128,"mime-type":"image\/png","filesize":5566,"url":"https:\/\/site.ac-martinique.fr\/drane\/wp-content\/uploads\/sites\/100\/2025\/11\/CREIA-209x128.png"},"custom":{"width":150,"height":150,"mime-type":"image\/png","filesize":3227,"url":"https:\/\/site.ac-martinique.fr\/drane\/wp-content\/uploads\/sites\/100\/2025\/11\/CREIA-150x150.png"}}},"all_day":false,"start_date":"2025-11-27 12:00:00","start_date_details":{"year":"2025","month":"11","day":"27","hour":"12","minutes":"00","seconds":"00"},"end_date":"2025-11-27 13:30:00","end_date_details":{"year":"2025","month":"11","day":"27","hour":"13","minutes":"30","seconds":"00"},"utc_start_date":"2025-11-27 16:00:00","utc_start_date_details":{"year":"2025","month":"11","day":"27","hour":"16","minutes":"00","seconds":"00"},"utc_end_date":"2025-11-27 17:30:00","utc_end_date_details":{"year":"2025","month":"11","day":"27","hour":"17","minutes":"30","seconds":"00"},"timezone":"America\/Martinique","timezone_abbr":"AST","cost":"","cost_details":{"currency_symbol":"\u20ac","currency_code":"EUR","currency_position":"prefix","values":[]},"website":"https:\/\/visio-agents.education.fr\/meeting\/signin\/invite\/525363\/creator\/182843\/hash\/da51a3e2960b6e6cdbef656da9ae58af17a828ac","show_map":true,"show_map_link":true,"hide_from_listings":false,"sticky":false,"featured":false,"categories":[{"name":"Webinaires","slug":"webinaires","term_group":0,"term_taxonomy_id":51,"taxonomy":"tribe_events_cat","description":"Webinaires ","parent":0,"count":28,"filter":"raw","id":51,"urls":{"self":"https:\/\/site.ac-martinique.fr\/drane\/index.php?rest_route=\/tribe\/events\/v1\/categories\/51","collection":"https:\/\/site.ac-martinique.fr\/drane\/index.php?rest_route=\/tribe\/events\/v1\/categories"}}],"tags":[{"name":"IA","slug":"ia","term_group":0,"term_taxonomy_id":141,"taxonomy":"post_tag","description":"","parent":0,"count":9,"filter":"raw","id":141,"urls":{"self":"https:\/\/site.ac-martinique.fr\/drane\/index.php?rest_route=\/tribe\/events\/v1\/tags\/141","collection":"https:\/\/site.ac-martinique.fr\/drane\/index.php?rest_route=\/tribe\/events\/v1\/tags"}}],"venue":{"id":414,"author":"79","status":"publish","date":"2021-08-31 10:56:46","date_utc":"2021-08-31 14:56:46","modified":"2021-08-31 10:56:46","modified_utc":"2021-08-31 14:56:46","url":"https:\/\/site.ac-martinique.fr\/drane\/?tribe_venue=formation-en-ligne","venue":"Formation en ligne","slug":"formation-en-ligne","json_ld":{"@type":"Place","name":"Formation en ligne","description":"","url":"","address":{"@type":"PostalAddress"},"telephone":"","sameAs":""},"show_map":true,"show_map_link":true,"global_id":"site.ac-martinique.fr\/drane?id=414","global_id_lineage":["site.ac-martinique.fr\/drane?id=414"]},"organizer":[{"id":6440,"author":"206","status":"publish","date":"2025-11-21 12:07:17","date_utc":"2025-11-21 16:07:17","modified":"2025-11-21 12:07:17","modified_utc":"2025-11-21 16:07:17","url":"https:\/\/site.ac-martinique.fr\/drane\/?tribe_organizer=creia","organizer":"CREIA","description":"<p>Lanc\u00e9e en\u00a0<strong>novembre 2023<\/strong>\u00a0par la Direction du Num\u00e9rique pour l\u2019\u00c9ducation (DNE), la\u00a0<strong>Communaut\u00e9 de R\u00e9flexion en \u00c9ducation sur l\u2019Intelligence Artificielle (CREIA)\u00a0<\/strong>a pour ambition de mettre l\u2019innovation et l\u2019intelligence artificielle (IA) au c\u0153ur des pratiques p\u00e9dagogiques et des r\u00e9flexions en \u00e9ducation. Depuis le\u00a0<strong>30 ao\u00fbt 2024<\/strong>, cette communaut\u00e9 s\u2019adresse \u00e0 l\u2019ensemble des membres de la communaut\u00e9 \u00e9ducative.<\/p>","slug":"creia","website":"https:\/\/partage02.magistere.apps.education.fr\/course\/view.php?id=233","json_ld":{"@type":"Person","name":"CREIA","description":"&lt;p&gt;Lanc\u00e9e en\u00a0novembre 2023\u00a0par la Direction du Num\u00e9rique pour l\u2019\u00c9ducation (DNE), la\u00a0Communaut\u00e9 de R\u00e9flexion en \u00c9ducation sur l\u2019Intelligence Artificielle (CREIA)\u00a0a pour ambition de mettre l\u2019innovation et l\u2019intelligence artificielle (IA) au c\u0153ur des pratiques p\u00e9dagogiques et des r\u00e9flexions en \u00e9ducation. Depuis le\u00a030 ao\u00fbt 2024, cette communaut\u00e9 s\u2019adresse \u00e0 l\u2019ensemble des membres de... &lt;a class=&quot;continue-reading-link&quot; href=&quot;https:\/\/site.ac-martinique.fr\/drane\/?tribe_organizer=creia&quot;&gt;Lire la suite... &lt;span class=&quot;meta-nav&quot;&gt;&rarr; &lt;\/span&gt;&lt;\/a&gt;&lt;\/p&gt;\\n","url":"https:\/\/partage02.magistere.apps.education.fr\/course\/view.php?id=233","telephone":"","email":"","sameAs":"https:\/\/partage02.magistere.apps.education.fr\/course\/view.php?id=233"},"global_id":"site.ac-martinique.fr\/drane?id=6440","global_id_lineage":["site.ac-martinique.fr\/drane?id=6440"]}],"custom_fields":[],"json_ld":{"@context":"http:\/\/schema.org","@type":"Event","name":"CREIA &#8211; Le cadre d&rsquo;usage en acad\u00e9mie","description":"&lt;p&gt;Un premier webinaire national, en partenariat avec les r\u00e9gions acad\u00e9miques d\u2019Occitanie, de PACA et l\u2019acad\u00e9mie de Lyon. Au programme : la mise en pratique du cadre d\u2019usage de l\u2019IA en acad\u00e9mie ; des retours d\u2019exp\u00e9rience concrets et transf\u00e9rables ; les outils d\u00e9velopp\u00e9s pour accompagner les \u00e9quipes ; une pr\u00e9sentation de... &lt;a class=&quot;continue-reading-link&quot; href=&quot;https:\/\/site.ac-martinique.fr\/drane\/?tribe_events=creia-le-cadre-dusage-en-academie&quot;&gt;Lire la suite... &lt;span class=&quot;meta-nav&quot;&gt;&rarr; &lt;\/span&gt;&lt;\/a&gt;&lt;\/p&gt;\\n","image":"https:\/\/site.ac-martinique.fr\/drane\/wp-content\/uploads\/sites\/100\/2025\/11\/CREIA.png","url":"https:\/\/site.ac-martinique.fr\/drane\/?tribe_events=creia-le-cadre-dusage-en-academie","eventAttendanceMode":"https:\/\/schema.org\/OfflineEventAttendanceMode","eventStatus":"https:\/\/schema.org\/EventScheduled","startDate":"2025-11-27T12:00:00-04:00","endDate":"2025-11-27T13:30:00-04:00","location":{"@type":"Place","name":"Formation en ligne","description":"","url":"","address":{"@type":"PostalAddress"},"telephone":"","sameAs":""},"organizer":{"@type":"Person","name":"CREIA","description":"&lt;p&gt;Lanc\u00e9e en\u00a0novembre 2023\u00a0par la Direction du Num\u00e9rique pour l\u2019\u00c9ducation (DNE), la\u00a0Communaut\u00e9 de R\u00e9flexion en \u00c9ducation sur l\u2019Intelligence Artificielle (CREIA)\u00a0a pour ambition de mettre l\u2019innovation et l\u2019intelligence artificielle (IA) au c\u0153ur des pratiques p\u00e9dagogiques et des r\u00e9flexions en \u00e9ducation. Depuis le\u00a030 ao\u00fbt 2024, cette communaut\u00e9 s\u2019adresse \u00e0 l\u2019ensemble des membres de... &lt;a class=&quot;continue-reading-link&quot; href=&quot;https:\/\/site.ac-martinique.fr\/drane\/?tribe_organizer=creia&quot;&gt;Lire la suite... &lt;span class=&quot;meta-nav&quot;&gt;&rarr; &lt;\/span&gt;&lt;\/a&gt;&lt;\/p&gt;\\n","url":"https:\/\/partage02.magistere.apps.education.fr\/course\/view.php?id=233","telephone":"","email":"","sameAs":"https:\/\/partage02.magistere.apps.education.fr\/course\/view.php?id=233"},"performer":"Organization"}}