{"id":2734,"date":"2022-02-15T11:01:13","date_gmt":"2022-02-15T15:01:13","guid":{"rendered":"https:\/\/site.ac-martinique.fr\/drane\/?p=2734"},"modified":"2022-06-13T11:00:36","modified_gmt":"2022-06-13T15:00:36","slug":"le-carmo","status":"publish","type":"post","link":"https:\/\/site.ac-martinique.fr\/drane\/?p=2734","title":{"rendered":"Le CARMO"},"content":{"rendered":"\n<p>La version 3.0 du <strong>Cadre de r\u00e9f\u00e9rence pour l&rsquo;Acc\u00e8s aux Ressources p\u00e9dagogiques via un \u00e9quipement MObile (CARMO)<\/strong> est la derni\u00e8re version en date (novembre 2020).<\/p>\n\n\n\n<h2 class=\"wp-block-heading\" id=\"summary-item-0\">Nouveaut\u00e9s du CARMO version 3.0<\/h2>\n\n\n\n<p>Cette version vient traiter des th\u00e9matiques qui n&rsquo;avaient pu \u00eatre prises en compte dans les deux versions pr\u00e9c\u00e9dentes de CARMO et en compl\u00e9ter d&rsquo;autres. CARMO v3.0 pr\u00e9sente les \u00e9volutions suivantes par rapport \u00e0 la version 2 publi\u00e9e en juin 2016&nbsp;:<\/p>\n\n\n\n<ul class=\"wp-block-list\"><li>des pr\u00e9cisions sur l&rsquo;alimentation en donn\u00e9es des solutions de gestion de flotte (MxM)\/gestion de classe&nbsp;;<\/li><li>le lien avec le \u00ab Guide des projets p\u00e9dagogiques s&rsquo;appuyant sur le BYOD\/AVEC \u00bb&nbsp;;<\/li><li>l&rsquo;adaptation \u00e0 l&rsquo;\u00e9volution des dispositions relatives \u00e0 la protection de donn\u00e9es \u00e0 caract\u00e8re personnel&nbsp;;<\/li><li>les liens entre ENT et les \u00e9quipements mobiles et l&rsquo;alignement de certaines notions dans CARMO avec d&rsquo;autres r\u00e9f\u00e9rentiels tels que CARINE&nbsp;;<\/li><li>la prise en compte l&rsquo;\u00e9volution de la terminologie et du contexte strat\u00e9gique et r\u00e9glementaire&nbsp;;<\/li><li>l&rsquo;am\u00e9lioration de l&rsquo;accessibilit\u00e9 du document.<\/li><\/ul>\n\n\n\n<h2 class=\"wp-block-heading\" id=\"summary-item-1\">T\u00e9l\u00e9charger les documents CARMO version 3.0<\/h2>\n\n\n\n<p><a href=\"https:\/\/eduscol.education.fr\/document\/21028\/download\" target=\"_blank\" rel=\"noreferrer noopener\">CARMO 3.0 &#8211; Version de r\u00e9f\u00e9rence<\/a><\/p>\n\n\n\n<p><a href=\"https:\/\/eduscol.education.fr\/document\/21031\/download\" target=\"_blank\" rel=\"noreferrer noopener\">CARMO 3.0 &#8211; Version avec modifications apparentes<\/a><\/p>\n\n\n\n<p><a href=\"https:\/\/eduscol.education.fr\/document\/21034\/download\" target=\"_blank\" rel=\"noreferrer noopener\">L&rsquo;annexe B&nbsp;: Grille de choix d&rsquo;un \u00e9quipement mobile<\/a><\/p>\n\n\n\n<p><a rel=\"noreferrer noopener\" href=\"https:\/\/eduscol.education.fr\/document\/21037\/download\" target=\"_blank\">CARMO 3.0 &#8211; Contributions AAC<\/a><\/p>\n\n\n\n<p class=\"has-text-align-right\"><a rel=\"noreferrer noopener\" href=\"https:\/\/eduscol.education.fr\/1087\/cadre-de-reference-carmo-version-30\" target=\"_blank\">Pour aller plus loin<\/a><a rel=\"noreferrer noopener\" href=\"https:\/\/eduscol.education.fr\/1087\/cadre-de-reference-carmo-version-30\" target=\"_blank\"> <\/a><a rel=\"noreferrer noopener\" href=\"https:\/\/eduscol.education.fr\/1087\/cadre-de-reference-carmo-version-30\" target=\"_blank\">(<\/a><a rel=\"noreferrer noopener\" href=\"https:\/\/eduscol.education.fr\/1087\/cadre-de-reference-carmo-version-30\" target=\"_blank\">E<\/a><a rel=\"noreferrer noopener\" href=\"https:\/\/eduscol.education.fr\/1087\/cadre-de-reference-carmo-version-30\" target=\"_blank\">d<\/a><a rel=\"noreferrer noopener\" href=\"https:\/\/eduscol.education.fr\/1087\/cadre-de-reference-carmo-version-30\" target=\"_blank\">u<\/a><a rel=\"noreferrer noopener\" href=\"https:\/\/eduscol.education.fr\/1087\/cadre-de-reference-carmo-version-30\" target=\"_blank\">s<\/a><a rel=\"noreferrer noopener\" href=\"https:\/\/eduscol.education.fr\/1087\/cadre-de-reference-carmo-version-30\" target=\"_blank\">c<\/a><a rel=\"noreferrer noopener\" href=\"https:\/\/eduscol.education.fr\/1087\/cadre-de-reference-carmo-version-30\" target=\"_blank\">o<\/a><a rel=\"noreferrer noopener\" href=\"https:\/\/eduscol.education.fr\/1087\/cadre-de-reference-carmo-version-30\" target=\"_blank\">l<\/a><a href=\"https:\/\/eduscol.education.fr\/1087\/cadre-de-reference-carmo-version-30\" target=\"_blank\" rel=\"noreferrer noopener\">)<\/a><a rel=\"noreferrer noopener\" href=\"https:\/\/eduscol.education.fr\/1087\/cadre-de-reference-carmo-version-30\" target=\"_blank\">&#8230;<\/a><\/p>\n","protected":false},"excerpt":{"rendered":"<p>La version 3.0 du Cadre de r\u00e9f\u00e9rence pour l&rsquo;Acc\u00e8s aux Ressources p\u00e9dagogiques via un \u00e9quipement MObile (CARMO) est la derni\u00e8re version en date (novembre 2020). Nouveaut\u00e9s du CARMO version 3.0 Cette version vient traiter des th\u00e9matiques qui n&rsquo;avaient pu \u00eatre prises en compte dans les deux versions pr\u00e9c\u00e9dentes de CARMO&#8230; <a class=\"continue-reading-link\" href=\"https:\/\/site.ac-martinique.fr\/drane\/?p=2734\">Lire la suite&#8230; <span class=\"meta-nav\">&rarr; <\/span><\/a><\/p>\n","protected":false},"author":229,"featured_media":0,"comment_status":"closed","ping_status":"","sticky":false,"template":"","format":"standard","meta":{"footnotes":"","_links_to":"","_links_to_target":""},"categories":[1,94],"tags":[],"class_list":["post-2734","post","type-post","status-publish","format-standard","hentry","category-actualites","category-documents-officiels"],"_links":{"self":[{"href":"https:\/\/site.ac-martinique.fr\/drane\/index.php?rest_route=\/wp\/v2\/posts\/2734","targetHints":{"allow":["GET"]}}],"collection":[{"href":"https:\/\/site.ac-martinique.fr\/drane\/index.php?rest_route=\/wp\/v2\/posts"}],"about":[{"href":"https:\/\/site.ac-martinique.fr\/drane\/index.php?rest_route=\/wp\/v2\/types\/post"}],"author":[{"embeddable":true,"href":"https:\/\/site.ac-martinique.fr\/drane\/index.php?rest_route=\/wp\/v2\/users\/229"}],"replies":[{"embeddable":true,"href":"https:\/\/site.ac-martinique.fr\/drane\/index.php?rest_route=%2Fwp%2Fv2%2Fcomments&post=2734"}],"version-history":[{"count":2,"href":"https:\/\/site.ac-martinique.fr\/drane\/index.php?rest_route=\/wp\/v2\/posts\/2734\/revisions"}],"predecessor-version":[{"id":2737,"href":"https:\/\/site.ac-martinique.fr\/drane\/index.php?rest_route=\/wp\/v2\/posts\/2734\/revisions\/2737"}],"wp:attachment":[{"href":"https:\/\/site.ac-martinique.fr\/drane\/index.php?rest_route=%2Fwp%2Fv2%2Fmedia&parent=2734"}],"wp:term":[{"taxonomy":"category","embeddable":true,"href":"https:\/\/site.ac-martinique.fr\/drane\/index.php?rest_route=%2Fwp%2Fv2%2Fcategories&post=2734"},{"taxonomy":"post_tag","embeddable":true,"href":"https:\/\/site.ac-martinique.fr\/drane\/index.php?rest_route=%2Fwp%2Fv2%2Ftags&post=2734"}],"curies":[{"name":"wp","href":"https:\/\/api.w.org\/{rel}","templated":true}]}}