{"id":3068,"date":"2022-06-29T11:03:40","date_gmt":"2022-06-29T15:03:40","guid":{"rendered":"https:\/\/site.ac-martinique.fr\/drane\/?p=3068"},"modified":"2022-06-29T11:04:53","modified_gmt":"2022-06-29T15:04:53","slug":"leparentalite","status":"publish","type":"post","link":"https:\/\/site.ac-martinique.fr\/drane\/?p=3068","title":{"rendered":"L&rsquo;eParentalit\u00e9"},"content":{"rendered":"\n<p>\u00c0 l&rsquo;\u00e8re du num\u00e9rique, la place de parent peut appeler bien des inqui\u00e9tudes et questionnement. La place grandissante des \u00e9crans dans notre soci\u00e9t\u00e9 pour les non \u00ab\u00a0digital natives\u00a0\u00bb peut \u00eatre une source d&rsquo;angoisse.<\/p>\n\n\n\n<h3 class=\"wp-block-heading\">Des sites pour accompagner<\/h3>\n\n\n\n<p><strong>Mon enfant, le num\u00e9rique, l\u2019\u00e9cole et moi<\/strong>, un parcours de formation \u00e0 destination des parents : <a href=\"https:\/\/primabord.eduscol.education.fr\/mon-enfant-le-numerique-l-ecole-et-moi\" target=\"_blank\" rel=\"noreferrer noopener\">https:\/\/primabord.eduscol.education.fr\/mon-enfant-le-numerique-l-ecole-et-moi<\/a><\/p>\n\n\n<p><iframe loading=\"lazy\" width=\"610\" height=\"343\" src=\"https:\/\/www.youtube.com\/embed\/rzxRVyJ-i2I\" title=\"Vid\u00e9o 1 Module introduction\" frameborder=\"0\" allow=\"accelerometer; autoplay; clipboard-write; encrypted-media; gyroscope; picture-in-picture\" allowfullscreen><\/iframe><\/p>\n\n\n\n<p><\/p>\n\n\n\n<p><strong>Les promeneurs du net<\/strong>, une pr\u00e9sence \u00e9ducative sur Internet : <a rel=\"noreferrer noopener\" href=\"https:\/\/www.promeneursdunet.fr\" target=\"_blank\">https:\/\/www.promeneursdunet.fr<\/a><\/p>\n\n\n<p><iframe loading=\"lazy\" width=\"610\" height=\"343\" src=\"https:\/\/www.youtube.com\/embed\/ycBxgDENGkc\" title=\"Les Promeneurs du Net\" frameborder=\"0\" allow=\"accelerometer; autoplay; clipboard-write; encrypted-media; gyroscope; picture-in-picture\" allowfullscreen><\/iframe><\/p>\n\n\n\n<p><\/p>\n\n\n\n<p><strong>Je prot\u00e8ge mon enfant<\/strong>, la plateforme d\u2019information et d\u2019accompagnement \u00e0 la parentalit\u00e9 num\u00e9rique : <a rel=\"noreferrer noopener\" href=\"https:\/\/jeprotegemonenfant.gouv.fr\/\" target=\"_blank\">https:\/\/jeprotegemonenfant.gouv.fr<\/a><\/p>\n\n\n\n<figure class=\"wp-block-image size-large is-resized\"><a href=\"https:\/\/jeprotegemonenfant.gouv.fr\/\" target=\"_blank\" rel=\"noreferrer noopener\"><img loading=\"lazy\" decoding=\"async\" src=\"https:\/\/site.ac-martinique.fr\/drane\/wp-content\/uploads\/sites\/100\/2022\/06\/Capture-de\u0301cran-2022-06-29-a\u0300-10.14.44-1024x580.png\" alt=\"\" class=\"wp-image-3071\" width=\"612\" height=\"346\" srcset=\"https:\/\/site.ac-martinique.fr\/drane\/wp-content\/uploads\/sites\/100\/2022\/06\/Capture-de\u0301cran-2022-06-29-a\u0300-10.14.44-1024x580.png 1024w, https:\/\/site.ac-martinique.fr\/drane\/wp-content\/uploads\/sites\/100\/2022\/06\/Capture-de\u0301cran-2022-06-29-a\u0300-10.14.44-300x170.png 300w, https:\/\/site.ac-martinique.fr\/drane\/wp-content\/uploads\/sites\/100\/2022\/06\/Capture-de\u0301cran-2022-06-29-a\u0300-10.14.44-768x435.png 768w, https:\/\/site.ac-martinique.fr\/drane\/wp-content\/uploads\/sites\/100\/2022\/06\/Capture-de\u0301cran-2022-06-29-a\u0300-10.14.44-1536x870.png 1536w, https:\/\/site.ac-martinique.fr\/drane\/wp-content\/uploads\/sites\/100\/2022\/06\/Capture-de\u0301cran-2022-06-29-a\u0300-10.14.44-150x85.png 150w, https:\/\/site.ac-martinique.fr\/drane\/wp-content\/uploads\/sites\/100\/2022\/06\/Capture-de\u0301cran-2022-06-29-a\u0300-10.14.44-250x142.png 250w, https:\/\/site.ac-martinique.fr\/drane\/wp-content\/uploads\/sites\/100\/2022\/06\/Capture-de\u0301cran-2022-06-29-a\u0300-10.14.44.png 2026w\" sizes=\"auto, (max-width: 612px) 100vw, 612px\" \/><\/a><\/figure>\n\n\n\n<p><\/p>\n\n\n\n<p><strong>FAMINUM<\/strong>, une exp\u00e9rience familiale guid\u00e9e, personnalisable, engageante pour accompagner les usages du num\u00e9rique \u00e0 la maison : <a rel=\"noreferrer noopener\" href=\"https:\/\/www.faminum.com\/\" target=\"_blank\">https:\/\/www.faminum.com<\/a><\/p>\n\n\n\n<figure class=\"wp-block-embed is-type-rich is-provider-prise-en-charge-des-contenus-embarques wp-block-embed-prise-en-charge-des-contenus-embarques\"><div class=\"wp-block-embed__wrapper\">\n<div style=\"width: 640px;\" class=\"wp-video\"><video class=\"wp-video-shortcode\" id=\"video-3068-1\" width=\"640\" height=\"360\" preload=\"metadata\" controls=\"controls\"><source type=\"video\/webm\" src=\"https:\/\/www.faminum.com\/assets\/FAMINUM_TEASDACTICIEL_V4.webm?_=1\" \/><a href=\"https:\/\/www.faminum.com\/assets\/FAMINUM_TEASDACTICIEL_V4.webm\">https:\/\/www.faminum.com\/assets\/FAMINUM_TEASDACTICIEL_V4.webm<\/a><\/video><\/div>\n<\/div><\/figure>\n\n\n\n<p><\/p>\n\n\n\n<p><strong>Internet sans crainte<\/strong>, plus de 100 ressources gratuites et des conseils pratiques pour accompagner les jeunes de 6 \u00e0 18 ans, leurs parents et enseignants dans leur vie num\u00e9rique et l&rsquo;usage des \u00e9crans : <a href=\"https:\/\/internetsanscrainte.fr\/\" target=\"_blank\" rel=\"noreferrer noopener\">https:\/\/internetsanscrainte.fr\/<\/a><\/p>\n\n\n\n<figure class=\"wp-block-image size-large is-resized\"><a href=\"https:\/\/internetsanscrainte.fr\/\" target=\"_blank\" rel=\"noreferrer noopener\"><img loading=\"lazy\" decoding=\"async\" src=\"https:\/\/site.ac-martinique.fr\/drane\/wp-content\/uploads\/sites\/100\/2022\/06\/Capture-de\u0301cran-2022-06-29-a\u0300-10.37.23-1024x579.png\" alt=\"\" class=\"wp-image-3082\" width=\"629\" height=\"355\" srcset=\"https:\/\/site.ac-martinique.fr\/drane\/wp-content\/uploads\/sites\/100\/2022\/06\/Capture-de\u0301cran-2022-06-29-a\u0300-10.37.23-1024x579.png 1024w, https:\/\/site.ac-martinique.fr\/drane\/wp-content\/uploads\/sites\/100\/2022\/06\/Capture-de\u0301cran-2022-06-29-a\u0300-10.37.23-300x170.png 300w, https:\/\/site.ac-martinique.fr\/drane\/wp-content\/uploads\/sites\/100\/2022\/06\/Capture-de\u0301cran-2022-06-29-a\u0300-10.37.23-768x434.png 768w, https:\/\/site.ac-martinique.fr\/drane\/wp-content\/uploads\/sites\/100\/2022\/06\/Capture-de\u0301cran-2022-06-29-a\u0300-10.37.23-1536x868.png 1536w, https:\/\/site.ac-martinique.fr\/drane\/wp-content\/uploads\/sites\/100\/2022\/06\/Capture-de\u0301cran-2022-06-29-a\u0300-10.37.23-2048x1157.png 2048w, https:\/\/site.ac-martinique.fr\/drane\/wp-content\/uploads\/sites\/100\/2022\/06\/Capture-de\u0301cran-2022-06-29-a\u0300-10.37.23-150x85.png 150w, https:\/\/site.ac-martinique.fr\/drane\/wp-content\/uploads\/sites\/100\/2022\/06\/Capture-de\u0301cran-2022-06-29-a\u0300-10.37.23-250x141.png 250w\" sizes=\"auto, (max-width: 629px) 100vw, 629px\" \/><\/a><\/figure>\n\n\n\n<p><\/p>\n\n\n\n<p><strong>Le CLEMI espace famille<\/strong>, \u00eatre parent \u00e0 l\u2019\u00e8re num\u00e9rique : <a href=\"https:\/\/www.clemi.fr\/fr\/famille.html\" target=\"_blank\" rel=\"noreferrer noopener\">https:\/\/www.clemi.fr\/fr\/famille.html<\/a><\/p>\n\n\n\n<figure class=\"wp-block-image size-large is-resized\"><a href=\"https:\/\/www.clemi.fr\/fr\/famille.html\" target=\"_blank\" rel=\"noreferrer noopener\"><img loading=\"lazy\" decoding=\"async\" src=\"https:\/\/site.ac-martinique.fr\/drane\/wp-content\/uploads\/sites\/100\/2022\/06\/Capture-de\u0301cran-2022-06-29-a\u0300-10.55.25-1024x507.png\" alt=\"\" class=\"wp-image-3085\" width=\"629\" height=\"311\" srcset=\"https:\/\/site.ac-martinique.fr\/drane\/wp-content\/uploads\/sites\/100\/2022\/06\/Capture-de\u0301cran-2022-06-29-a\u0300-10.55.25-1024x507.png 1024w, https:\/\/site.ac-martinique.fr\/drane\/wp-content\/uploads\/sites\/100\/2022\/06\/Capture-de\u0301cran-2022-06-29-a\u0300-10.55.25-300x148.png 300w, https:\/\/site.ac-martinique.fr\/drane\/wp-content\/uploads\/sites\/100\/2022\/06\/Capture-de\u0301cran-2022-06-29-a\u0300-10.55.25-768x380.png 768w, https:\/\/site.ac-martinique.fr\/drane\/wp-content\/uploads\/sites\/100\/2022\/06\/Capture-de\u0301cran-2022-06-29-a\u0300-10.55.25-1536x760.png 1536w, https:\/\/site.ac-martinique.fr\/drane\/wp-content\/uploads\/sites\/100\/2022\/06\/Capture-de\u0301cran-2022-06-29-a\u0300-10.55.25-2048x1013.png 2048w, https:\/\/site.ac-martinique.fr\/drane\/wp-content\/uploads\/sites\/100\/2022\/06\/Capture-de\u0301cran-2022-06-29-a\u0300-10.55.25-150x74.png 150w, https:\/\/site.ac-martinique.fr\/drane\/wp-content\/uploads\/sites\/100\/2022\/06\/Capture-de\u0301cran-2022-06-29-a\u0300-10.55.25-250x124.png 250w\" sizes=\"auto, (max-width: 629px) 100vw, 629px\" \/><\/a><\/figure>\n\n\n\n<p><\/p>\n","protected":false},"excerpt":{"rendered":"<p>\u00c0 l&rsquo;\u00e8re du num\u00e9rique, la place de parent peut appeler bien des inqui\u00e9tudes et questionnement. La place grandissante des \u00e9crans dans notre soci\u00e9t\u00e9 pour les non \u00ab\u00a0digital natives\u00a0\u00bb peut \u00eatre une source d&rsquo;angoisse. Des sites pour accompagner Mon enfant, le num\u00e9rique, l\u2019\u00e9cole et moi, un parcours de formation \u00e0 destination&#8230; <a class=\"continue-reading-link\" href=\"https:\/\/site.ac-martinique.fr\/drane\/?p=3068\">Lire la suite&#8230; <span class=\"meta-nav\">&rarr; <\/span><\/a><\/p>\n","protected":false},"author":228,"featured_media":0,"comment_status":"closed","ping_status":"closed","sticky":false,"template":"","format":"standard","meta":{"footnotes":"","_links_to":"","_links_to_target":""},"categories":[1,27,89,70],"tags":[116],"class_list":["post-3068","post","type-post","status-publish","format-standard","hentry","category-actualites","category-eduquer","category-internet-sans-crainte","category-partenaires","tag-parents"],"_links":{"self":[{"href":"https:\/\/site.ac-martinique.fr\/drane\/index.php?rest_route=\/wp\/v2\/posts\/3068","targetHints":{"allow":["GET"]}}],"collection":[{"href":"https:\/\/site.ac-martinique.fr\/drane\/index.php?rest_route=\/wp\/v2\/posts"}],"about":[{"href":"https:\/\/site.ac-martinique.fr\/drane\/index.php?rest_route=\/wp\/v2\/types\/post"}],"author":[{"embeddable":true,"href":"https:\/\/site.ac-martinique.fr\/drane\/index.php?rest_route=\/wp\/v2\/users\/228"}],"replies":[{"embeddable":true,"href":"https:\/\/site.ac-martinique.fr\/drane\/index.php?rest_route=%2Fwp%2Fv2%2Fcomments&post=3068"}],"version-history":[{"count":17,"href":"https:\/\/site.ac-martinique.fr\/drane\/index.php?rest_route=\/wp\/v2\/posts\/3068\/revisions"}],"predecessor-version":[{"id":3088,"href":"https:\/\/site.ac-martinique.fr\/drane\/index.php?rest_route=\/wp\/v2\/posts\/3068\/revisions\/3088"}],"wp:attachment":[{"href":"https:\/\/site.ac-martinique.fr\/drane\/index.php?rest_route=%2Fwp%2Fv2%2Fmedia&parent=3068"}],"wp:term":[{"taxonomy":"category","embeddable":true,"href":"https:\/\/site.ac-martinique.fr\/drane\/index.php?rest_route=%2Fwp%2Fv2%2Fcategories&post=3068"},{"taxonomy":"post_tag","embeddable":true,"href":"https:\/\/site.ac-martinique.fr\/drane\/index.php?rest_route=%2Fwp%2Fv2%2Ftags&post=3068"}],"curies":[{"name":"wp","href":"https:\/\/api.w.org\/{rel}","templated":true}]}}