{"id":3767,"date":"2023-11-04T09:00:54","date_gmt":"2023-11-04T13:00:54","guid":{"rendered":"https:\/\/site.ac-martinique.fr\/drane\/?p=3767"},"modified":"2023-12-18T08:39:07","modified_gmt":"2023-12-18T12:39:07","slug":"appel-a-projets-traam-2023-2024","status":"publish","type":"post","link":"https:\/\/site.ac-martinique.fr\/drane\/?p=3767","title":{"rendered":"Appel \u00e0 projets TraAm 2023-2024"},"content":{"rendered":"\n<p>L&rsquo;appel \u00e0 candidature lanc\u00e9 pour les <strong>Travaux acad\u00e9miques mutualis\u00e9s <\/strong>(TraAM) 2023-2024, un dispositif co-pilot\u00e9 par la direction du num\u00e9rique pour l&rsquo;\u00e9ducation et l&rsquo;inspection g\u00e9n\u00e9rale et qui permet de favoriser la rencontre entre les acad\u00e9mies autour de th\u00e8mes \u00e9mergents du num\u00e9rique \u00e9ducatif a vu deux projets de l&rsquo;acad\u00e9mie retenus par le minist\u00e8re. Il s&rsquo;agit du projet propos\u00e9 par une \u00e9quipe de langues vivantes autour des usages de l&rsquo;intelligence artificielle dans les disciplines et de celui d&rsquo;une \u00e9quipe de biotechnologie sur l&rsquo;usage du num\u00e9rique dans la d\u00e9marche de projet par les \u00e9l\u00e8ves.<\/p>\n\n\n\n<p>Les TraAM se concr\u00e9tisent par des productions de sc\u00e9narios p\u00e9dagogiques avec usages du num\u00e9rique et en lien avec le cadre de r\u00e9f\u00e9rence des comp\u00e9tences num\u00e9riques (<a href=\"https:\/\/eduscol.education.fr\/738\/cadre-de-reference-des-competences-numeriques\">CRCN<\/a>). <\/p>\n\n\n\n<p>Le premier degr\u00e9 \u00e9tait invit\u00e9 \u00e0 participer avec un th\u00e8me sp\u00e9cifique ou \u00e0 d\u2019autres th\u00e8mes dans le cadre de la liaison Ecole-Coll\u00e8ge.<\/p>\n\n\n\n<p>Vous trouverez ici la<a href=\"https:\/\/eduscol.education.fr\/2452\/les-travaux-academiques-mutualises-traam-bilans-et-perspectives#summary-item-0\"> liste des th\u00e8mes <\/a>des groupes de travail 2023-2024, <a href=\"https:\/\/eduscol.education.fr\/692\/les-travaux-academiques-mutualises-traam#summary-item-6\">le cahier des charges des\u00a0TraAM\u00a0et le vade-mecum <\/a>pour les corps d\u2019inspection disponibles sur \u00ab\u00a0\u00e9duscol\u00a0\u00bb.<\/p>\n\n\n\n<p>La DRANE est \u00e0 votre disposition pour toute question sur le sujet.<\/p>\n\n\n\n<figure class=\"wp-block-image size-large\"><img decoding=\"async\" src=\"https:\/\/eduscol.education.fr\/sites\/default\/files\/2021-03\/vignette_eduscol_952x45390_numerique_traam.jpg\" alt=\"\"\/><\/figure>\n","protected":false},"excerpt":{"rendered":"<p>L&rsquo;appel \u00e0 candidature lanc\u00e9 pour les Travaux acad\u00e9miques mutualis\u00e9s (TraAM) 2023-2024, un dispositif co-pilot\u00e9 par la direction du num\u00e9rique pour l&rsquo;\u00e9ducation et l&rsquo;inspection g\u00e9n\u00e9rale et qui permet de favoriser la rencontre entre les acad\u00e9mies autour de th\u00e8mes \u00e9mergents du num\u00e9rique \u00e9ducatif a vu deux projets de l&rsquo;acad\u00e9mie retenus par le&#8230; <a class=\"continue-reading-link\" href=\"https:\/\/site.ac-martinique.fr\/drane\/?p=3767\">Lire la suite&#8230; <span class=\"meta-nav\">&rarr; <\/span><\/a><\/p>\n","protected":false},"author":266,"featured_media":4356,"comment_status":"closed","ping_status":"closed","sticky":false,"template":"","format":"standard","meta":{"footnotes":"","_links_to":"","_links_to_target":""},"categories":[1,12,4,64],"tags":[97,69,65],"class_list":["post-3767","post","type-post","status-publish","format-standard","has-post-thumbnail","hentry","category-actualites","category-enseigner","category-inno","category-traam","tag-aap","tag-crcn","tag-traam"],"_links":{"self":[{"href":"https:\/\/site.ac-martinique.fr\/drane\/index.php?rest_route=\/wp\/v2\/posts\/3767","targetHints":{"allow":["GET"]}}],"collection":[{"href":"https:\/\/site.ac-martinique.fr\/drane\/index.php?rest_route=\/wp\/v2\/posts"}],"about":[{"href":"https:\/\/site.ac-martinique.fr\/drane\/index.php?rest_route=\/wp\/v2\/types\/post"}],"author":[{"embeddable":true,"href":"https:\/\/site.ac-martinique.fr\/drane\/index.php?rest_route=\/wp\/v2\/users\/266"}],"replies":[{"embeddable":true,"href":"https:\/\/site.ac-martinique.fr\/drane\/index.php?rest_route=%2Fwp%2Fv2%2Fcomments&post=3767"}],"version-history":[{"count":3,"href":"https:\/\/site.ac-martinique.fr\/drane\/index.php?rest_route=\/wp\/v2\/posts\/3767\/revisions"}],"predecessor-version":[{"id":4357,"href":"https:\/\/site.ac-martinique.fr\/drane\/index.php?rest_route=\/wp\/v2\/posts\/3767\/revisions\/4357"}],"wp:featuredmedia":[{"embeddable":true,"href":"https:\/\/site.ac-martinique.fr\/drane\/index.php?rest_route=\/wp\/v2\/media\/4356"}],"wp:attachment":[{"href":"https:\/\/site.ac-martinique.fr\/drane\/index.php?rest_route=%2Fwp%2Fv2%2Fmedia&parent=3767"}],"wp:term":[{"taxonomy":"category","embeddable":true,"href":"https:\/\/site.ac-martinique.fr\/drane\/index.php?rest_route=%2Fwp%2Fv2%2Fcategories&post=3767"},{"taxonomy":"post_tag","embeddable":true,"href":"https:\/\/site.ac-martinique.fr\/drane\/index.php?rest_route=%2Fwp%2Fv2%2Ftags&post=3767"}],"curies":[{"name":"wp","href":"https:\/\/api.w.org\/{rel}","templated":true}]}}