{"id":431,"date":"2021-09-01T15:34:18","date_gmt":"2021-09-01T19:34:18","guid":{"rendered":"https:\/\/site.ac-martinique.fr\/drane\/?p=431"},"modified":"2024-12-09T10:18:18","modified_gmt":"2024-12-09T14:18:18","slug":"les-promeneurs-du-net-a-vos-cotes","status":"publish","type":"post","link":"https:\/\/site.ac-martinique.fr\/drane\/?p=431","title":{"rendered":"Les promeneurs du Net \u00e0 vos c\u00f4t\u00e9s"},"content":{"rendered":"\n<p>\u00ab\u00a0<strong>80&nbsp;% des jeunes \u00e2g\u00e9s entre 11 et 17 ans sont pr\u00e9sents sur le Net une fois par jour, et plus de 48&nbsp;% d\u2019entre eux se connectent aux r\u00e9seaux sociaux plusieurs fois par jour.\u00a0\u00bb L&rsquo;accompagnement de ces usages est une n\u00e9cessit\u00e9 mais toutes les familles ne sont pas \u00e0 m\u00eame de pouvoir le faire et d&rsquo;apprendre \u00e0 leurs enfants \u00e0 se comporter en citoyen num\u00e9rique.<\/strong> Les promeneurs du Net, professionnels sociaux proposent leur aide pour inculquer les bonnes pratiques mais \u00e9galement pour guider et conseiller les jeunes en fonction de leurs questions, de leurs projets mais aussi de leurs inqui\u00e9tudes. L&rsquo;action des Promeneurs du Net s&rsquo;inscrit dans le cadre de l&rsquo;accompagnement social des CAF.<\/p>\n\n\n\n<p>Site Internet : <a href=\"https:\/\/www.promeneursdunet.fr\/\" target=\"_blank\" rel=\"noreferrer noopener\">https:\/\/www.promeneursdunet.fr\/<\/a><\/p>\n\n\n\n<p>Vid\u00e9o de pr\u00e9sentation : <\/p>\n\n\n<p><iframe loading=\"lazy\" title=\"Les Promeneurs du Net\" width=\"560\" height=\"315\" src=\"https:\/\/tube-numerique-educatif.apps.education.fr\/videos\/embed\/db5dc78d-1175-4928-8e82-711ce89f8f55\" frameborder=\"0\" allowfullscreen=\"\" sandbox=\"allow-same-origin allow-scripts allow-popups allow-forms\"><\/iframe><\/p>\n\n\n\n<p>Vid\u00e9o de pr\u00e9sentation des promeneurs du net de Martinique : <\/p>\n\n\n<p><iframe loading=\"lazy\" title=\"Promeneurs du Net 972\" width=\"560\" height=\"315\" src=\"https:\/\/tube-numerique-educatif.apps.education.fr\/videos\/embed\/d8bd8ce8-9c90-4cbe-a67b-98e665edf470\" frameborder=\"0\" allowfullscreen=\"\" sandbox=\"allow-same-origin allow-scripts allow-popups allow-forms\"><\/iframe><\/p>\n\n\n\n<p>Annuaire des promeneurs du net en Martinique :  <a href=\"https:\/\/www.promeneursdunet.fr\/departements\/martinique\" target=\"_blank\" rel=\"noreferrer noopener\">https:\/\/www.promeneursdunet.fr\/departements\/martinique<\/a><\/p>\n\n\n\n<figure class=\"wp-block-image size-large\"><img loading=\"lazy\" decoding=\"async\" width=\"743\" height=\"1024\" src=\"https:\/\/site.ac-martinique.fr\/drane\/wp-content\/uploads\/sites\/100\/2021\/09\/Promeneurs-du-net-Martinique-Web-743x1024.jpg\" alt=\"\" class=\"wp-image-439\" srcset=\"https:\/\/site.ac-martinique.fr\/drane\/wp-content\/uploads\/sites\/100\/2021\/09\/Promeneurs-du-net-Martinique-Web-743x1024.jpg 743w, https:\/\/site.ac-martinique.fr\/drane\/wp-content\/uploads\/sites\/100\/2021\/09\/Promeneurs-du-net-Martinique-Web-218x300.jpg 218w, https:\/\/site.ac-martinique.fr\/drane\/wp-content\/uploads\/sites\/100\/2021\/09\/Promeneurs-du-net-Martinique-Web-768x1058.jpg 768w, https:\/\/site.ac-martinique.fr\/drane\/wp-content\/uploads\/sites\/100\/2021\/09\/Promeneurs-du-net-Martinique-Web.jpg 929w\" sizes=\"auto, (max-width: 743px) 100vw, 743px\" \/><\/figure>\n","protected":false},"excerpt":{"rendered":"<p>\u00ab\u00a080&nbsp;% des jeunes \u00e2g\u00e9s entre 11 et 17 ans sont pr\u00e9sents sur le Net une fois par jour, et plus de 48&nbsp;% d\u2019entre eux se connectent aux r\u00e9seaux sociaux plusieurs fois par jour.\u00a0\u00bb L&rsquo;accompagnement de ces usages est une n\u00e9cessit\u00e9 mais toutes les familles ne sont pas \u00e0 m\u00eame de&#8230; <a class=\"continue-reading-link\" href=\"https:\/\/site.ac-martinique.fr\/drane\/?p=431\">Lire la suite&#8230; <span class=\"meta-nav\">&rarr; <\/span><\/a><\/p>\n","protected":false},"author":266,"featured_media":439,"comment_status":"closed","ping_status":"closed","sticky":false,"template":"","format":"standard","meta":{"footnotes":"","_links_to":"","_links_to_target":""},"categories":[1,27,70,31],"tags":[53,54,55],"class_list":["post-431","post","type-post","status-publish","format-standard","has-post-thumbnail","hentry","category-actualites","category-eduquer","category-partenaires","category-partenariats","tag-emi","tag-reseaux-sociaux","tag-sante"],"_links":{"self":[{"href":"https:\/\/site.ac-martinique.fr\/drane\/index.php?rest_route=\/wp\/v2\/posts\/431","targetHints":{"allow":["GET"]}}],"collection":[{"href":"https:\/\/site.ac-martinique.fr\/drane\/index.php?rest_route=\/wp\/v2\/posts"}],"about":[{"href":"https:\/\/site.ac-martinique.fr\/drane\/index.php?rest_route=\/wp\/v2\/types\/post"}],"author":[{"embeddable":true,"href":"https:\/\/site.ac-martinique.fr\/drane\/index.php?rest_route=\/wp\/v2\/users\/266"}],"replies":[{"embeddable":true,"href":"https:\/\/site.ac-martinique.fr\/drane\/index.php?rest_route=%2Fwp%2Fv2%2Fcomments&post=431"}],"version-history":[{"count":13,"href":"https:\/\/site.ac-martinique.fr\/drane\/index.php?rest_route=\/wp\/v2\/posts\/431\/revisions"}],"predecessor-version":[{"id":5342,"href":"https:\/\/site.ac-martinique.fr\/drane\/index.php?rest_route=\/wp\/v2\/posts\/431\/revisions\/5342"}],"wp:featuredmedia":[{"embeddable":true,"href":"https:\/\/site.ac-martinique.fr\/drane\/index.php?rest_route=\/wp\/v2\/media\/439"}],"wp:attachment":[{"href":"https:\/\/site.ac-martinique.fr\/drane\/index.php?rest_route=%2Fwp%2Fv2%2Fmedia&parent=431"}],"wp:term":[{"taxonomy":"category","embeddable":true,"href":"https:\/\/site.ac-martinique.fr\/drane\/index.php?rest_route=%2Fwp%2Fv2%2Fcategories&post=431"},{"taxonomy":"post_tag","embeddable":true,"href":"https:\/\/site.ac-martinique.fr\/drane\/index.php?rest_route=%2Fwp%2Fv2%2Ftags&post=431"}],"curies":[{"name":"wp","href":"https:\/\/api.w.org\/{rel}","templated":true}]}}