{"id":4490,"date":"2024-01-29T15:31:02","date_gmt":"2024-01-29T19:31:02","guid":{"rendered":"https:\/\/site.ac-martinique.fr\/drane\/?p=4490"},"modified":"2024-02-26T11:14:00","modified_gmt":"2024-02-26T15:14:00","slug":"safer-internet-day-2024","status":"publish","type":"post","link":"https:\/\/site.ac-martinique.fr\/drane\/?p=4490","title":{"rendered":"Safer Internet Day 2024 &#8211; Des \u00ab\u00a0kits ateliers\u00a0\u00bb pour les enseignants et les parents"},"content":{"rendered":"\n<p>Le <strong>Safer Internet Day<\/strong> est la journ\u00e9e mondiale pour un Internet sans crainte, \u00e0 destination des jeunes, de leurs familles, des professionnels de l\u2019\u00e9ducation et de la protection de l\u2019enfance. Cette ann\u00e9e, la 21e \u00e9dition se d\u00e9roulera du 6 f\u00e9vrier 2024 jusqu&rsquo;\u00e0 la fin du mois de mars !<\/p>\n\n\n<div class=\"wp-block-image\">\n<figure class=\"aligncenter size-full is-resized\"><img loading=\"lazy\" decoding=\"async\" width=\"800\" height=\"464\" src=\"https:\/\/site.ac-martinique.fr\/drane\/wp-content\/uploads\/sites\/100\/2024\/01\/sid_2024_logo_site.png\" alt=\"\" class=\"wp-image-4491\" style=\"width:509px;height:auto\" srcset=\"https:\/\/site.ac-martinique.fr\/drane\/wp-content\/uploads\/sites\/100\/2024\/01\/sid_2024_logo_site.png 800w, https:\/\/site.ac-martinique.fr\/drane\/wp-content\/uploads\/sites\/100\/2024\/01\/sid_2024_logo_site-300x174.png 300w, https:\/\/site.ac-martinique.fr\/drane\/wp-content\/uploads\/sites\/100\/2024\/01\/sid_2024_logo_site-768x445.png 768w, https:\/\/site.ac-martinique.fr\/drane\/wp-content\/uploads\/sites\/100\/2024\/01\/sid_2024_logo_site-150x87.png 150w, https:\/\/site.ac-martinique.fr\/drane\/wp-content\/uploads\/sites\/100\/2024\/01\/sid_2024_logo_site-250x145.png 250w\" sizes=\"auto, (max-width: 800px) 100vw, 800px\" \/><\/figure>\n<\/div>\n\n\n<hr class=\"wp-block-separator has-alpha-channel-opacity\"\/>\n\n\n\n<p>Cette ann\u00e9e, le th\u00e8me \u00ab\u00a0Connect\u00e9s, engag\u00e9s\u2026 et toi ?\u00a0\u00bb invite les \u00e9l\u00e8ves \u00e0 adopter un comportement responsable dans leurs usages, leurs relations num\u00e9riques avec les autres et envers la plan\u00e8te. Au-del\u00e0 de cette invitation, les \u00e9quipes p\u00e9dagogiques pourront s&rsquo;appuyer surfes kits cl\u00e9 en main pour mettre en place des ateliers et actions demandant aux \u00e9l\u00e8ves de s\u2019engager \u00e0 respecter ces bonnes pratiques en ligne. Un prolongement pourra \u00eatre propos\u00e9 aux parents les invitant \u00e0 \u00e9changer avec leurs enfants \u00e0 l\u2019aide du guide fourni.<\/p>\n\n\n\n<p>Int\u00e9gr\u00e9 au programme pHARe du Minist\u00e8re de l\u2019\u00c9ducation nationale, le Safer Internet Day est aussi l&rsquo;occasion de se mobiliser et de valoriser les actions de lutte contre le cyberharc\u00e8lement.<\/p>\n\n\n\n<h3 class=\"wp-block-heading has-vivid-cyan-blue-color has-text-color has-link-color wp-elements-67548033838c56ef94e84204e33163fb\">Vous \u00eates enseignant&#8230;<\/h3>\n\n\n\n<p>Le jeudi 21 mars 2024 a \u00e9t\u00e9 retenu comme temps fort au niveau acad\u00e9mique pour l\u2019\u00e9v\u00e9nement. Une m\u00e9diatisation particuli\u00e8re sera ainsi r\u00e9alis\u00e9e pour les actions organis\u00e9es ce jour et r\u00e9f\u00e9renc\u00e9es sur le site du Safer Internet Day.<br>Pour d\u00e9clarer votre action, il suffit de compl\u00e9ter, avant le 15 mars, le formulaire disponible \u00e0 l\u2019adresse : <a href=\"https:\/\/www.internetsanscrainte.fr\/sid\/enseignant\/referencez-votre-atelier\">https:\/\/www.internetsanscrainte.fr\/sid\/enseignant\/referencez-votre-atelier<\/a><\/p>\n\n\n\n<p>Comme chaque ann\u00e9e, le site <a href=\"https:\/\/www.internetsanscrainte.fr\/sid\">Internet sans crainte<\/a> met \u00e0 disposition des enseignants des \u00ab\u00a0kits ateliers\u00a0\u00bb cl\u00e9 en main, adapt\u00e9s \u00e0 diff\u00e9rents niveaux scolaires.<\/p>\n\n\n\n<p>Trois s\u00e9ances leurs sont propos\u00e9es permettant de travailler 9 engagements de la part des \u00e9l\u00e8ves pour \u00eatre responsable en ligne\u00a0:<\/p>\n\n\n\n<ol class=\"wp-block-list\" start=\"1\">\n<li><strong>\u00ab&nbsp;Je dompte mes algorithmes&nbsp;\u00bb&nbsp;: <\/strong>pour prot\u00e9ger son identit\u00e9 num\u00e9rique<strong>, <\/strong>pour \u00e9quilibrer sa vie en ligne et hors ligne et pour utiliser les r\u00e9seaux avec vigilance.<\/li>\n\n\n\n<li><strong>\u00ab&nbsp;Le GOAT, c\u2019est moi !&nbsp;\u00bb&nbsp;<\/strong>: pour respecter les autres, pour agir contre le harc\u00e8lement et pour mieux d\u00e9celer les fausses informations.<\/li>\n\n\n\n<li><strong>\u00ab\u00a0Mon impact : je g\u00e8re !\u00a0\u00bb\u00a0: p<\/strong>our adopter les bons gestes envers la plan\u00e8te\u00a0:\u00a0usages de l\u2019internet, dur\u00e9e de vie du mat\u00e9riel, achats \u00e9cologiques.<\/li>\n<\/ol>\n\n\n<div class=\"wp-block-image\">\n<figure class=\"aligncenter size-large\"><img loading=\"lazy\" decoding=\"async\" width=\"1024\" height=\"724\" src=\"https:\/\/site.ac-martinique.fr\/drane\/wp-content\/uploads\/sites\/100\/2024\/02\/9_engagements_cycle4_lycee_sid2024-1024x724.jpg\" alt=\"\" class=\"wp-image-4590\" srcset=\"https:\/\/site.ac-martinique.fr\/drane\/wp-content\/uploads\/sites\/100\/2024\/02\/9_engagements_cycle4_lycee_sid2024-1024x724.jpg 1024w, https:\/\/site.ac-martinique.fr\/drane\/wp-content\/uploads\/sites\/100\/2024\/02\/9_engagements_cycle4_lycee_sid2024-300x212.jpg 300w, https:\/\/site.ac-martinique.fr\/drane\/wp-content\/uploads\/sites\/100\/2024\/02\/9_engagements_cycle4_lycee_sid2024-768x543.jpg 768w, https:\/\/site.ac-martinique.fr\/drane\/wp-content\/uploads\/sites\/100\/2024\/02\/9_engagements_cycle4_lycee_sid2024-1536x1086.jpg 1536w, https:\/\/site.ac-martinique.fr\/drane\/wp-content\/uploads\/sites\/100\/2024\/02\/9_engagements_cycle4_lycee_sid2024-2048x1447.jpg 2048w, https:\/\/site.ac-martinique.fr\/drane\/wp-content\/uploads\/sites\/100\/2024\/02\/9_engagements_cycle4_lycee_sid2024-150x106.jpg 150w, https:\/\/site.ac-martinique.fr\/drane\/wp-content\/uploads\/sites\/100\/2024\/02\/9_engagements_cycle4_lycee_sid2024-212x150.jpg 212w\" sizes=\"auto, (max-width: 1024px) 100vw, 1024px\" \/><figcaption class=\"wp-element-caption\"><em><a href=\"https:\/\/site.ac-martinique.fr\/drane\/wp-content\/uploads\/sites\/100\/2024\/02\/9_engagements_cycle4_lycee_sid2024.pdf\" target=\"_blank\" rel=\"noreferrer noopener\">Cliquez ici pour t\u00e9l\u00e9charger le document au format pdf.<\/a><\/em><\/figcaption><\/figure>\n<\/div>\n\n\n<p> Ces kits sont t\u00e9l\u00e9chargeables en cliquant sur les images ci-dessous.<\/p>\n\n\n\n<div class=\"wp-block-columns is-layout-flex wp-container-core-columns-is-layout-abceabcf wp-block-columns-is-layout-flex\">\n<div class=\"wp-block-column is-layout-flow wp-block-column-is-layout-flow\" style=\"--col-width:5%;flex-basis:5%\"><\/div>\n\n\n\n<div class=\"wp-block-column is-layout-flow wp-block-column-is-layout-flow\">\n<figure class=\"wp-block-image size-full\"><a href=\"https:\/\/www.internetsanscrainte.fr\/ressources\/connectes-engages-et-toi-ce2-cycle\" target=\"_blank\" rel=\"noreferrer noopener\"><img loading=\"lazy\" decoding=\"async\" width=\"446\" height=\"102\" src=\"https:\/\/site.ac-martinique.fr\/drane\/wp-content\/uploads\/sites\/100\/2024\/02\/Capture-decran-2024-02-06-a-08.43.47.png\" alt=\"\" class=\"wp-image-4504\" srcset=\"https:\/\/site.ac-martinique.fr\/drane\/wp-content\/uploads\/sites\/100\/2024\/02\/Capture-decran-2024-02-06-a-08.43.47.png 446w, https:\/\/site.ac-martinique.fr\/drane\/wp-content\/uploads\/sites\/100\/2024\/02\/Capture-decran-2024-02-06-a-08.43.47-300x69.png 300w, https:\/\/site.ac-martinique.fr\/drane\/wp-content\/uploads\/sites\/100\/2024\/02\/Capture-decran-2024-02-06-a-08.43.47-150x34.png 150w, https:\/\/site.ac-martinique.fr\/drane\/wp-content\/uploads\/sites\/100\/2024\/02\/Capture-decran-2024-02-06-a-08.43.47-250x57.png 250w\" sizes=\"auto, (max-width: 446px) 100vw, 446px\" \/><\/a><\/figure>\n\n\n\n<p class=\"has-text-align-center\"><strong>KIT PRIMAIRE<\/strong><\/p>\n<\/div>\n\n\n\n<div class=\"wp-block-column is-layout-flow wp-block-column-is-layout-flow\">\n<figure class=\"wp-block-image size-full\"><a href=\"https:\/\/www.internetsanscrainte.fr\/ressources\/connectes-engages-et-toi-cycle-lycee\" target=\"_blank\" rel=\"noreferrer noopener\"><img loading=\"lazy\" decoding=\"async\" width=\"450\" height=\"111\" src=\"https:\/\/site.ac-martinique.fr\/drane\/wp-content\/uploads\/sites\/100\/2024\/02\/Capture-decran-2024-02-06-a-08.44.14.png\" alt=\"\" class=\"wp-image-4505\" srcset=\"https:\/\/site.ac-martinique.fr\/drane\/wp-content\/uploads\/sites\/100\/2024\/02\/Capture-decran-2024-02-06-a-08.44.14.png 450w, https:\/\/site.ac-martinique.fr\/drane\/wp-content\/uploads\/sites\/100\/2024\/02\/Capture-decran-2024-02-06-a-08.44.14-300x74.png 300w, https:\/\/site.ac-martinique.fr\/drane\/wp-content\/uploads\/sites\/100\/2024\/02\/Capture-decran-2024-02-06-a-08.44.14-150x37.png 150w, https:\/\/site.ac-martinique.fr\/drane\/wp-content\/uploads\/sites\/100\/2024\/02\/Capture-decran-2024-02-06-a-08.44.14-250x62.png 250w\" sizes=\"auto, (max-width: 450px) 100vw, 450px\" \/><\/a><\/figure>\n\n\n\n<p class=\"has-text-align-center\"><strong>KIT COLLEGE &#8211; LYCEE<\/strong><\/p>\n<\/div>\n\n\n\n<div class=\"wp-block-column is-layout-flow wp-block-column-is-layout-flow\" style=\"--col-width:5%;flex-basis:5%\"><\/div>\n<\/div>\n\n\n\n<p>D&rsquo;autres ressources par th\u00e8me sont disponibles sur le site <a href=\"https:\/\/www.internetsanscrainte.fr\/sid\/enseignant\">Internet sans crainte<\/a> :<\/p>\n\n\n\n<ul class=\"wp-block-list\">\n<li>Les r\u00e9seaux sociaux<\/li>\n\n\n\n<li>Education au respect et \u00e0 l&#8217;empathie<\/li>\n\n\n\n<li>Le harc\u00e8lement et le cyberharc\u00e8lement<\/li>\n\n\n\n<li>L&rsquo;\u00e9ducation \u00e0 l&rsquo;information en ligne<\/li>\n\n\n\n<li>Les donn\u00e9es et le coding<\/li>\n\n\n\n<li>t\u00e9l\u00e9chargement Les jeux vid\u00e9o<\/li>\n\n\n\n<li>t\u00e9l\u00e9chargement La parentalit\u00e9 num\u00e9rique<\/li>\n<\/ul>\n\n\n\n<h3 class=\"wp-block-heading has-vivid-cyan-blue-color has-text-color has-link-color wp-elements-4236774af98ffe95b446bf238589660e\">Vous \u00eates parents&#8230;<\/h3>\n\n\n\n<h5 class=\"wp-block-heading has-vivid-purple-color has-text-color has-link-color wp-elements-c33dcb437f5e69d07ed2aa9b50cd10bf\">Le guide parents SID 2024<\/h5>\n\n\n\n<p>Vous souhaitez explorer en famille tous les bons r\u00e9flexes \u00e0 adopter pour devenir un internaute engag\u00e9 et responsable en ligne. D\u00e9couvrez les guides interactifs parents-enfants 2024 en cliquant sur les images ci-dessous . Ils proposent des activit\u00e9s ludiques faites de quiz et de vid\u00e9os.<\/p>\n\n\n\n<div class=\"wp-block-columns is-layout-flex wp-container-core-columns-is-layout-abceabcf wp-block-columns-is-layout-flex\">\n<div class=\"wp-block-column is-vertically-aligned-top is-layout-flow wp-block-column-is-layout-flow\" style=\"--col-width:5%;flex-basis:5%\"><\/div>\n\n\n\n<div class=\"wp-block-column is-vertically-aligned-top is-layout-flow wp-block-column-is-layout-flow\">\n<figure class=\"wp-block-image size-full\"><a href=\"https:\/\/www.internetsanscrainte.fr\/ressources\/guide-parents-enfants-sid-2024\" target=\"_blank\" rel=\"noreferrer noopener\"><img loading=\"lazy\" decoding=\"async\" width=\"422\" height=\"287\" src=\"https:\/\/site.ac-martinique.fr\/drane\/wp-content\/uploads\/sites\/100\/2024\/02\/Capture-decran-2024-02-06-a-09.17.49.png\" alt=\"\" class=\"wp-image-4517\" srcset=\"https:\/\/site.ac-martinique.fr\/drane\/wp-content\/uploads\/sites\/100\/2024\/02\/Capture-decran-2024-02-06-a-09.17.49.png 422w, https:\/\/site.ac-martinique.fr\/drane\/wp-content\/uploads\/sites\/100\/2024\/02\/Capture-decran-2024-02-06-a-09.17.49-300x204.png 300w, https:\/\/site.ac-martinique.fr\/drane\/wp-content\/uploads\/sites\/100\/2024\/02\/Capture-decran-2024-02-06-a-09.17.49-150x102.png 150w, https:\/\/site.ac-martinique.fr\/drane\/wp-content\/uploads\/sites\/100\/2024\/02\/Capture-decran-2024-02-06-a-09.17.49-221x150.png 221w\" sizes=\"auto, (max-width: 422px) 100vw, 422px\" \/><\/a><\/figure>\n\n\n\n<p class=\"has-text-align-center\"><strong>Guide parents-enfants 2024<\/strong><\/p>\n<\/div>\n\n\n\n<div class=\"wp-block-column is-layout-flow wp-block-column-is-layout-flow\">\n<figure class=\"wp-block-image size-full\"><a href=\"https:\/\/www.internetsanscrainte.fr\/ressources\/guide-parents-enfants-sid-2024\" target=\"_blank\" rel=\"noreferrer noopener\"><img loading=\"lazy\" decoding=\"async\" width=\"423\" height=\"285\" src=\"https:\/\/site.ac-martinique.fr\/drane\/wp-content\/uploads\/sites\/100\/2024\/02\/Capture-decran-2024-02-06-a-09.17.55.png\" alt=\"\" class=\"wp-image-4518\" srcset=\"https:\/\/site.ac-martinique.fr\/drane\/wp-content\/uploads\/sites\/100\/2024\/02\/Capture-decran-2024-02-06-a-09.17.55.png 423w, https:\/\/site.ac-martinique.fr\/drane\/wp-content\/uploads\/sites\/100\/2024\/02\/Capture-decran-2024-02-06-a-09.17.55-300x202.png 300w, https:\/\/site.ac-martinique.fr\/drane\/wp-content\/uploads\/sites\/100\/2024\/02\/Capture-decran-2024-02-06-a-09.17.55-150x101.png 150w, https:\/\/site.ac-martinique.fr\/drane\/wp-content\/uploads\/sites\/100\/2024\/02\/Capture-decran-2024-02-06-a-09.17.55-223x150.png 223w\" sizes=\"auto, (max-width: 423px) 100vw, 423px\" \/><\/a><\/figure>\n\n\n\n<p class=\"has-text-align-center\"><strong>Guide parents-ados 2024<\/strong><\/p>\n<\/div>\n\n\n\n<div class=\"wp-block-column is-layout-flow wp-block-column-is-layout-flow\">\n<figure class=\"wp-block-image size-full\"><a href=\"https:\/\/www.internetsanscrainte.fr\/programmes\/faminum\" target=\"_blank\" rel=\"noreferrer noopener\"><img loading=\"lazy\" decoding=\"async\" width=\"421\" height=\"286\" src=\"https:\/\/site.ac-martinique.fr\/drane\/wp-content\/uploads\/sites\/100\/2024\/02\/Capture-decran-2024-02-06-a-09.30.09.png\" alt=\"\" class=\"wp-image-4521\" srcset=\"https:\/\/site.ac-martinique.fr\/drane\/wp-content\/uploads\/sites\/100\/2024\/02\/Capture-decran-2024-02-06-a-09.30.09.png 421w, https:\/\/site.ac-martinique.fr\/drane\/wp-content\/uploads\/sites\/100\/2024\/02\/Capture-decran-2024-02-06-a-09.30.09-300x204.png 300w, https:\/\/site.ac-martinique.fr\/drane\/wp-content\/uploads\/sites\/100\/2024\/02\/Capture-decran-2024-02-06-a-09.30.09-150x102.png 150w, https:\/\/site.ac-martinique.fr\/drane\/wp-content\/uploads\/sites\/100\/2024\/02\/Capture-decran-2024-02-06-a-09.30.09-221x150.png 221w\" sizes=\"auto, (max-width: 421px) 100vw, 421px\" \/><\/a><\/figure>\n\n\n\n<p class=\"has-text-align-center\"><strong>FAMINUM &#8211; cr\u00e9er vos propres r\u00e8gles d&rsquo;utilisation des \u00e9crans \u00e0 la maison<\/strong><\/p>\n<\/div>\n\n\n\n<div class=\"wp-block-column is-layout-flow wp-block-column-is-layout-flow\" style=\"--col-width:5%;flex-basis:5%\"><\/div>\n<\/div>\n\n\n\n<p>D\u00e9couvrez d&rsquo;autres ressources sur <a href=\"https:\/\/www.internetsanscrainte.fr\/sid\/parents\">https:\/\/www.internetsanscrainte.fr\/sid\/parents<\/a>.<\/p>\n\n\n\n<h5 class=\"wp-block-heading has-vivid-purple-color has-text-color has-link-color wp-elements-9cabae400090f493a3296cf352066002\">Les d\u00e9fis Pix pour les parents\u00a0<\/h5>\n\n\n\n<p>Pix propose des d\u00e9fis d\u00e9di\u00e9s \u00e0 la parentalit\u00e9 num\u00e9rique. En seulement cinq minutes, les parents pourront acqu\u00e9rir des connaissances essentielles sur des th\u00e9matiques telles que la majorit\u00e9 num\u00e9rique, le signalement des commentaires d\u00e9plac\u00e9s ou encore le param\u00e9trage des contr\u00f4les sur les appareils mobiles gr\u00e2ce \u00e0 Pix. Ainsi, ils pourront d\u00e9couvrir les bonnes pratiques pour guider au mieux leurs enfants dans l&rsquo;univers du num\u00e9rique.<\/p>\n\n\n\n<p><strong>Pr\u00eat(e) \u00e0 relever le d\u00e9fi ?\u00a0<\/strong>\u00c7a se passe par ici :\u00a0<strong><a href=\"https:\/\/app.pix.fr\/campagnes\/DDRXBL956\" target=\"_blank\" rel=\"noreferrer noopener\">Relever les d\u00e9fis Pix pour les parents<\/a><\/strong>\u00a0!<\/p>\n","protected":false},"excerpt":{"rendered":"<p>Le Safer Internet Day est la journ\u00e9e mondiale pour un Internet sans crainte, \u00e0 destination des jeunes, de leurs familles, des professionnels de l\u2019\u00e9ducation et de la protection de l\u2019enfance. Cette ann\u00e9e, la 21e \u00e9dition se d\u00e9roulera du 6 f\u00e9vrier 2024 jusqu&rsquo;\u00e0 la fin du mois de mars ! Cette&#8230; <a class=\"continue-reading-link\" href=\"https:\/\/site.ac-martinique.fr\/drane\/?p=4490\">Lire la suite&#8230; <span class=\"meta-nav\">&rarr; <\/span><\/a><\/p>\n","protected":false},"author":228,"featured_media":4458,"comment_status":"closed","ping_status":"closed","sticky":false,"template":"","format":"standard","meta":{"footnotes":"","_links_to":"","_links_to_target":""},"categories":[1,17,130,89],"tags":[69,53],"class_list":["post-4490","post","type-post","status-publish","format-standard","has-post-thumbnail","hentry","category-actualites","category-crcn-et-pix","category-emi","category-internet-sans-crainte","tag-crcn","tag-emi"],"_links":{"self":[{"href":"https:\/\/site.ac-martinique.fr\/drane\/index.php?rest_route=\/wp\/v2\/posts\/4490","targetHints":{"allow":["GET"]}}],"collection":[{"href":"https:\/\/site.ac-martinique.fr\/drane\/index.php?rest_route=\/wp\/v2\/posts"}],"about":[{"href":"https:\/\/site.ac-martinique.fr\/drane\/index.php?rest_route=\/wp\/v2\/types\/post"}],"author":[{"embeddable":true,"href":"https:\/\/site.ac-martinique.fr\/drane\/index.php?rest_route=\/wp\/v2\/users\/228"}],"replies":[{"embeddable":true,"href":"https:\/\/site.ac-martinique.fr\/drane\/index.php?rest_route=%2Fwp%2Fv2%2Fcomments&post=4490"}],"version-history":[{"count":27,"href":"https:\/\/site.ac-martinique.fr\/drane\/index.php?rest_route=\/wp\/v2\/posts\/4490\/revisions"}],"predecessor-version":[{"id":4609,"href":"https:\/\/site.ac-martinique.fr\/drane\/index.php?rest_route=\/wp\/v2\/posts\/4490\/revisions\/4609"}],"wp:featuredmedia":[{"embeddable":true,"href":"https:\/\/site.ac-martinique.fr\/drane\/index.php?rest_route=\/wp\/v2\/media\/4458"}],"wp:attachment":[{"href":"https:\/\/site.ac-martinique.fr\/drane\/index.php?rest_route=%2Fwp%2Fv2%2Fmedia&parent=4490"}],"wp:term":[{"taxonomy":"category","embeddable":true,"href":"https:\/\/site.ac-martinique.fr\/drane\/index.php?rest_route=%2Fwp%2Fv2%2Fcategories&post=4490"},{"taxonomy":"post_tag","embeddable":true,"href":"https:\/\/site.ac-martinique.fr\/drane\/index.php?rest_route=%2Fwp%2Fv2%2Ftags&post=4490"}],"curies":[{"name":"wp","href":"https:\/\/api.w.org\/{rel}","templated":true}]}}