{"id":5639,"date":"2025-04-11T12:11:55","date_gmt":"2025-04-11T16:11:55","guid":{"rendered":"https:\/\/site.ac-martinique.fr\/drane\/?p=5639"},"modified":"2025-04-28T10:40:20","modified_gmt":"2025-04-28T14:40:20","slug":"appel-a-projets-webradio-et-ia","status":"publish","type":"post","link":"https:\/\/site.ac-martinique.fr\/drane\/?p=5639","title":{"rendered":"Appel \u00e0 projets \u00ab\u00a0Webradio et IA\u00a0\u00bb"},"content":{"rendered":"\n<figure class=\"wp-block-image size-full\"><img loading=\"lazy\" decoding=\"async\" width=\"178\" height=\"162\" src=\"https:\/\/site.ac-martinique.fr\/drane\/wp-content\/uploads\/sites\/100\/2023\/11\/image-7.png\" alt=\"\" class=\"wp-image-4207\" srcset=\"https:\/\/site.ac-martinique.fr\/drane\/wp-content\/uploads\/sites\/100\/2023\/11\/image-7.png 178w, https:\/\/site.ac-martinique.fr\/drane\/wp-content\/uploads\/sites\/100\/2023\/11\/image-7-150x137.png 150w, https:\/\/site.ac-martinique.fr\/drane\/wp-content\/uploads\/sites\/100\/2023\/11\/image-7-165x150.png 165w\" sizes=\"auto, (max-width: 178px) 100vw, 178px\" \/><\/figure>\n\n\n\n<p>L&rsquo;acad\u00e9mie de Martinique lance un appel \u00e0 projets intitul\u00e9 \u00ab\u00a0Webradio et IA\u00a0\u00bb aupr\u00e8s des \u00e9tablissements non \u00e9quip\u00e9s du second degr\u00e9, tous niveaux confondus (publics et priv\u00e9s sous contrat) de l\u2019acad\u00e9mie de Martinique qui souhaitent faire vivre l\u2019Education aux m\u00e9dias et \u00e0 l\u2019information en d\u00e9veloppant un projet de webradio incluant l\u2019usage de l\u2019intelligence artificielle (IA).<\/p>\n\n\n\n<p>Port\u00e9es par une \u00e9quipe pluridisciplinaire, les propositions doivent inclure&nbsp;:<\/p>\n\n\n\n<ul class=\"wp-block-list\">\n<li><strong>Le lancement d\u2019une webradio <\/strong>avec la r\u00e9alisation d\u2019\u00e9missions sur des th\u00e8mes en lien avec l\u2019IA pour les \u00e9l\u00e8ves (les enjeux, l\u2019\u00e9thique, le droit d\u2019auteur, les usages, etc.).<\/li>\n\n\n\n<li><strong>L\u2019utilisation de l&rsquo;IA pour l\u2019animation et la cr\u00e9ation de contenus en webradios<\/strong> : l\u2019int\u00e9gration d&rsquo;outils d\u2019IA pour automatiser certains aspects de la production radiophonique comme la transcription automatique, l\u2019assistance \u00e0 la r\u00e9daction etc.<\/li>\n\n\n\n<li><strong>La conception d\u2019\u00e9missions participatives<\/strong> avec utilisation d&rsquo;outils d\u2019IA pour interagir en direct par exemple par le biais de sondages, d\u00e9bats ou encore de suggestions de sujets.<\/li>\n<\/ul>\n\n\n\n<p>Il est recommand\u00e9 d\u2019adosser \u00e0 chaque projet un parrainage avec un acteur de l\u2019audiovisuel ou un expert en IA pour accompagner les \u00e9l\u00e8ves dans la fabrication de l\u2019information et la gestion de la webradio.Toute structure dont l\u2019expertise est jug\u00e9e utile au service des porteurs de projets pourra \u00eatre associ\u00e9e.<\/p>\n\n\n\n<p>Les \u00e9tablissements souhaitant candidater doivent soumettre un projet p\u00e9dagogique m\u00e9diatique support d\u2019une \u00e9ducation \u00e0 la citoyennet\u00e9 num\u00e9rique en compl\u00e9tant le formulaire pr\u00e9vu <strong><mark>avant le\u00a019 mai 2025.<\/mark><\/strong><\/p>\n\n\n\n<p>Lien du formulaire&nbsp;de candidature : <a href=\"https:\/\/ppe.orion.education.fr\/outremer\/itw\/answer\/s\/ZNUkhgALtR\/k\/kxjU1tD\">https:\/\/ppe.orion.education.fr\/outremer\/itw\/answer\/s\/ZNUkhgALtR\/k\/kxjU1tD<\/a><\/p>\n\n\n\n<p>Vous retrouverez le cahier des charges de l&rsquo;appel \u00e0 projet ici&nbsp;: <a href=\"https:\/\/ppe.orion.education.fr\/outremer\/itw\/lib\/file\/name\/qLNYZJmZNh\">https:\/\/ppe.orion.education.fr\/outremer\/itw\/lib\/file\/name\/qLNYZJmZNh<\/a>.<\/p>\n\n\n\n<p>Le&nbsp;Vademecum pour cr\u00e9er une webradio scolaire est disponible ici&nbsp;: <a href=\"https:\/\/eduscol.education.fr\/document\/33373\/download?attachment\">https:\/\/eduscol.education.fr\/document\/33373\/download?attachment<\/a>.<\/p>\n\n\n\n<p>Les \u00e9tablissements scolaires retenus seront dot\u00e9s par la DRANE d\u2019un kit webradio permettant la captation du son. Ils b\u00e9n\u00e9ficieront d\u2019une formation et pourront solliciter la DRANE pour une aide technique sur l\u2019utilisation du kit<\/p>\n\n\n<div class=\"wp-block-image\">\n<figure class=\"aligncenter size-large is-resized\"><img loading=\"lazy\" decoding=\"async\" width=\"1024\" height=\"576\" src=\"https:\/\/site.ac-martinique.fr\/drane\/wp-content\/uploads\/sites\/100\/2022\/04\/Photo-6-fevrier-2014-1-1024x576.jpg\" alt=\"\" class=\"wp-image-2906\" style=\"width:485px;height:auto\" srcset=\"https:\/\/site.ac-martinique.fr\/drane\/wp-content\/uploads\/sites\/100\/2022\/04\/Photo-6-fevrier-2014-1-1024x576.jpg 1024w, https:\/\/site.ac-martinique.fr\/drane\/wp-content\/uploads\/sites\/100\/2022\/04\/Photo-6-fevrier-2014-1-300x169.jpg 300w, https:\/\/site.ac-martinique.fr\/drane\/wp-content\/uploads\/sites\/100\/2022\/04\/Photo-6-fevrier-2014-1-768x432.jpg 768w, https:\/\/site.ac-martinique.fr\/drane\/wp-content\/uploads\/sites\/100\/2022\/04\/Photo-6-fevrier-2014-1-1536x864.jpg 1536w, https:\/\/site.ac-martinique.fr\/drane\/wp-content\/uploads\/sites\/100\/2022\/04\/Photo-6-fevrier-2014-1-2048x1152.jpg 2048w, https:\/\/site.ac-martinique.fr\/drane\/wp-content\/uploads\/sites\/100\/2022\/04\/Photo-6-fevrier-2014-1-150x84.jpg 150w, https:\/\/site.ac-martinique.fr\/drane\/wp-content\/uploads\/sites\/100\/2022\/04\/Photo-6-fevrier-2014-1-250x141.jpg 250w\" sizes=\"auto, (max-width: 1024px) 100vw, 1024px\" \/><\/figure>\n<\/div>\n\n\n<p><\/p>\n","protected":false},"excerpt":{"rendered":"<p>L&rsquo;acad\u00e9mie de Martinique lance un appel \u00e0 projets intitul\u00e9 \u00ab\u00a0Webradio et IA\u00a0\u00bb aupr\u00e8s des \u00e9tablissements non \u00e9quip\u00e9s du second degr\u00e9, tous niveaux confondus (publics et priv\u00e9s sous contrat) de l\u2019acad\u00e9mie de Martinique qui souhaitent faire vivre l\u2019Education aux m\u00e9dias et \u00e0 l\u2019information en d\u00e9veloppant un projet de webradio incluant l\u2019usage&#8230; <a class=\"continue-reading-link\" href=\"https:\/\/site.ac-martinique.fr\/drane\/?p=5639\">Lire la suite&#8230; <span class=\"meta-nav\">&rarr; <\/span><\/a><\/p>\n","protected":false},"author":266,"featured_media":5651,"comment_status":"closed","ping_status":"closed","sticky":false,"template":"","format":"standard","meta":{"footnotes":"","_links_to":"","_links_to_target":""},"categories":[1,3,130,212],"tags":[97,53,141,102],"class_list":["post-5639","post","type-post","status-publish","format-standard","has-post-thumbnail","hentry","category-actualites","category-app","category-emi","category-ia","tag-aap","tag-emi","tag-ia","tag-webradio"],"_links":{"self":[{"href":"https:\/\/site.ac-martinique.fr\/drane\/index.php?rest_route=\/wp\/v2\/posts\/5639","targetHints":{"allow":["GET"]}}],"collection":[{"href":"https:\/\/site.ac-martinique.fr\/drane\/index.php?rest_route=\/wp\/v2\/posts"}],"about":[{"href":"https:\/\/site.ac-martinique.fr\/drane\/index.php?rest_route=\/wp\/v2\/types\/post"}],"author":[{"embeddable":true,"href":"https:\/\/site.ac-martinique.fr\/drane\/index.php?rest_route=\/wp\/v2\/users\/266"}],"replies":[{"embeddable":true,"href":"https:\/\/site.ac-martinique.fr\/drane\/index.php?rest_route=%2Fwp%2Fv2%2Fcomments&post=5639"}],"version-history":[{"count":3,"href":"https:\/\/site.ac-martinique.fr\/drane\/index.php?rest_route=\/wp\/v2\/posts\/5639\/revisions"}],"predecessor-version":[{"id":5703,"href":"https:\/\/site.ac-martinique.fr\/drane\/index.php?rest_route=\/wp\/v2\/posts\/5639\/revisions\/5703"}],"wp:featuredmedia":[{"embeddable":true,"href":"https:\/\/site.ac-martinique.fr\/drane\/index.php?rest_route=\/wp\/v2\/media\/5651"}],"wp:attachment":[{"href":"https:\/\/site.ac-martinique.fr\/drane\/index.php?rest_route=%2Fwp%2Fv2%2Fmedia&parent=5639"}],"wp:term":[{"taxonomy":"category","embeddable":true,"href":"https:\/\/site.ac-martinique.fr\/drane\/index.php?rest_route=%2Fwp%2Fv2%2Fcategories&post=5639"},{"taxonomy":"post_tag","embeddable":true,"href":"https:\/\/site.ac-martinique.fr\/drane\/index.php?rest_route=%2Fwp%2Fv2%2Ftags&post=5639"}],"curies":[{"name":"wp","href":"https:\/\/api.w.org\/{rel}","templated":true}]}}