{"id":5844,"date":"2025-07-16T10:59:20","date_gmt":"2025-07-16T14:59:20","guid":{"rendered":"https:\/\/site.ac-martinique.fr\/drane\/?p=5844"},"modified":"2025-07-16T11:02:26","modified_gmt":"2025-07-16T15:02:26","slug":"ada-zangemann-a-lecole-un-portail-pour-explorer-comprendre-et-partager","status":"publish","type":"post","link":"https:\/\/site.ac-martinique.fr\/drane\/?p=5844","title":{"rendered":"Ada &amp; Zangemann \u00e0 l\u2019\u00e9cole : un portail pour explorer, comprendre et partager"},"content":{"rendered":"\n<p>Le site <strong>Ada &amp; Zangemann \u00e0 l\u2019\u00e9cole<\/strong> (<a class=\"\" href=\"https:\/\/ada-zangemann.forge.apps.education.fr\">https:\/\/ada-zangemann.forge.apps.education.fr<\/a>), est un projet f\u00e9d\u00e9rateur qui met \u00e0 l\u2019honneur le conte libre et engag\u00e9 <em>Ada &amp; Zangemann<\/em>, de l\u2019auteur Matthias Kirschner. Ce r\u00e9cit, qui sensibilise petits et grands aux enjeux du num\u00e9rique libre, de l\u2019innovation et de la libert\u00e9 d\u2019agir, devient ici un outil p\u00e9dagogique \u00e0 part enti\u00e8re.<\/p>\n\n\n\n<h4 class=\"wp-block-heading has-vivid-cyan-blue-color has-text-color has-link-color wp-elements-73f0f52d253467be99775f5f2f05c5ed\">Un portail au service de la communaut\u00e9 \u00e9ducative<\/h4>\n\n\n\n<p>H\u00e9berg\u00e9 sur <strong>la forge des communs num\u00e9riques<\/strong>, ce portail a \u00e9t\u00e9 pens\u00e9 pour r\u00e9pondre aux besoins des enseignants et de leurs \u00e9l\u00e8ves. Il propose :<\/p>\n\n\n\n<ul class=\"wp-block-list\">\n<li><strong>Un acc\u00e8s centralis\u00e9 aux diff\u00e9rentes versions du conte<\/strong> (<em>texte int\u00e9gral, livre audio, traductions, etc.<\/em>), dans un esprit de partage et d\u2019accessibilit\u00e9 ;<\/li>\n\n\n\n<li><strong>Un espace collaboratif<\/strong> pour publier, mutualiser et d\u00e9couvrir les <strong>ressources p\u00e9dagogiques<\/strong> cr\u00e9\u00e9es autour du conte : s\u00e9quences didactiques, activit\u00e9s en classe, projets interdisciplinaires ou encore supports d\u2019ateliers ;<\/li>\n\n\n\n<li><strong>Une plateforme \u00e9volutive<\/strong>, o\u00f9 la communaut\u00e9 \u00e9ducative peut enrichir les contenus, \u00e9changer des pratiques et s\u2019inspirer mutuellement.<\/li>\n<\/ul>\n\n\n<div class=\"wp-block-image\">\n<figure class=\"aligncenter size-large\"><a href=\"https:\/\/ada-zangemann.forge.apps.education.fr\/\" target=\"_blank\" rel=\" noreferrer noopener\"><img loading=\"lazy\" decoding=\"async\" width=\"1024\" height=\"974\" src=\"https:\/\/site.ac-martinique.fr\/drane\/wp-content\/uploads\/sites\/100\/2025\/07\/Capture-decran-2025-07-16-a-11.00.16-1024x974.png\" alt=\"\" class=\"wp-image-5846\" srcset=\"https:\/\/site.ac-martinique.fr\/drane\/wp-content\/uploads\/sites\/100\/2025\/07\/Capture-decran-2025-07-16-a-11.00.16-1024x974.png 1024w, https:\/\/site.ac-martinique.fr\/drane\/wp-content\/uploads\/sites\/100\/2025\/07\/Capture-decran-2025-07-16-a-11.00.16-300x285.png 300w, https:\/\/site.ac-martinique.fr\/drane\/wp-content\/uploads\/sites\/100\/2025\/07\/Capture-decran-2025-07-16-a-11.00.16-768x730.png 768w, https:\/\/site.ac-martinique.fr\/drane\/wp-content\/uploads\/sites\/100\/2025\/07\/Capture-decran-2025-07-16-a-11.00.16-1536x1461.png 1536w, https:\/\/site.ac-martinique.fr\/drane\/wp-content\/uploads\/sites\/100\/2025\/07\/Capture-decran-2025-07-16-a-11.00.16-150x143.png 150w, https:\/\/site.ac-martinique.fr\/drane\/wp-content\/uploads\/sites\/100\/2025\/07\/Capture-decran-2025-07-16-a-11.00.16-158x150.png 158w, https:\/\/site.ac-martinique.fr\/drane\/wp-content\/uploads\/sites\/100\/2025\/07\/Capture-decran-2025-07-16-a-11.00.16.png 1714w\" sizes=\"auto, (max-width: 1024px) 100vw, 1024px\" \/><\/a><\/figure>\n<\/div>","protected":false},"excerpt":{"rendered":"<p>Le site Ada &amp; Zangemann \u00e0 l\u2019\u00e9cole (https:\/\/ada-zangemann.forge.apps.education.fr), est un projet f\u00e9d\u00e9rateur qui met \u00e0 l\u2019honneur le conte libre et engag\u00e9 Ada &amp; Zangemann, de l\u2019auteur Matthias Kirschner. Ce r\u00e9cit, qui sensibilise petits et grands aux enjeux du num\u00e9rique libre, de l\u2019innovation et de la libert\u00e9 d\u2019agir, devient ici un&#8230; <a class=\"continue-reading-link\" href=\"https:\/\/site.ac-martinique.fr\/drane\/?p=5844\">Lire la suite&#8230; <span class=\"meta-nav\">&rarr; <\/span><\/a><\/p>\n","protected":false},"author":79,"featured_media":5849,"comment_status":"closed","ping_status":"","sticky":false,"template":"","format":"standard","meta":{"footnotes":"","_links_to":"","_links_to_target":""},"categories":[1,28,223,13,27],"tags":[],"class_list":["post-5844","post","type-post","status-publish","format-standard","has-post-thumbnail","hentry","category-actualites","category-apprendre","category-commons-numeriques","category-decouvrir","category-eduquer"],"_links":{"self":[{"href":"https:\/\/site.ac-martinique.fr\/drane\/index.php?rest_route=\/wp\/v2\/posts\/5844","targetHints":{"allow":["GET"]}}],"collection":[{"href":"https:\/\/site.ac-martinique.fr\/drane\/index.php?rest_route=\/wp\/v2\/posts"}],"about":[{"href":"https:\/\/site.ac-martinique.fr\/drane\/index.php?rest_route=\/wp\/v2\/types\/post"}],"author":[{"embeddable":true,"href":"https:\/\/site.ac-martinique.fr\/drane\/index.php?rest_route=\/wp\/v2\/users\/79"}],"replies":[{"embeddable":true,"href":"https:\/\/site.ac-martinique.fr\/drane\/index.php?rest_route=%2Fwp%2Fv2%2Fcomments&post=5844"}],"version-history":[{"count":3,"href":"https:\/\/site.ac-martinique.fr\/drane\/index.php?rest_route=\/wp\/v2\/posts\/5844\/revisions"}],"predecessor-version":[{"id":5848,"href":"https:\/\/site.ac-martinique.fr\/drane\/index.php?rest_route=\/wp\/v2\/posts\/5844\/revisions\/5848"}],"wp:featuredmedia":[{"embeddable":true,"href":"https:\/\/site.ac-martinique.fr\/drane\/index.php?rest_route=\/wp\/v2\/media\/5849"}],"wp:attachment":[{"href":"https:\/\/site.ac-martinique.fr\/drane\/index.php?rest_route=%2Fwp%2Fv2%2Fmedia&parent=5844"}],"wp:term":[{"taxonomy":"category","embeddable":true,"href":"https:\/\/site.ac-martinique.fr\/drane\/index.php?rest_route=%2Fwp%2Fv2%2Fcategories&post=5844"},{"taxonomy":"post_tag","embeddable":true,"href":"https:\/\/site.ac-martinique.fr\/drane\/index.php?rest_route=%2Fwp%2Fv2%2Ftags&post=5844"}],"curies":[{"name":"wp","href":"https:\/\/api.w.org\/{rel}","templated":true}]}}