{"id":754,"date":"2021-09-15T15:02:39","date_gmt":"2021-09-15T19:02:39","guid":{"rendered":"https:\/\/site.ac-martinique.fr\/drane\/?p=754"},"modified":"2022-06-13T11:01:15","modified_gmt":"2022-06-13T15:01:15","slug":"les-peda-storming-et-les-seminaires-pedagopunch","status":"publish","type":"post","link":"https:\/\/site.ac-martinique.fr\/drane\/?p=754","title":{"rendered":"Les P\u00e9da-Storming et les s\u00e9minaires P\u00e9dago&rsquo;Punch"},"content":{"rendered":"\n<h3 class=\"wp-block-heading\">L&rsquo;INSPE de Martinique, avec l\u2019appui de Canop\u00e9 Martinique et de l&rsquo;acad\u00e9mie Martinique vous propose des temps de formation.<\/h3>\n\n\n\n<p>Plus d&rsquo;information sur le <a href=\"http:\/\/www.inspe-martinique.fr\/fr\" target=\"_blank\" rel=\"noreferrer noopener\">site de l&rsquo;INSPE Martinique<\/a> ou sur <a href=\"https:\/\/e-inspe972.univ-antilles.fr\/course\/view.php?id=9\" target=\"_blank\" rel=\"noreferrer noopener\">leur plateforme Moodle<\/a> (si vous n&rsquo;avez pas de compte, choisir \u00ab\u00a0connexion anonyme\u00a0\u00bb). <\/p>\n\n\n\n<h1 class=\"has-text-align-center has-vivid-cyan-blue-color has-text-color wp-block-heading\">S\u00e9minaire P\u00e9dago&rsquo;punch<\/h1>\n\n\n\n<h2 class=\"wp-block-heading\"><span class=\"has-inline-color has-vivid-cyan-blue-color\"> Mardi 19\/10 &#8211; 14h-15h30 &#8211; Serge GERIN-LAJOIE<\/span><\/h2>\n\n\n\n<h2 class=\"wp-block-heading\">L&rsquo;enseignement comodal : avantages, limites et d\u00e9fis.<\/h2>\n\n\n\n<p class=\"has-text-color\" style=\"color:#075480\"><strong>Objectifs de la formation : <\/strong><\/p>\n\n\n\n<p>Comprendre l\u2019enseignement comodal, un mode de formation qui met en jeu l&rsquo;enseignement \u00e0 distance, le pr\u00e9sentiel et le choix des apprenants. <\/p>\n\n\n\n<h4 class=\"wp-block-heading\"><strong>Descriptif :<\/strong><\/h4>\n\n\n\n<p>L&rsquo;enseignement comodal, m\u00ealant enseignement en classe, enseignement \u00e0 distance et choix des apprenants pour la m\u00e9thode qui leur convient, peut \u00eatre une piste d&rsquo;organisation p\u00e9dagogique pour la gestion des situations de pand\u00e9mie ou l&rsquo;offre p\u00e9dagogique pour les \u00e9l\u00e8ves emp\u00each\u00e9s. Dans le comodal, plusieurs modes de formation sont propos\u00e9s de mani\u00e8re simultan\u00e9e. Mais, sur le terrain, quand peut-on avantageusement envisager du comodal ? Quels sont les obstacles \u00e0 ce mode de formation ? Que nous dit la recherche sur le sujet ? Comment mettre en \u0153uvre un enseignement comodal ?<\/p>\n\n\n\n<p>Serge G\u00e9rin-Lajoie est professeur \u00e0 l\u2019Universit\u00e9 T\u00c9LUQ, sp\u00e9cialiste en formation \u00e0 distance et en formation en ligne depuis 2017.<\/p>\n\n\n\n<h4 class=\"wp-block-heading\"><strong>Public : <\/strong><\/h4>\n\n\n\n<p>Enseignants de l\u2019universit\u00e9 des Antilles<br>Formateurs de l\u2019Insp\u00e9 de Martinique et Guadeloupe<br>Enseignants du secondaire<br>\u00c9tudiants de l\u2019Insp\u00e9 de Martinique et Guadeloupe<\/p>\n\n\n\n<h4 class=\"wp-block-heading\">Replay :<\/h4>\n\n\n<p><iframe loading=\"lazy\" src=\"https:\/\/uapod.univ-antilles.fr\/video\/0241-pedagopunch-lenseignement-comodal-avantages-limites-et-defis-avec-serge-gerin-lajoie-de-luniversite-de-teluq-au-canada\/?is_iframe=true\" width=\"640\" height=\"360\" style=\"padding: 0; margin: 0; border:0\" allowfullscreen ><\/iframe><\/p>\n\n\n\n<div class=\"wp-block-image\"><figure class=\"aligncenter size-large\"><img loading=\"lazy\" decoding=\"async\" width=\"683\" height=\"1024\" src=\"https:\/\/site.ac-martinique.fr\/drane\/wp-content\/uploads\/sites\/100\/2021\/09\/Pe\u0301dagopunch-4-683x1024.png\" alt=\"\" class=\"wp-image-758\" srcset=\"https:\/\/site.ac-martinique.fr\/drane\/wp-content\/uploads\/sites\/100\/2021\/09\/Pe\u0301dagopunch-4-683x1024.png 683w, https:\/\/site.ac-martinique.fr\/drane\/wp-content\/uploads\/sites\/100\/2021\/09\/Pe\u0301dagopunch-4-200x300.png 200w, https:\/\/site.ac-martinique.fr\/drane\/wp-content\/uploads\/sites\/100\/2021\/09\/Pe\u0301dagopunch-4-768x1152.png 768w, https:\/\/site.ac-martinique.fr\/drane\/wp-content\/uploads\/sites\/100\/2021\/09\/Pe\u0301dagopunch-4-1024x1536.png 1024w, https:\/\/site.ac-martinique.fr\/drane\/wp-content\/uploads\/sites\/100\/2021\/09\/Pe\u0301dagopunch-4-1365x2048.png 1365w, https:\/\/site.ac-martinique.fr\/drane\/wp-content\/uploads\/sites\/100\/2021\/09\/Pe\u0301dagopunch-4-100x150.png 100w\" sizes=\"auto, (max-width: 683px) 100vw, 683px\" \/><\/figure><\/div>\n\n\n\n<h2 class=\"has-text-align-center has-vivid-cyan-blue-color has-text-color wp-block-heading\">Planning des formations <\/h2>\n\n\n\n<h4 class=\"tw-heading-border-bottom has-vivid-cyan-blue-color has-text-color wp-block-heading\" style=\"font-size:24px\"><span class=\"has-inline-color has-cyan-bluish-gray-color\">Mardi 12\/10 &#8211; 10h-11h30 [INSPE \/ CANOPE \/ DRANE]<\/span><\/h4>\n\n\n\n<p class=\"has-vivid-cyan-blue-color has-text-color has-medium-font-size\"><strong>ATELIER R\u00c9ALISER UNE CAPSULE VID\u00c9O P\u00c9DAGOGIQUE AVEC OBS-STUDIO<\/strong><\/p>\n\n\n\n<p class=\"has-text-color\" style=\"color:#075480\"><strong>Objectif de la formation : <\/strong><\/p>\n\n\n\n<ul class=\"wp-block-list\"><li>S\u2019initier \u00e0 la captation audio et vid\u00e9o depuis un ordinateur Windows ou Mac;<\/li><li>S\u2019initier au logiciel OBS;<\/li><li>Comprendre comment produire des contenus type tutoriels ou capsules;<\/li><\/ul>\n\n\n\n<p class=\"has-text-color\" style=\"color:#065c80\"><strong>Contenu de la formation : <\/strong><\/p>\n\n\n\n<ul class=\"wp-block-list\"><li>Apports th\u00e9oriques sur les usages p\u00e9dagogiques des capsules vid\u00e9o, leur int\u00e9r\u00eat dans les apprentissages.<\/li><li>Pr\u00e9sentation des \u00e9tapes de cr\u00e9ation d\u2019une capsule vid\u00e9o&nbsp;: sc\u00e9narisation, outils et m\u00e9thodes permettant de les concevoir, de les publier et de les partager.<\/li><\/ul>\n\n\n\n<p class=\"has-text-color\" style=\"color:#075c80\"><strong>Descriptif :<\/strong><\/p>\n\n\n\n<p>OBS-Studio est un logiciel libre de cr\u00e9ation et diffusion vid\u00e9o.<\/p>\n\n\n\n<p>Nous l\u2019utiliserons pour enregistrer notre \u00e9cran, une webcam ou d\u2019autres sources pour r\u00e9aliser des tutoriels, capsules, enregistrer une conf\u00e9rence ou faire du direct.<\/p>\n\n\n\n<p>Tr\u00e8s utilis\u00e9 par les Youtubers et Gamers, OBS est bien plus simple \u00e0 utiliser qu\u2019il ne semble. Son efficacit\u00e9 vous permettra d\u2019imaginer tous types de sc\u00e9narios sans n\u00e9cessit\u00e9 de montage.<\/p>\n\n\n\n<p class=\"has-text-color\" style=\"color:#0d5985\"><strong>Pr\u00e9recquis<\/strong> :<\/p>\n\n\n\n<p>T\u00e9l\u00e9charger et installer <a href=\"https:\/\/obsproject.com\/\" target=\"_blank\" rel=\"noreferrer noopener\">le logiciel OBS-STUDIO<\/a> avant la s\u00e9ance.<\/p>\n\n\n\n<p class=\"has-medium-font-size\"><em><a rel=\"noreferrer noopener\" href=\"https:\/\/app.livestorm.co\/open-digital-education\/webinaire-mercredis-de-one-premiers-contenus-septembre?type=detailed\" target=\"_blank\">I<\/a><a href=\"https:\/\/framaforms.org\/inscription-a-latelier-realiser-une-capsule-video-pedagogique-avec-obs-studio-12-octobre-2021-10h\" target=\"_blank\" rel=\"noreferrer noopener\">nscrivez-vous !<\/a><\/em><\/p>\n\n\n\n<p>Public : enseignants 2d<\/p>\n\n\n\n<p class=\"has-text-color\" style=\"color:#0c5a7b\"><strong>Acc\u00e8s \u00e0 la formation :<\/strong><\/p>\n\n\n\n<p><a href=\"https:\/\/univ-antilles-fr.zoom.us\/j\/89529776650?pwd=YnYvR3RJRmQyL0xab1RHcUsvYnFQUT09\" target=\"_blank\" rel=\"noreferrer noopener\">Acc\u00e9dez \u00e0 la formation<\/a> (Support ZOOM) : <\/p>\n\n\n\n<ul class=\"wp-block-list\"><li>Identifiant de r\u00e9union&nbsp;: 895 2977 6650<\/li><li>Mot de passe&nbsp;:108636<\/li><\/ul>\n\n\n\n<p><\/p>\n\n\n\n<h2 class=\"has-text-align-center has-vivid-cyan-blue-color has-text-color wp-block-heading\">Les P\u00e9da-Storming<\/h2>\n\n\n\n<p><em>Dur\u00e9e :<\/em> 45 minutes<br><em>Format :<\/em> Distanciel lien ZOOM sur le site de l&rsquo;lnsp\u00e9 Martinique<br><em>Plus d&rsquo;informations :<\/em> 0596 55 46 68<\/p>\n\n\n\n<h4 class=\"wp-block-heading\">Initiation \u00e0 la m\u00e9thode ABC Learnig Design d&rsquo;accompagnement \u00e0 la conception rapide de s\u00e9nario d&rsquo;apprentissage<\/h4>\n\n\n\n<p><em>Intervenante :<\/em> <span style=\"text-decoration: underline\" class=\"underline\">Vassiliki Michou<\/span>, lng\u00e9nieure de recherche \u00e0 Sorbonne universit\u00e9<\/p>\n\n\n\n<h4 class=\"wp-block-heading\">Concevoir un module d&rsquo;autoformation<\/h4>\n\n\n\n<p><em>Intervenante :<\/em> <span style=\"text-decoration: underline\" class=\"underline\">Elodie Trinh<\/span>, Conseill\u00e8re p\u00e9dagogique \u00e0 l&rsquo;universit\u00e9 de Marne- la vall\u00e9e<\/p>\n\n\n\n<div class=\"wp-block-image\"><figure class=\"aligncenter size-large\"><a href=\"http:\/\/www.inspe-martinique.fr\/fr\/node\/264\"><img loading=\"lazy\" decoding=\"async\" width=\"1024\" height=\"683\" src=\"https:\/\/site.ac-martinique.fr\/drane\/wp-content\/uploads\/sites\/100\/2021\/09\/Les-pe\u0301da-storming-1-1024x683.png\" alt=\"\" class=\"wp-image-756\" srcset=\"https:\/\/site.ac-martinique.fr\/drane\/wp-content\/uploads\/sites\/100\/2021\/09\/Les-pe\u0301da-storming-1-1024x683.png 1024w, https:\/\/site.ac-martinique.fr\/drane\/wp-content\/uploads\/sites\/100\/2021\/09\/Les-pe\u0301da-storming-1-300x200.png 300w, https:\/\/site.ac-martinique.fr\/drane\/wp-content\/uploads\/sites\/100\/2021\/09\/Les-pe\u0301da-storming-1-768x512.png 768w, https:\/\/site.ac-martinique.fr\/drane\/wp-content\/uploads\/sites\/100\/2021\/09\/Les-pe\u0301da-storming-1-1536x1024.png 1536w, https:\/\/site.ac-martinique.fr\/drane\/wp-content\/uploads\/sites\/100\/2021\/09\/Les-pe\u0301da-storming-1-2048x1365.png 2048w, https:\/\/site.ac-martinique.fr\/drane\/wp-content\/uploads\/sites\/100\/2021\/09\/Les-pe\u0301da-storming-1-150x100.png 150w, https:\/\/site.ac-martinique.fr\/drane\/wp-content\/uploads\/sites\/100\/2021\/09\/Les-pe\u0301da-storming-1-225x150.png 225w\" sizes=\"auto, (max-width: 1024px) 100vw, 1024px\" \/><\/a><\/figure><\/div>\n\n\n\n<p><\/p>\n","protected":false},"excerpt":{"rendered":"<p>L&rsquo;INSPE de Martinique, avec l\u2019appui de Canop\u00e9 Martinique et de l&rsquo;acad\u00e9mie Martinique vous propose des temps de formation. Plus d&rsquo;information sur le site de l&rsquo;INSPE Martinique ou sur leur plateforme Moodle (si vous n&rsquo;avez pas de compte, choisir \u00ab\u00a0connexion anonyme\u00a0\u00bb). S\u00e9minaire P\u00e9dago&rsquo;punch Mardi 19\/10 &#8211; 14h-15h30 &#8211; Serge GERIN-LAJOIE L&rsquo;enseignement&#8230; <a class=\"continue-reading-link\" href=\"https:\/\/site.ac-martinique.fr\/drane\/?p=754\">Lire la suite&#8230; <span class=\"meta-nav\">&rarr; <\/span><\/a><\/p>\n","protected":false},"author":206,"featured_media":0,"comment_status":"closed","ping_status":"","sticky":false,"template":"","format":"standard","meta":{"footnotes":"","_links_to":"","_links_to_target":""},"categories":[1,70,26],"tags":[76,39,75,74,73],"class_list":["post-754","post","type-post","status-publish","format-standard","hentry","category-actualites","category-partenaires","category-se-former","tag-canope","tag-formation","tag-inspe","tag-moodle","tag-partenaires"],"_links":{"self":[{"href":"https:\/\/site.ac-martinique.fr\/drane\/index.php?rest_route=\/wp\/v2\/posts\/754","targetHints":{"allow":["GET"]}}],"collection":[{"href":"https:\/\/site.ac-martinique.fr\/drane\/index.php?rest_route=\/wp\/v2\/posts"}],"about":[{"href":"https:\/\/site.ac-martinique.fr\/drane\/index.php?rest_route=\/wp\/v2\/types\/post"}],"author":[{"embeddable":true,"href":"https:\/\/site.ac-martinique.fr\/drane\/index.php?rest_route=\/wp\/v2\/users\/206"}],"replies":[{"embeddable":true,"href":"https:\/\/site.ac-martinique.fr\/drane\/index.php?rest_route=%2Fwp%2Fv2%2Fcomments&post=754"}],"version-history":[{"count":10,"href":"https:\/\/site.ac-martinique.fr\/drane\/index.php?rest_route=\/wp\/v2\/posts\/754\/revisions"}],"predecessor-version":[{"id":1003,"href":"https:\/\/site.ac-martinique.fr\/drane\/index.php?rest_route=\/wp\/v2\/posts\/754\/revisions\/1003"}],"wp:attachment":[{"href":"https:\/\/site.ac-martinique.fr\/drane\/index.php?rest_route=%2Fwp%2Fv2%2Fmedia&parent=754"}],"wp:term":[{"taxonomy":"category","embeddable":true,"href":"https:\/\/site.ac-martinique.fr\/drane\/index.php?rest_route=%2Fwp%2Fv2%2Fcategories&post=754"},{"taxonomy":"post_tag","embeddable":true,"href":"https:\/\/site.ac-martinique.fr\/drane\/index.php?rest_route=%2Fwp%2Fv2%2Ftags&post=754"}],"curies":[{"name":"wp","href":"https:\/\/api.w.org\/{rel}","templated":true}]}}