{"id":1000,"date":"2017-09-11T06:20:20","date_gmt":"2017-09-11T10:20:20","guid":{"rendered":"\/edd2ndDeg\/?p=1000"},"modified":"2017-09-11T06:20:20","modified_gmt":"2017-09-11T10:20:20","slug":"prix-perrin-de-brichambaut-2018","status":"publish","type":"post","link":"https:\/\/site.ac-martinique.fr\/edd\/?p=1000","title":{"rendered":"Prix Perrin de Brichambaut 2018"},"content":{"rendered":"<p>L&rsquo;association <strong>M\u00e9t\u00e9o et Climat<\/strong>, agr\u00e9e par le minist\u00e8re de l&rsquo;Education nationale, organise chaque ann\u00e9e le <span style=\"color: #ff6600;\"><a style=\"color: #ff6600;\" href=\"https:\/\/meteoetclimat.fr\/nos-activites\/prix-perrin-de-brichambaut-scolaires\">prix Perrin de Brichambaut<\/a><\/span> , un concours ouvert aux \u00e9coles, coll\u00e8ges et lyc\u00e9es et dont la vocation est d&rsquo;<strong>encourager et de valoriser la d\u00e9marche scientifique<\/strong> des \u00e9tablissements scolaires \u00e0 travers la r\u00e9alisation de projets \u00e9ducatifs sur le <strong>th\u00e8me de la m\u00e9t\u00e9orologie et du climat<\/strong>.<\/p>\n<p>Les projets r\u00e9alis\u00e9s au cours de l&rsquo;ann\u00e9e sont \u00e9valu\u00e9s par un jury compos\u00e9 de sp\u00e9cialistes de la m\u00e9t\u00e9o et du climat ainsi que d&rsquo;enseignants.<\/p>\n<p>Le jury d\u00e9cerne des prix aux trois meilleurs projets:<\/p>\n<ul>\n<li>1er prix: 700\u20ac<\/li>\n<li>2\u00e8me prix: 500\u20ac<\/li>\n<li>3\u00e8me prix: 300\u20ac<\/li>\n<\/ul>\n<p>T\u00e9l\u00e9charger le <a href=\"\/edd2ndDeg\/?attachment_id=1003\">Dossier de pr\u00e9sentation g\u00e9n\u00e9rale du prix<\/a>\u00a0, l&rsquo;<a href=\"\/edd2ndDeg\/?attachment_id=1002\">Appel \u00e0 candidature<\/a> et le <a href=\"\/edd2ndDeg\/?attachment_id=1005\">Palmar\u00e8s 2017<\/a>.<\/p>\n","protected":false},"excerpt":{"rendered":"<p>L&rsquo;association M\u00e9t\u00e9o et Climat, agr\u00e9e par le minist\u00e8re de l&rsquo;Education nationale, organise chaque ann\u00e9e le prix Perrin de Brichambaut , un concours ouvert aux \u00e9coles, coll\u00e8ges et lyc\u00e9es et dont la vocation est d&rsquo;encourager et de valoriser la d\u00e9marche scientifique des \u00e9tablissements scolaires \u00e0 travers la r\u00e9alisation de projets \u00e9ducatifs sur le th\u00e8me de la &hellip; <a href=\"https:\/\/site.ac-martinique.fr\/edd\/?p=1000\" class=\"more-link\">Continuer la lecture de <span class=\"screen-reader-text\">Prix Perrin de Brichambaut 2018<\/span>  <span class=\"meta-nav\">&rarr;<\/span><\/a><\/p>\n","protected":false},"author":68,"featured_media":0,"comment_status":"closed","ping_status":"open","sticky":false,"template":"","format":"standard","meta":{"footnotes":""},"categories":[128,71],"tags":[],"class_list":["post-1000","post","type-post","status-publish","format-standard","hentry","category-2017-2018","category-concours"],"_links":{"self":[{"href":"https:\/\/site.ac-martinique.fr\/edd\/index.php?rest_route=\/wp\/v2\/posts\/1000","targetHints":{"allow":["GET"]}}],"collection":[{"href":"https:\/\/site.ac-martinique.fr\/edd\/index.php?rest_route=\/wp\/v2\/posts"}],"about":[{"href":"https:\/\/site.ac-martinique.fr\/edd\/index.php?rest_route=\/wp\/v2\/types\/post"}],"author":[{"embeddable":true,"href":"https:\/\/site.ac-martinique.fr\/edd\/index.php?rest_route=\/wp\/v2\/users\/68"}],"replies":[{"embeddable":true,"href":"https:\/\/site.ac-martinique.fr\/edd\/index.php?rest_route=%2Fwp%2Fv2%2Fcomments&post=1000"}],"version-history":[{"count":1,"href":"https:\/\/site.ac-martinique.fr\/edd\/index.php?rest_route=\/wp\/v2\/posts\/1000\/revisions"}],"predecessor-version":[{"id":1006,"href":"https:\/\/site.ac-martinique.fr\/edd\/index.php?rest_route=\/wp\/v2\/posts\/1000\/revisions\/1006"}],"wp:attachment":[{"href":"https:\/\/site.ac-martinique.fr\/edd\/index.php?rest_route=%2Fwp%2Fv2%2Fmedia&parent=1000"}],"wp:term":[{"taxonomy":"category","embeddable":true,"href":"https:\/\/site.ac-martinique.fr\/edd\/index.php?rest_route=%2Fwp%2Fv2%2Fcategories&post=1000"},{"taxonomy":"post_tag","embeddable":true,"href":"https:\/\/site.ac-martinique.fr\/edd\/index.php?rest_route=%2Fwp%2Fv2%2Ftags&post=1000"}],"curies":[{"name":"wp","href":"https:\/\/api.w.org\/{rel}","templated":true}]}}