{"id":1025,"date":"2017-10-06T13:49:38","date_gmt":"2017-10-06T17:49:38","guid":{"rendered":"\/edd2ndDeg\/?p=1025"},"modified":"2017-10-06T13:52:14","modified_gmt":"2017-10-06T17:52:14","slug":"defi-academique-edd-2017-2018","status":"publish","type":"post","link":"https:\/\/site.ac-martinique.fr\/edd\/?p=1025","title":{"rendered":"D\u00e9fi Acad\u00e9mique EDD 2017-2018"},"content":{"rendered":"<p style=\"text-align: center;\">Cette ann\u00e9e encore l&rsquo;Acad\u00e9mie Martinique propose \u00e0 tous les \u00e9coliers, coll\u00e9giens et lyc\u00e9ens un <strong>D\u00e9fi Acad\u00e9mique EDD<\/strong> intitul\u00e9<\/p>\n<p style=\"text-align: center;\"><span style=\"color: #ff6600;\"><strong>\u00ab\u00a0VERS UN TOURISME DURABLE EN MARTINIQUE\u00a0\u00bb<\/strong><\/span><\/p>\n<p style=\"text-align: center;\"><span style=\"color: #ff6600;\"><strong>D\u00e9fi Acad\u00e9mique EDD 2018<\/strong><\/span><\/p>\n<p><strong><u>CONTEXTE<\/u><\/strong><\/p>\n<p>Riche et diversifi\u00e9e sur les plans g\u00e9ographique, culturel, socio-\u00e9conomique et biologique, le tourisme constitue la principale activit\u00e9 \u00e9conomique de la Martinique et de la plupart des pays de la Grande Cara\u00efbe. Il repr\u00e9sente un facteur important dans les recettes en devises et le d\u00e9veloppement social, d&rsquo;o\u00f9 l&rsquo;importance de sa durabilit\u00e9 en tant que base pour la protection culturelle et environnementale.<strong> Ce d\u00e9fi vise \u00e0 sensibiliser nos \u00e9l\u00e8ves \u00e0 la contribution du tourisme au d\u00e9veloppement durable.<\/strong><\/p>\n<p><a href=\"\/edd2ndDeg\/?attachment_id=1020\">T\u00e9l\u00e9charger le cahier des charges du D\u00e9fi EDD 2018<\/a><\/p>\n<p><strong><u>OBJECTIF<\/u><\/strong><\/p>\n<p>L\u2019objectif de ce d\u00e9fi est d\u2019amener les \u00e9l\u00e8ves \u00e0 imaginer et produire un <strong>parcours touristique virtuel<\/strong> d\u2019un site au choix en Martinique.<\/p>\n<p>A travers cette production, les \u00e9l\u00e8ves devront valoriser le site choisi d\u2019un point de vue de la<strong> biodiversit\u00e9, de la g\u00e9ologie, du patrimoine historique et culturel.<\/strong> Ils devront argumenter sur la <strong>n\u00e9cessit\u00e9 de le pr\u00e9server et de l\u2019exploiter dans le cadre d\u2019un tourisme durable<\/strong>.Pour les coll\u00e9giens et les lyc\u00e9ens une r<strong>\u00e9flexion sur la durabilit\u00e9 de l&rsquo;activit\u00e9 touristique<\/strong> pr\u00e9vue est attendue.<!--more--><\/p>\n<p><strong><u>FORME DE LA PRODUCTION<\/u><\/strong><\/p>\n<p>La production prendra la forme d\u2019un parcours touristique virtuel qui sera <strong><u>pr\u00e9sent\u00e9 devant un jury puis \u00e9valu\u00e9<\/u><\/strong> lors de la journ\u00e9e d&rsquo;une grande journ\u00e9e pr\u00e9sentation. :<\/p>\n<p>Tout ou une partie de la pr\u00e9sentation devra se faire dans une <strong><u>langue \u00e9trang\u00e8re ou r\u00e9gionale.<\/u><\/strong><\/p>\n<p>Les projets interdisciplinaires sont fortement encourag\u00e9s.<\/p>\n<p><strong><u>CALENDRIER<\/u><\/strong><\/p>\n<ul>\n<li>Date limite d\u2019envoi du formulaire d\u2019inscription:\u00a0<strong>Lundi<\/strong> <strong>13 Novembre 2017.<\/strong><\/li>\n<li>Pr\u00e9sentation des productions des \u00e9quipes participantes devant un jury: <strong>Vendredi 16 Mars 2018.\u00a0<\/strong><\/li>\n<\/ul>\n<p><strong><u>LES PARTICIPANTS<\/u><\/strong><\/p>\n<p>Le d\u00e9fi acad\u00e9mique EDD est ouvert aux \u00e9l\u00e8ves :<\/p>\n<ul>\n<li>Du 1er degr\u00e9 : \u00e9quipe classe ou \u00e9quipe de 6 \u00e9l\u00e8ves<\/li>\n<li>Du cycle 3 : \u00e9quipe de 6 \u00e9l\u00e8ves en interdegr\u00e9 (CM1-CM2-6\u00e8me)<\/li>\n<li>Du 2nd degr\u00e9 : \u00e9quipe de 6 \u00e9l\u00e8ves (coll\u00e8ge, LGT, LP)<\/li>\n<\/ul>\n<p>&nbsp;<\/p>\n<p><strong><u>INSCRIPTION<\/u><\/strong><\/p>\n<p>Chaque \u00e9tablissement souhaitant participer \u00e0 ce d\u00e9fi doit inscrire une \u00e9quipe,<strong> en remplissant de fa\u00e7on compl\u00e8te et pr\u00e9cise le <a href=\"\/edd2ndDeg\/?attachment_id=1020\">formulaire d\u2019inscription<\/a><\/strong>\u00a0accompagn\u00e9 des autorisations parentales de droit \u00e0 l&rsquo;image et de prise de son (en annexe du cahier des charges) et en l\u2019envoyant par mail \u00e0 l\u2019adresse\u00a0:<\/p>\n<ul>\n<li>Pour le 1er degr\u00e9: sophie.latocha@ac-martinique.fr<\/li>\n<li>Pour le 2nd degr\u00e9 (coll\u00e8ge): inna-indra-mari.claverie@ac-martinique.fr<\/li>\n<li>Pour le 2nd degr\u00e9 (lyc\u00e9es LGT et LP): \u00a0<a href=\"mailto:lydie.brusset@ac-martinique.fr\">lydie.brusset@ac-martinique.f<\/a>r<\/li>\n<\/ul>\n<p>&nbsp;<\/p>\n<p>&nbsp;<\/p>\n<p style=\"text-align: center;\">L&rsquo;\u00e9dition\u00a02017 du D\u00e9fi Acad\u00e9m\u00e9ique EDD\u00a0 fut un succ\u00e8s et les productions d&rsquo;\u00e9l\u00e8ves furent de grande qualit\u00e9<a href=\"\/edd2ndDeg\/?attachment_id=998\"> (Cliquez ici pour les visualiser)<\/a><\/p>\n<p style=\"text-align: center;\">Soyez nombreux \u00e0 participer \u00e0 l&rsquo;\u00e9dition 2018!!!<\/p>\n","protected":false},"excerpt":{"rendered":"<p>Cette ann\u00e9e encore l&rsquo;Acad\u00e9mie Martinique propose \u00e0 tous les \u00e9coliers, coll\u00e9giens et lyc\u00e9ens un D\u00e9fi Acad\u00e9mique EDD intitul\u00e9 \u00ab\u00a0VERS UN TOURISME DURABLE EN MARTINIQUE\u00a0\u00bb D\u00e9fi Acad\u00e9mique EDD 2018 CONTEXTE Riche et diversifi\u00e9e sur les plans g\u00e9ographique, culturel, socio-\u00e9conomique et biologique, le tourisme constitue la principale activit\u00e9 \u00e9conomique de la Martinique et de la plupart des &hellip; <a href=\"https:\/\/site.ac-martinique.fr\/edd\/?p=1025\" class=\"more-link\">Continuer la lecture de <span class=\"screen-reader-text\">D\u00e9fi Acad\u00e9mique EDD 2017-2018<\/span>  <span class=\"meta-nav\">&rarr;<\/span><\/a><\/p>\n","protected":false},"author":68,"featured_media":0,"comment_status":"closed","ping_status":"open","sticky":false,"template":"","format":"standard","meta":{"footnotes":""},"categories":[128,71,133],"tags":[],"class_list":["post-1025","post","type-post","status-publish","format-standard","hentry","category-2017-2018","category-concours","category-defi-academique-edd-2018"],"_links":{"self":[{"href":"https:\/\/site.ac-martinique.fr\/edd\/index.php?rest_route=\/wp\/v2\/posts\/1025","targetHints":{"allow":["GET"]}}],"collection":[{"href":"https:\/\/site.ac-martinique.fr\/edd\/index.php?rest_route=\/wp\/v2\/posts"}],"about":[{"href":"https:\/\/site.ac-martinique.fr\/edd\/index.php?rest_route=\/wp\/v2\/types\/post"}],"author":[{"embeddable":true,"href":"https:\/\/site.ac-martinique.fr\/edd\/index.php?rest_route=\/wp\/v2\/users\/68"}],"replies":[{"embeddable":true,"href":"https:\/\/site.ac-martinique.fr\/edd\/index.php?rest_route=%2Fwp%2Fv2%2Fcomments&post=1025"}],"version-history":[{"count":3,"href":"https:\/\/site.ac-martinique.fr\/edd\/index.php?rest_route=\/wp\/v2\/posts\/1025\/revisions"}],"predecessor-version":[{"id":1043,"href":"https:\/\/site.ac-martinique.fr\/edd\/index.php?rest_route=\/wp\/v2\/posts\/1025\/revisions\/1043"}],"wp:attachment":[{"href":"https:\/\/site.ac-martinique.fr\/edd\/index.php?rest_route=%2Fwp%2Fv2%2Fmedia&parent=1025"}],"wp:term":[{"taxonomy":"category","embeddable":true,"href":"https:\/\/site.ac-martinique.fr\/edd\/index.php?rest_route=%2Fwp%2Fv2%2Fcategories&post=1025"},{"taxonomy":"post_tag","embeddable":true,"href":"https:\/\/site.ac-martinique.fr\/edd\/index.php?rest_route=%2Fwp%2Fv2%2Ftags&post=1025"}],"curies":[{"name":"wp","href":"https:\/\/api.w.org\/{rel}","templated":true}]}}