{"id":1105,"date":"2018-12-18T16:13:16","date_gmt":"2018-12-18T20:13:16","guid":{"rendered":"\/edd2ndDeg\/?p=1105"},"modified":"2018-12-18T16:15:40","modified_gmt":"2018-12-18T20:15:40","slug":"labellisation-e3d-2019","status":"publish","type":"post","link":"https:\/\/site.ac-martinique.fr\/edd\/?p=1105","title":{"rendered":"Labellisation E3D 2019"},"content":{"rendered":"<div>La campagne de Labellisation E3D 2019 est ouverte!<\/div>\n<div><\/div>\n<div><\/div>\n<div><strong>Qu&rsquo;est ce que la\u00a0Labellisation E3D*?\u00a0<\/strong><\/div>\n<div>Dans notre acad\u00e9mie, il existe une\u00a0<strong><span style=\"color: #ff6600;\"><a style=\"color: #ff6600;\" href=\"\/edd2ndDeg\/?attachment_id=629\">Labellisation E3D<\/a>\u00a0<\/span><\/strong>qui\u00a0vise \u00e0 multiplier la<a href=\"\/edd2ndDeg\/?page_id=1112\"> D\u00e9marche\u00a0E3D <\/a>dans les \u00e9tablissements scolaires et \u00e0 reconna\u00eetre et valoriser tous ceux qui sont d\u00e9j\u00e0 le lieu de concr\u00e9tisation du d\u00e9veloppement durable.<\/div>\n<div>\u00a0*<strong>E3D<\/strong>: Etablissement en D\u00e9marche de D\u00e9veloppement Durable<\/div>\n<div><\/div>\n<div><\/div>\n<div><b>Qui peut candidater?\u00a0<\/b><\/div>\n<div>Un \u00e9tablissement du 1er ou du 2nd degr\u00e9 peut candidater m\u00eame s&rsquo;il est au d\u00e9but de sa d\u00e9marche. En effet, la labellisation se d\u00e9cline en <strong>trois niveaux progressifs<\/strong> qui prennent en compte l&rsquo;\u00e9tat d&rsquo;avancement des projets \u00e0 l&rsquo;Education du D\u00e9veloppement Durable.<\/div>\n<div>Les \u00e9tablissements scolaires d\u00e9j\u00e0 labellis\u00e9s E3D niveau1 ou E3D niveau 2 peuvent \u00e0 nouveau candidater cette ann\u00e9e pour obtenir un niveau sup\u00e9rieur. Le label est attribu\u00e9 pour une dur\u00e9e de <strong>trois ans<\/strong>.<\/div>\n<div>\n<div>Les porteurs de projets (enseignants,chefs d&rsquo;\u00e9tablissement&#8230;)\u00a0 sont incit\u00e9s \u00e0 lire au pr\u00e9alable la page du site acad\u00e9mique qui pr\u00e9sente la <a href=\"\/edd2ndDeg\/?page_id=1112\">D\u00e9marche E3D.<\/a><\/div>\n<\/div>\n<div><\/div>\n<div><strong>Comment demander la labellisation?<\/strong><\/div>\n<div><\/div>\n<p><!--more--><\/p>\n<div>Tout \u00e9tablissement souhaitant candidater doit renvoyer un formulaire compl\u00e9t\u00e9 \u00e0 Mme <span style=\"color: #ff6600;\">Peggy Carra<\/span>, charg\u00e9e de mission EDD avant le\u00a0<span style=\"color: #ff6600;\"><strong> 28 mai 2018<\/strong><\/span>\u00a0 \u00a0<strong><em><u><a href=\"mailto:peggy.carra@ac-martinique.fr\">peggy.carra@ac-martinique.fr<\/a><\/u><\/em><\/strong><\/div>\n<div><\/div>\n<div><strong>Documents \u00e0 t\u00e9l\u00e9charger:<\/strong><\/div>\n<div><\/div>\n<ul>\n<li><a href=\"\/edd2ndDeg\/?attachment_id=1108\">Charte de labellisation<\/a><\/li>\n<li><a href=\"\/edd2ndDeg\/?attachment_id=1110\">Formulaire de labellisation E3D 2018-2019<\/a>\u00a0format pdf<\/li>\n<li><a href=\"\/edd2ndDeg\/?attachment_id=1132\">Formulaire de labellisation E3D 2018-2019 <\/a>format Word<\/li>\n<li><a href=\"\/edd2ndDeg\/?attachment_id=1109\">Crit\u00e8res de labellisation E3D<\/a><\/li>\n<\/ul>\n","protected":false},"excerpt":{"rendered":"<p>La campagne de Labellisation E3D 2019 est ouverte! Qu&rsquo;est ce que la\u00a0Labellisation E3D*?\u00a0 Dans notre acad\u00e9mie, il existe une\u00a0Labellisation E3D\u00a0qui\u00a0vise \u00e0 multiplier la D\u00e9marche\u00a0E3D dans les \u00e9tablissements scolaires et \u00e0 reconna\u00eetre et valoriser tous ceux qui sont d\u00e9j\u00e0 le lieu de concr\u00e9tisation du d\u00e9veloppement durable. \u00a0*E3D: Etablissement en D\u00e9marche de D\u00e9veloppement Durable Qui peut candidater?\u00a0 &hellip; <a href=\"https:\/\/site.ac-martinique.fr\/edd\/?p=1105\" class=\"more-link\">Continuer la lecture de <span class=\"screen-reader-text\">Labellisation E3D 2019<\/span>  <span class=\"meta-nav\">&rarr;<\/span><\/a><\/p>\n","protected":false},"author":68,"featured_media":0,"comment_status":"closed","ping_status":"open","sticky":false,"template":"","format":"standard","meta":{"footnotes":""},"categories":[139,140],"tags":[],"class_list":["post-1105","post","type-post","status-publish","format-standard","hentry","category-2018-2019","category-labellisation-e3d"],"_links":{"self":[{"href":"https:\/\/site.ac-martinique.fr\/edd\/index.php?rest_route=\/wp\/v2\/posts\/1105","targetHints":{"allow":["GET"]}}],"collection":[{"href":"https:\/\/site.ac-martinique.fr\/edd\/index.php?rest_route=\/wp\/v2\/posts"}],"about":[{"href":"https:\/\/site.ac-martinique.fr\/edd\/index.php?rest_route=\/wp\/v2\/types\/post"}],"author":[{"embeddable":true,"href":"https:\/\/site.ac-martinique.fr\/edd\/index.php?rest_route=\/wp\/v2\/users\/68"}],"replies":[{"embeddable":true,"href":"https:\/\/site.ac-martinique.fr\/edd\/index.php?rest_route=%2Fwp%2Fv2%2Fcomments&post=1105"}],"version-history":[{"count":5,"href":"https:\/\/site.ac-martinique.fr\/edd\/index.php?rest_route=\/wp\/v2\/posts\/1105\/revisions"}],"predecessor-version":[{"id":1134,"href":"https:\/\/site.ac-martinique.fr\/edd\/index.php?rest_route=\/wp\/v2\/posts\/1105\/revisions\/1134"}],"wp:attachment":[{"href":"https:\/\/site.ac-martinique.fr\/edd\/index.php?rest_route=%2Fwp%2Fv2%2Fmedia&parent=1105"}],"wp:term":[{"taxonomy":"category","embeddable":true,"href":"https:\/\/site.ac-martinique.fr\/edd\/index.php?rest_route=%2Fwp%2Fv2%2Fcategories&post=1105"},{"taxonomy":"post_tag","embeddable":true,"href":"https:\/\/site.ac-martinique.fr\/edd\/index.php?rest_route=%2Fwp%2Fv2%2Ftags&post=1105"}],"curies":[{"name":"wp","href":"https:\/\/api.w.org\/{rel}","templated":true}]}}