{"id":1156,"date":"2019-03-28T10:33:55","date_gmt":"2019-03-28T14:33:55","guid":{"rendered":"\/edd2ndDeg\/?p=1156"},"modified":"2019-03-28T15:16:04","modified_gmt":"2019-03-28T19:16:04","slug":"programme-du-seminaire-edd-2019","status":"publish","type":"post","link":"https:\/\/site.ac-martinique.fr\/edd\/?p=1156","title":{"rendered":"Programme du s\u00e9minaire EDD 2019"},"content":{"rendered":"<p>Le 4 Avril prochain aura lieu le S\u00e9minaire EDD 2019. La th\u00e9matique d\u00e9velopp\u00e9e sera \u00ab\u00a0Le Changement Climatique\u00a0\u00bb.<\/p>\n<p>De nombreuses conf\u00e9rences seront pr\u00e9sent\u00e9es tout au long de la journ\u00e9e.<\/p>\n<p><a href=\"\/edd2ndDeg\/?attachment_id=1157\">Consultez le programme du s\u00e9minaire EDD 2019.<\/a><\/p>\n<p>&nbsp;<\/p>\n<p>Ressources en lien avec la th\u00e9matique \u00ab\u00a0Le Changement climatique\u00a0\u00bb<\/p>\n<p>\/edd2ndDeg\/?p=1146<\/p>\n","protected":false},"excerpt":{"rendered":"<p>Le 4 Avril prochain aura lieu le S\u00e9minaire EDD 2019. La th\u00e9matique d\u00e9velopp\u00e9e sera \u00ab\u00a0Le Changement Climatique\u00a0\u00bb. De nombreuses conf\u00e9rences seront pr\u00e9sent\u00e9es tout au long de la journ\u00e9e. Consultez le programme du s\u00e9minaire EDD 2019. &nbsp; Ressources en lien avec la th\u00e9matique \u00ab\u00a0Le Changement climatique\u00a0\u00bb \/edd2ndDeg\/?p=1146<\/p>\n","protected":false},"author":68,"featured_media":0,"comment_status":"closed","ping_status":"open","sticky":false,"template":"","format":"standard","meta":{"footnotes":""},"categories":[1],"tags":[],"class_list":["post-1156","post","type-post","status-publish","format-standard","hentry","category-non-classe"],"_links":{"self":[{"href":"https:\/\/site.ac-martinique.fr\/edd\/index.php?rest_route=\/wp\/v2\/posts\/1156","targetHints":{"allow":["GET"]}}],"collection":[{"href":"https:\/\/site.ac-martinique.fr\/edd\/index.php?rest_route=\/wp\/v2\/posts"}],"about":[{"href":"https:\/\/site.ac-martinique.fr\/edd\/index.php?rest_route=\/wp\/v2\/types\/post"}],"author":[{"embeddable":true,"href":"https:\/\/site.ac-martinique.fr\/edd\/index.php?rest_route=\/wp\/v2\/users\/68"}],"replies":[{"embeddable":true,"href":"https:\/\/site.ac-martinique.fr\/edd\/index.php?rest_route=%2Fwp%2Fv2%2Fcomments&post=1156"}],"version-history":[{"count":2,"href":"https:\/\/site.ac-martinique.fr\/edd\/index.php?rest_route=\/wp\/v2\/posts\/1156\/revisions"}],"predecessor-version":[{"id":1162,"href":"https:\/\/site.ac-martinique.fr\/edd\/index.php?rest_route=\/wp\/v2\/posts\/1156\/revisions\/1162"}],"wp:attachment":[{"href":"https:\/\/site.ac-martinique.fr\/edd\/index.php?rest_route=%2Fwp%2Fv2%2Fmedia&parent=1156"}],"wp:term":[{"taxonomy":"category","embeddable":true,"href":"https:\/\/site.ac-martinique.fr\/edd\/index.php?rest_route=%2Fwp%2Fv2%2Fcategories&post=1156"},{"taxonomy":"post_tag","embeddable":true,"href":"https:\/\/site.ac-martinique.fr\/edd\/index.php?rest_route=%2Fwp%2Fv2%2Ftags&post=1156"}],"curies":[{"name":"wp","href":"https:\/\/api.w.org\/{rel}","templated":true}]}}