{"id":1230,"date":"2019-11-22T09:08:34","date_gmt":"2019-11-22T13:08:34","guid":{"rendered":"\/edd2ndDeg\/?p=1230"},"modified":"2019-12-01T13:33:11","modified_gmt":"2019-12-01T17:33:11","slug":"semaine-europeenne-de-la-reduction-des-dechets","status":"publish","type":"post","link":"https:\/\/site.ac-martinique.fr\/edd\/?p=1230","title":{"rendered":"Semaine Europ\u00e9enne de la r\u00e9duction des d\u00e9chets"},"content":{"rendered":"<p>La Semaine europ\u00e9enne de la r\u00e9duction des d\u00e9chets (SERD), s\u2019inscrit dans le cadre de la campagne nationale sur la r\u00e9duction des d\u00e9chets. Cette semaine de mobilisation a lieu chaque ann\u00e9e en Novembre et est organis\u00e9e en France par l\u2019ADEME.<\/p>\n<p>Le concept de la Semaine est bas\u00e9 sur la pr\u00e9vention des d\u00e9chets c\u2019est-\u00e0-dire avant que ce dernier ne soit produit, car le meilleur d\u00e9chet est celui que l&rsquo;on recycle ou que l&rsquo;on valorise. La pr\u00e9vention des d\u00e9chets c\u2019est donc agir pour \u00e9viter de produire des d\u00e9chets en consommant mieux (consommation de produits peu emball\u00e9s, \u00e9colabellis\u00e9s), en produisant mieux (production de produits \u00e9co-con\u00e7us), en prolongeant la dur\u00e9e de vie des produits (r\u00e9paration, r\u00e9emploi, don) et en jetant moins (en \u00e9vitant le gaspillage alimentaire, en compostant par exemple).<br \/>\nToutes les actions SERD sont des moments conviviaux d\u2019\u00e9changes pour parler de pr\u00e9vention des d\u00e9chets au sens large, mais surtout pour expliquer ce concept et donner des gestes simples que nous pouvons tous faire au quotidien pour limiter notre production de d\u00e9chets.<!--more--><\/p>\n<p>La SERD s\u2019adresse aussi bien aux administrations et collectivit\u00e9s, entreprises et associations, qu\u2019aux scolaires et au grand public. Tout le monde peut agir et comme il l\u2019entend : que ce soit avec une petite action conduite en interne sur le lieu de travail ou via une grande action visant un public large !<\/p>\n<p>D\u00e9couvrez en plus sur le site de l&rsquo;ADEME :\u00a0<a href=\"http:\/\/www.serd.ademe.fr\/\" target=\"_blank\" rel=\"noreferrer\" data-saferedirecturl=\"https:\/\/www.google.com\/url?q=http:\/\/www.serd.ademe.fr&amp;source=gmail&amp;ust=1574513530998000&amp;usg=AFQjCNGqmVidCIx-S31rlElatot7bMWnQA\">www.serd.ademe.fr<\/a><\/p>\n<p>Toutes les informations sur le site europ\u00e9en :\u00a0<a href=\"http:\/\/www.ewwr.eu\/fr\" target=\"_blank\" rel=\"noreferrer\" data-saferedirecturl=\"https:\/\/www.google.com\/url?q=http:\/\/www.ewwr.eu\/fr&amp;source=gmail&amp;ust=1574513530998000&amp;usg=AFQjCNHQZtA1Lk_LvCbVFRM20zc8CU03lA\">www.ewwr.eu\/fr<\/a><\/p>\n<p>Pour accompagner les porteurs de projet dans la d\u00e9marche de labellisation : le Guide du porteur de projet de la SERD \u00e0\u00a0\u00a0<a href=\"https:\/\/serd.ademe.fr\/sites\/default\/files\/guide-porteur-projet-serd.pdf\" target=\"_blank\" rel=\"noreferrer\" data-saferedirecturl=\"https:\/\/www.google.com\/url?q=https:\/\/serd.ademe.fr\/sites\/default\/files\/guide-porteur-projet-serd.pdf&amp;source=gmail&amp;ust=1574513530998000&amp;usg=AFQjCNE63pkRhtHUZD24PMzUACLsc0cKjQ\">https:\/\/serd.ademe.fr\/sites\/de<wbr \/>fault\/files\/guide-porteur-proj<wbr \/>et-serd.pdf<\/a><\/p>\n<p>&#8211; des id\u00e9es d&rsquo;actions, aux pages 15-20<br \/>\n&#8211; les \u00e9tapes \u00e0 suivre pour vous inscrire \u00e0 la SERD, aux pages 6-7<br \/>\n&#8211; la liste des outils de communication disponibles, aux pages 8-10<br \/>\n&#8211; les \u00e9tapes pour t\u00e9l\u00e9charger \/ commander vos outils, aux pages 11-12.<\/p>\n<p>Sur le site de la SERD d\u00e9couvrez \u00e9galement toutes les actions pr\u00e9vues durant la semaine sur votre territoire :\u00a0<a href=\"https:\/\/www.serd.ademe.fr\/programmes\" target=\"_blank\" rel=\"noreferrer\" data-saferedirecturl=\"https:\/\/www.google.com\/url?q=https:\/\/www.serd.ademe.fr\/programmes&amp;source=gmail&amp;ust=1574513530998000&amp;usg=AFQjCNHEodAhy_cBGOK0N9E34pItAM2PSg\">https:\/\/www.serd.ademe.fr\/prog<wbr \/>rammes<\/a><\/p>\n<p>Des actions que nous pouvons mettre en oeuvre cette semaine, du 16 au 24 novembre 2019 ou \u00e0 partir de l&rsquo;ann\u00e9e scolaire prochaine dans l&rsquo;acad\u00e9mie de Martinique.\u00a0\u00bb<\/p>\n","protected":false},"excerpt":{"rendered":"<p>La Semaine europ\u00e9enne de la r\u00e9duction des d\u00e9chets (SERD), s\u2019inscrit dans le cadre de la campagne nationale sur la r\u00e9duction des d\u00e9chets. Cette semaine de mobilisation a lieu chaque ann\u00e9e en Novembre et est organis\u00e9e en France par l\u2019ADEME. Le concept de la Semaine est bas\u00e9 sur la pr\u00e9vention des d\u00e9chets c\u2019est-\u00e0-dire avant que ce &hellip; <a href=\"https:\/\/site.ac-martinique.fr\/edd\/?p=1230\" class=\"more-link\">Continuer la lecture de <span class=\"screen-reader-text\">Semaine Europ\u00e9enne de la r\u00e9duction des d\u00e9chets<\/span>  <span class=\"meta-nav\">&rarr;<\/span><\/a><\/p>\n","protected":false},"author":68,"featured_media":0,"comment_status":"closed","ping_status":"open","sticky":false,"template":"","format":"standard","meta":{"footnotes":""},"categories":[141,1,112],"tags":[],"class_list":["post-1230","post","type-post","status-publish","format-standard","hentry","category-2019-2020","category-non-classe","category-semaine-europeenne-de-reduction-des-dechets"],"_links":{"self":[{"href":"https:\/\/site.ac-martinique.fr\/edd\/index.php?rest_route=\/wp\/v2\/posts\/1230","targetHints":{"allow":["GET"]}}],"collection":[{"href":"https:\/\/site.ac-martinique.fr\/edd\/index.php?rest_route=\/wp\/v2\/posts"}],"about":[{"href":"https:\/\/site.ac-martinique.fr\/edd\/index.php?rest_route=\/wp\/v2\/types\/post"}],"author":[{"embeddable":true,"href":"https:\/\/site.ac-martinique.fr\/edd\/index.php?rest_route=\/wp\/v2\/users\/68"}],"replies":[{"embeddable":true,"href":"https:\/\/site.ac-martinique.fr\/edd\/index.php?rest_route=%2Fwp%2Fv2%2Fcomments&post=1230"}],"version-history":[{"count":2,"href":"https:\/\/site.ac-martinique.fr\/edd\/index.php?rest_route=\/wp\/v2\/posts\/1230\/revisions"}],"predecessor-version":[{"id":1237,"href":"https:\/\/site.ac-martinique.fr\/edd\/index.php?rest_route=\/wp\/v2\/posts\/1230\/revisions\/1237"}],"wp:attachment":[{"href":"https:\/\/site.ac-martinique.fr\/edd\/index.php?rest_route=%2Fwp%2Fv2%2Fmedia&parent=1230"}],"wp:term":[{"taxonomy":"category","embeddable":true,"href":"https:\/\/site.ac-martinique.fr\/edd\/index.php?rest_route=%2Fwp%2Fv2%2Fcategories&post=1230"},{"taxonomy":"post_tag","embeddable":true,"href":"https:\/\/site.ac-martinique.fr\/edd\/index.php?rest_route=%2Fwp%2Fv2%2Ftags&post=1230"}],"curies":[{"name":"wp","href":"https:\/\/api.w.org\/{rel}","templated":true}]}}