{"id":1295,"date":"2020-06-25T09:21:15","date_gmt":"2020-06-25T13:21:15","guid":{"rendered":"\/edd\/?p=1295"},"modified":"2020-06-25T09:30:54","modified_gmt":"2020-06-25T13:30:54","slug":"une-semaine-pour-leau-du-29-juin-au-05-juillet-2020","status":"publish","type":"post","link":"https:\/\/site.ac-martinique.fr\/edd\/?p=1295","title":{"rendered":"Une Semaine pour l\u2019Eau, du 29 juin au 05 juillet 2020"},"content":{"rendered":"<p>L\u2019op\u00e9ration pr\u00e9vue \u00e0 la suite de la <strong>Journ\u00e9e Mondiale de l\u2019Eau<\/strong> du 23 au 29 mars 2020 dernier \u00a0\u00bb Une Semaine pour l\u2019Eau\u00a0\u00bb, qui pr\u00e9voyait une succession d\u2019actions de d\u00e9couverte des ressources en eau et des milieux aquatiques de notre \u00eele, a \u00e9t\u00e9 revisit\u00e9e face \u00e0 la pand\u00e9mie mondiale.<\/p>\n<p>Suite de la crise du Covid-19, et \u00e0 la veille des \u00ab grandes vacances 2020 \u00bb, <strong>l\u2019ODE et les 16 membres de son R\u00e9s\u2019Eau, organisent <span style=\"color: #ff6600;\">\u00ab Une Semaine pour l\u2019Eau, du 29 juin au 05 juillet 2020&Prime;<\/span><\/strong><span style=\"color: #ff6600;\">. <\/span><\/p>\n<p><strong>Objectifs :<\/strong> <!--more--><\/p>\n<p>Communiquer de fa\u00e7on positive sur des actions et les gestes positifs \u00e0 adopter, \u00e0 l\u2019attention d\u2019usagers confin\u00e9s partant \u00e0 la red\u00e9couverte de la nature et des milieux aquatiques.<\/p>\n<p>Consulter :<\/p>\n<ul>\n<li><a href=\"\/edd\/wp-content\/uploads\/sites\/12\/2020\/06\/ODE-Planning-Digital-V6.pdf\">le planning digital<\/a><\/li>\n<li><a href=\"\/edd\/?attachment_id=1296\">l&rsquo;affiche de la campagne<\/a><\/li>\n<li>et suivez la campagne de sensibilisation sur le site internet \/ la page Facebook de l&rsquo;ODE.<\/li>\n<\/ul>\n","protected":false},"excerpt":{"rendered":"<p>L\u2019op\u00e9ration pr\u00e9vue \u00e0 la suite de la Journ\u00e9e Mondiale de l\u2019Eau du 23 au 29 mars 2020 dernier \u00a0\u00bb Une Semaine pour l\u2019Eau\u00a0\u00bb, qui pr\u00e9voyait une succession d\u2019actions de d\u00e9couverte des ressources en eau et des milieux aquatiques de notre \u00eele, a \u00e9t\u00e9 revisit\u00e9e face \u00e0 la pand\u00e9mie mondiale. Suite de la crise du Covid-19, &hellip; <a href=\"https:\/\/site.ac-martinique.fr\/edd\/?p=1295\" class=\"more-link\">Continuer la lecture de <span class=\"screen-reader-text\">Une Semaine pour l\u2019Eau, du 29 juin au 05 juillet 2020<\/span>  <span class=\"meta-nav\">&rarr;<\/span><\/a><\/p>\n","protected":false},"author":68,"featured_media":1296,"comment_status":"closed","ping_status":"open","sticky":false,"template":"","format":"standard","meta":{"footnotes":""},"categories":[141,1,143],"tags":[],"class_list":["post-1295","post","type-post","status-publish","format-standard","has-post-thumbnail","hentry","category-2019-2020","category-non-classe","category-journee-mondiale-de-leau"],"_links":{"self":[{"href":"https:\/\/site.ac-martinique.fr\/edd\/index.php?rest_route=\/wp\/v2\/posts\/1295","targetHints":{"allow":["GET"]}}],"collection":[{"href":"https:\/\/site.ac-martinique.fr\/edd\/index.php?rest_route=\/wp\/v2\/posts"}],"about":[{"href":"https:\/\/site.ac-martinique.fr\/edd\/index.php?rest_route=\/wp\/v2\/types\/post"}],"author":[{"embeddable":true,"href":"https:\/\/site.ac-martinique.fr\/edd\/index.php?rest_route=\/wp\/v2\/users\/68"}],"replies":[{"embeddable":true,"href":"https:\/\/site.ac-martinique.fr\/edd\/index.php?rest_route=%2Fwp%2Fv2%2Fcomments&post=1295"}],"version-history":[{"count":4,"href":"https:\/\/site.ac-martinique.fr\/edd\/index.php?rest_route=\/wp\/v2\/posts\/1295\/revisions"}],"predecessor-version":[{"id":1306,"href":"https:\/\/site.ac-martinique.fr\/edd\/index.php?rest_route=\/wp\/v2\/posts\/1295\/revisions\/1306"}],"wp:featuredmedia":[{"embeddable":true,"href":"https:\/\/site.ac-martinique.fr\/edd\/index.php?rest_route=\/wp\/v2\/media\/1296"}],"wp:attachment":[{"href":"https:\/\/site.ac-martinique.fr\/edd\/index.php?rest_route=%2Fwp%2Fv2%2Fmedia&parent=1295"}],"wp:term":[{"taxonomy":"category","embeddable":true,"href":"https:\/\/site.ac-martinique.fr\/edd\/index.php?rest_route=%2Fwp%2Fv2%2Fcategories&post=1295"},{"taxonomy":"post_tag","embeddable":true,"href":"https:\/\/site.ac-martinique.fr\/edd\/index.php?rest_route=%2Fwp%2Fv2%2Ftags&post=1295"}],"curies":[{"name":"wp","href":"https:\/\/api.w.org\/{rel}","templated":true}]}}