{"id":1326,"date":"2020-07-01T18:51:54","date_gmt":"2020-07-01T22:51:54","guid":{"rendered":"\/edd\/?p=1326"},"modified":"2020-07-01T18:53:35","modified_gmt":"2020-07-01T22:53:35","slug":"les-aires-marines-educatives-se-developpent","status":"publish","type":"post","link":"https:\/\/site.ac-martinique.fr\/edd\/?p=1326","title":{"rendered":"Les Aires Marines \u00c9ducatives se d\u00e9veloppent"},"content":{"rendered":"<p style=\"padding-left: 30px;\">Les\u00a0<strong>Aires Marines \u00c9ducatives<\/strong>\u00a0sont n\u00e9es en Polyn\u00e9sie Fran\u00e7aise en 2012, \u00e0 l\u2019initiative des \u00e9l\u00e8ves de diff\u00e9rentes \u00e9coles situ\u00e9es dans l\u2019archipel des Marquises. \u00a0En accord avec le gouvernement de Polyn\u00e9sie fran\u00e7aise, il a \u00e9t\u00e9 d\u00e9cid\u00e9 par le gouvernement fran\u00e7ais d\u2019\u00e9tendre la d\u00e9marche \u00e0 l\u2019ensemble du territoire national et de la\u00a0 structurer autour d\u2019un label.<\/p>\n<p>Vous trouverez plus d\u2019information sur la d\u00e9marche ici :<br \/>\n<a href=\"http:\/\/www.aires-marines.fr\/Proteger\/Sensibiliser-le-public\/Les-aires-marines-educatives\">http:\/\/www.aires-marines.fr\/Proteger\/Sensibiliser-le-public\/Les-aires-marines-educatives<\/a><\/p>\n<p>Ainsi, au vue des enjeux environnementaux, le Parc naturel marin de Martinique assure la coordination et le d\u00e9veloppement des aires marines \u00e9ducatives sur l\u2019\u00eele.<\/p>\n<p>Depuis, 11 \u00e9coles se sont inscrites \u00e0 la d\u00e9marche et pr\u00e8s de 600 enfants ont \u00e9t\u00e9 appel\u00e9s \u00e0 devenir porteurs de projets p\u00e9dagogiques de connaissance et de pr\u00e9servation de l\u2019environnement en Martinique.<\/p>\n<p><strong>Ouverte \u00e0 l\u2019ensemble des \u00e9coles primaires fran\u00e7ais <\/strong>(publiques et priv\u00e9es sous contrat), une plateforme num\u00e9rique vous permet de d\u00e9poser vos dossiers d\u2019inscription pour la d\u00e9marche d\u2019aire marine \u00e9ducative.<br \/>\nSi vous souhaitez \u00eatre partie prenante \u00e0 ce mouvement pour la\u00a0<strong>rentr\u00e9e scolaire 2020-2021<\/strong>,\u00a0sachez que certaines conditions pr\u00e9alables sont requises et doivent \u00eatre obligatoirement remplies, \u00e0 savoir :<!--more--><\/p>\n<ul>\n<li>\u00catre une \u00e9cole ou classe de cycle 3 ;<\/li>\n<li>D\u00e9finir une zone aire marine \u00e9ducative sur le littoral de la commune en charge de votre \u00e9cole ou \u00e9tablissement ;<\/li>\n<\/ul>\n<p>D\u00e9montrer la possibilit\u00e9 d\u2019un partenariat avec un r\u00e9f\u00e9rent de la sph\u00e8re de l\u2019\u00e9ducation \u00e0 l\u2019environnement qui vous accompagnera sur les aspects de connaissance et d\u00e9couverte du milieu marin et de lien avec les acteurs du territoire.<\/p>\n<p>Afin de vous accompagner dans la cr\u00e9ation de votre aire marine \u00e9ducative, l\u2019 Office Fran\u00e7ais de la Biodiversit\u00e9 vous propose : un livret d\u2019accompagnement qui contient les modalit\u00e9s pour la mise en \u0153uvre de votre AME :\u00a0 <a href=\"https:\/\/ofb.gouv.fr\/sites\/default\/files\/Fichiers\/Appels%20\u00e0%20projets\/AME-ATE\/livret_accompagnement_creation_ame.pdf\">https:\/\/ofb.gouv.fr\/sites\/default\/files\/Fichiers\/Appels%20\u00e0%20projets\/AME-ATE\/livret_accompagnement_creation_ame.pdf<\/a>.<br \/>\nLe dossier d\u2019inscription est disponible jusqu\u2019au 30 septembre via le lien suivant : <a href=\"https:\/\/www.demarches-simplifiees.fr\/commencer\/dossier-d-inscription-a-la-demarche-aires-educativ\">https:\/\/www.demarches-simplifiees.fr\/commencer\/dossier-d-inscription-a-la-demarche-aires-educativ<\/a><\/p>\n<p>&nbsp;<\/p>\n<p>Pour plus de renseignements, vous pouvez contacter l\u2019Office Fran\u00e7ais de la Biodiversit\u00e9, \u00e0 l\u2019adresse suivante : <a href=\"mailto:francois.morisseau@ofb.gouv.fr\">francois.morisseau@ofb.gouv.fr<\/a><\/p>\n<p>Ou encore le Parc Naturel de Martinique structure d\u2019appui et de coordination des AME en Martinique en contactant\u00a0:<\/p>\n<p>&#8211;\u00a0\u00a0\u00a0\u00a0\u00a0 Madame GINEAU Audrey (<a href=\"mailto:audrey.gineau@ofb.gouv.fr\">audrey.gineau@ofb.gouv.fr<\/a>)<\/p>\n<p>&#8211;\u00a0\u00a0\u00a0\u00a0\u00a0 Madame JEAN-BAPTISTE-SIMONNE L\u00e9na (<a href=\"mailto:lena.jean-baptiste-simonne@ofb.gouv.fr\">lena.jean-baptiste-simonne@ofb.gouv.fr<\/a>)<\/p>\n","protected":false},"excerpt":{"rendered":"<p>Les\u00a0Aires Marines \u00c9ducatives\u00a0sont n\u00e9es en Polyn\u00e9sie Fran\u00e7aise en 2012, \u00e0 l\u2019initiative des \u00e9l\u00e8ves de diff\u00e9rentes \u00e9coles situ\u00e9es dans l\u2019archipel des Marquises. \u00a0En accord avec le gouvernement de Polyn\u00e9sie fran\u00e7aise, il a \u00e9t\u00e9 d\u00e9cid\u00e9 par le gouvernement fran\u00e7ais d\u2019\u00e9tendre la d\u00e9marche \u00e0 l\u2019ensemble du territoire national et de la\u00a0 structurer autour d\u2019un label. Vous trouverez plus &hellip; <a href=\"https:\/\/site.ac-martinique.fr\/edd\/?p=1326\" class=\"more-link\">Continuer la lecture de <span class=\"screen-reader-text\">Les Aires Marines \u00c9ducatives se d\u00e9veloppent<\/span>  <span class=\"meta-nav\">&rarr;<\/span><\/a><\/p>\n","protected":false},"author":68,"featured_media":0,"comment_status":"closed","ping_status":"open","sticky":false,"template":"","format":"standard","meta":{"footnotes":""},"categories":[141,146,116,1],"tags":[],"class_list":["post-1326","post","type-post","status-publish","format-standard","hentry","category-2019-2020","category-2020-2021","category-biodiversite","category-non-classe"],"_links":{"self":[{"href":"https:\/\/site.ac-martinique.fr\/edd\/index.php?rest_route=\/wp\/v2\/posts\/1326","targetHints":{"allow":["GET"]}}],"collection":[{"href":"https:\/\/site.ac-martinique.fr\/edd\/index.php?rest_route=\/wp\/v2\/posts"}],"about":[{"href":"https:\/\/site.ac-martinique.fr\/edd\/index.php?rest_route=\/wp\/v2\/types\/post"}],"author":[{"embeddable":true,"href":"https:\/\/site.ac-martinique.fr\/edd\/index.php?rest_route=\/wp\/v2\/users\/68"}],"replies":[{"embeddable":true,"href":"https:\/\/site.ac-martinique.fr\/edd\/index.php?rest_route=%2Fwp%2Fv2%2Fcomments&post=1326"}],"version-history":[{"count":3,"href":"https:\/\/site.ac-martinique.fr\/edd\/index.php?rest_route=\/wp\/v2\/posts\/1326\/revisions"}],"predecessor-version":[{"id":1329,"href":"https:\/\/site.ac-martinique.fr\/edd\/index.php?rest_route=\/wp\/v2\/posts\/1326\/revisions\/1329"}],"wp:attachment":[{"href":"https:\/\/site.ac-martinique.fr\/edd\/index.php?rest_route=%2Fwp%2Fv2%2Fmedia&parent=1326"}],"wp:term":[{"taxonomy":"category","embeddable":true,"href":"https:\/\/site.ac-martinique.fr\/edd\/index.php?rest_route=%2Fwp%2Fv2%2Fcategories&post=1326"},{"taxonomy":"post_tag","embeddable":true,"href":"https:\/\/site.ac-martinique.fr\/edd\/index.php?rest_route=%2Fwp%2Fv2%2Ftags&post=1326"}],"curies":[{"name":"wp","href":"https:\/\/api.w.org\/{rel}","templated":true}]}}