{"id":1360,"date":"2020-09-18T15:15:43","date_gmt":"2020-09-18T19:15:43","guid":{"rendered":"\/edd\/?p=1360"},"modified":"2020-09-18T15:28:49","modified_gmt":"2020-09-18T19:28:49","slug":"semaine-europeenne-du-dd-2020","status":"publish","type":"post","link":"https:\/\/site.ac-martinique.fr\/edd\/?p=1360","title":{"rendered":"Semaine Europ\u00e9enne du DD 2020"},"content":{"rendered":"<p>Du <strong>18 septembre au 8 octobre 2020<\/strong> a lieu la <strong><span style=\"color: #ff6600;\">Semaine europ\u00e9enne du d\u00e9veloppement durable<\/span><\/strong>\u00a0avec un temps fort du 20 au 26 septembre pour l\u2019anniversaire de l\u2019Agenda 2030 et ses <span style=\"color: #008000;\">1<\/span><a href=\"https:\/\/www.ecologie.gouv.fr\/ODD\">7 Objectifs de d\u00e9veloppement durable, les ODD.<\/a><\/p>\n<p>\u00c0 cette occasion, de nombreuses initiatives pour promouvoir le d\u00e9veloppement durable sont organis\u00e9es dans toute l&rsquo;Europe.\u00a0 Cas actions visent \u00e0 montrer comment chacun peut contribuer \u00e0 ces 17 ODD.<!--more--><\/p>\n<p>Elles sont recens\u00e9es sur ce <a title=\"Nouvelle fen\u00eatre vers le site de la Semaine europ\u00e9enne du d\u00e9veloppement durable\" href=\"http:\/\/www.sedd.developpement-durable.gouv.fr\/\" target=\"_blank\">site<\/a>.\u00a0<strong>Les inscriptions sont ouvertes \u00e0 toutes natures de participants.<\/strong><\/p>\n<div class=\"column--flex column--flex--content ckeditor-text\">\n<p>Le principal crit\u00e8re de s\u00e9lection pour participer \u00e0 la\u00a0<abbr lang=\"fr\" title=\"Semaine Europ\u00e9enne du D\u00e9veloppement Durable\" xml:lang=\"fr\">SEDD<\/abbr>\u00a0est que le projet\/initiative promeuve le d\u00e9veloppement durable \u00e0 travers des\u00a0conf\u00e9rences, exposition, organisation de march\u00e9, projections de film, activit\u00e9s associative, projets d\u2019\u00e9ducation etc&#8230;<\/p>\n<p><a title=\"Nouvelle fen\u00eatre pour inscrire son action\" href=\"https:\/\/esdw.eu\/register\/?lang=fr\" target=\"_blank\">Participer et inscrire un \u00e9v\u00e9nement \u00e0 la Semaine europ\u00e9enne du d\u00e9veloppement durable 2020<\/a><\/p>\n<p>T\u00e9l\u00e9chargez\u00a0<a href=\"http:\/\/webissimo.developpement-durable.gouv.fr\/IMG\/zip\/agenda_2030_cle69fa9c.zip\">ici<\/a>\u00a0le kit de communication de la SEDD 2020\u00a0:\u00a0Utilisez ces supports pour illustrer vos affiches, articles et autres outils promotionnels\u00a0!<\/p>\n<div class=\"ckeditor-background-color colored\"><\/div>\n<\/div>\n<div class=\"column--flex column--flex--right\"><\/div>\n","protected":false},"excerpt":{"rendered":"<p>Du 18 septembre au 8 octobre 2020 a lieu la Semaine europ\u00e9enne du d\u00e9veloppement durable\u00a0avec un temps fort du 20 au 26 septembre pour l\u2019anniversaire de l\u2019Agenda 2030 et ses 17 Objectifs de d\u00e9veloppement durable, les ODD. \u00c0 cette occasion, de nombreuses initiatives pour promouvoir le d\u00e9veloppement durable sont organis\u00e9es dans toute l&rsquo;Europe.\u00a0 Cas actions &hellip; <a href=\"https:\/\/site.ac-martinique.fr\/edd\/?p=1360\" class=\"more-link\">Continuer la lecture de <span class=\"screen-reader-text\">Semaine Europ\u00e9enne du DD 2020<\/span>  <span class=\"meta-nav\">&rarr;<\/span><\/a><\/p>\n","protected":false},"author":68,"featured_media":1363,"comment_status":"closed","ping_status":"open","sticky":false,"template":"","format":"standard","meta":{"footnotes":""},"categories":[146,124],"tags":[],"class_list":["post-1360","post","type-post","status-publish","format-standard","has-post-thumbnail","hentry","category-2020-2021","category-semaine-europeenne-dd"],"_links":{"self":[{"href":"https:\/\/site.ac-martinique.fr\/edd\/index.php?rest_route=\/wp\/v2\/posts\/1360","targetHints":{"allow":["GET"]}}],"collection":[{"href":"https:\/\/site.ac-martinique.fr\/edd\/index.php?rest_route=\/wp\/v2\/posts"}],"about":[{"href":"https:\/\/site.ac-martinique.fr\/edd\/index.php?rest_route=\/wp\/v2\/types\/post"}],"author":[{"embeddable":true,"href":"https:\/\/site.ac-martinique.fr\/edd\/index.php?rest_route=\/wp\/v2\/users\/68"}],"replies":[{"embeddable":true,"href":"https:\/\/site.ac-martinique.fr\/edd\/index.php?rest_route=%2Fwp%2Fv2%2Fcomments&post=1360"}],"version-history":[{"count":4,"href":"https:\/\/site.ac-martinique.fr\/edd\/index.php?rest_route=\/wp\/v2\/posts\/1360\/revisions"}],"predecessor-version":[{"id":1365,"href":"https:\/\/site.ac-martinique.fr\/edd\/index.php?rest_route=\/wp\/v2\/posts\/1360\/revisions\/1365"}],"wp:featuredmedia":[{"embeddable":true,"href":"https:\/\/site.ac-martinique.fr\/edd\/index.php?rest_route=\/wp\/v2\/media\/1363"}],"wp:attachment":[{"href":"https:\/\/site.ac-martinique.fr\/edd\/index.php?rest_route=%2Fwp%2Fv2%2Fmedia&parent=1360"}],"wp:term":[{"taxonomy":"category","embeddable":true,"href":"https:\/\/site.ac-martinique.fr\/edd\/index.php?rest_route=%2Fwp%2Fv2%2Fcategories&post=1360"},{"taxonomy":"post_tag","embeddable":true,"href":"https:\/\/site.ac-martinique.fr\/edd\/index.php?rest_route=%2Fwp%2Fv2%2Ftags&post=1360"}],"curies":[{"name":"wp","href":"https:\/\/api.w.org\/{rel}","templated":true}]}}