{"id":1860,"date":"2021-10-18T04:35:12","date_gmt":"2021-10-18T08:35:12","guid":{"rendered":"https:\/\/site.ac-martinique.fr\/edd\/?p=1860"},"modified":"2021-10-18T04:56:20","modified_gmt":"2021-10-18T08:56:20","slug":"seminaire-academique-chlordecone","status":"publish","type":"post","link":"https:\/\/site.ac-martinique.fr\/edd\/?p=1860","title":{"rendered":"S\u00e9MINAIRE ACAD\u00e9MIQUE CHLORDECONE"},"content":{"rendered":"\n<p>\u00ab&nbsp;Dans le cadre du plan chlord\u00e9cone IV, priorit\u00e9 pr\u00e9sidentielle, l&rsquo;acad\u00e9mie de Martinique s&rsquo;est engag\u00e9e \u00e0 former ses personnels afin de les sensibiliser et sensibiliser les \u00e9l\u00e8ves dont ils ont la charge, \u00e0 la th\u00e9matique de la chlord\u00e9cone&nbsp;\u00bb. Le s\u00e9minaire s&rsquo;adresse \u00e0 des personnels du 1er et du 2nd degr\u00e9, enseignants, directeurs d&rsquo;\u00e9coles, chefs d&rsquo;\u00e9tablissement, CPE, personnels de sant\u00e9, inspecteurs, conseillers p\u00e9dagogiques. Pour tenir compte des contraintes du contexte sanitaire, il se d\u00e9roule enti\u00e8rement en distanciel.<\/p>\n\n\n\n<p>Une des actions mises en place pour atteindre cet objectif est l\u2019organisation d\u2019un <strong>s\u00e9minaire acad\u00e9mique annuel sur la chlord\u00e9cone<\/strong>. La formation propos\u00e9e est organis\u00e9e autour deux axes&nbsp;:<\/p>\n\n\n\n<p>&#8211;&nbsp;&nbsp;&nbsp;&nbsp;&nbsp;&nbsp;&nbsp;&nbsp;La mise \u00e0 niveau scientifique au travers de conf\u00e9rences de scientifiques et d\u2019acteurs publiques impliqu\u00e9s dans la gestion de la probl\u00e9matique de la chlord\u00e9cone<\/p>\n\n\n\n<!--more-->\n\n\n\n<p>&#8211;&nbsp;&nbsp;&nbsp;&nbsp;&nbsp;&nbsp;&nbsp;&nbsp;L\u2019organisation d\u2019ateliers de r\u00e9flexion et de conf\u00e9rences sur les pratiques p\u00e9dagogiques et didactiques qui visent la mise en \u0153uvre d\u2019actions de sensibilisation \u00e0 destination de l\u2019ensemble de la communaut\u00e9 scolaire, dans la classe et hors de la classe.<\/p>\n\n\n\n<p>Nous vous invitons \u00e0 prendre connaissance et \u00e0 diffuser largement la pr\u00e9sentation du s\u00e9minaire et du planning pr\u00e9visionnel \u00e0 partir des liens suivants&nbsp;:<\/p>\n\n\n\n<p>&#8211;&nbsp;&nbsp;<a rel=\"noreferrer noopener\" href=\"https:\/\/view.genial.ly\/615289455dcd970de73e2dfd\" target=\"_blank\">Vid\u00e9o de pr\u00e9sentation du s\u00e9minaire<\/a>&nbsp;:&nbsp;<a rel=\"noreferrer noopener\" href=\"https:\/\/colibris.link\/seminaireCLD2\" target=\"_blank\">https:\/\/colibris.link\/seminaireCLD2<\/a><\/p>\n\n\n\n<p>&#8211;&nbsp;&nbsp;<a rel=\"noreferrer noopener\" href=\"https:\/\/view.genial.ly\/616b01dcf1952d0dd5cd3528\" target=\"_blank\">Programme pr\u00e9visionnel&nbsp;<\/a>:&nbsp;<a rel=\"noreferrer noopener\" href=\"https:\/\/colibris.link\/planningsemCLD2\" target=\"_blank\">https:\/\/colibris.link\/planningsemCLD2<\/a><\/p>\n\n\n\n<p>Cette ann\u00e9e, les inscriptions au s\u00e9minaire se feront sur la base du volontariat.<\/p>\n\n\n\n<p>Pour assurer une efficacit\u00e9 quant aux transferts dans les actions \u00e0 destination des \u00e9l\u00e8ves, il a \u00e9t\u00e9 choisi que participent des \u00ab&nbsp;<strong>\u00e9quipes d&rsquo;\u00e9tablissement<\/strong>&nbsp;\u00bb. Celles-ci sont \u00e0 minima constitu\u00e9es de 4 professeurs venant de diff\u00e9rentes disciplines (SVT, Histoire-G\u00e9ographie, Sciences Physiques et Chimiques, Documentation), d&rsquo;un personnel de sant\u00e9.<br>Nous vous encourageons \u00e0 \u00e9largir cette \u00e9quipe aux CPE et \u00e0 un membre de l&rsquo;\u00e9quipe de direction.<br>Les autres disciplines sont \u00e9galement invit\u00e9es \u00e0 rejoindre le s\u00e9minaire.<\/p>\n\n\n\n<p><strong>Comment s\u2019inscrire&nbsp;?<\/strong><\/p>\n\n\n\n<p>1.&nbsp;&nbsp;&nbsp;&nbsp;&nbsp;&nbsp;Constituez votre \u00e9quipe<\/p>\n\n\n\n<p>2.&nbsp;&nbsp;&nbsp;&nbsp;&nbsp;&nbsp;Remplissez puis renvoyez la feuille de calcul t\u00e9l\u00e9chargeable ci-dessous \u00e0 l\u2019adresse mail suivante&nbsp;:<\/p>\n\n\n\n<p>Missionchlord\u00e9<a rel=\"noreferrer noopener\" href=\"mailto:cone@ac-martinique.fr\" target=\"_blank\">cone@ac-martinique.fr<\/a><\/p>\n\n\n\n<p><a href=\"https:\/\/site.ac-martinique.fr\/edd\/wp-content\/uploads\/sites\/12\/2021\/10\/InscriptionSeminaireCLD2.xlsx\" target=\"_blank\" rel=\"noreferrer noopener\">T\u00e9l\u00e9charger la feuille de calcul<\/a><\/p>\n","protected":false},"excerpt":{"rendered":"<p>\u00ab&nbsp;Dans le cadre du plan chlord\u00e9cone IV, priorit\u00e9 pr\u00e9sidentielle, l&rsquo;acad\u00e9mie de Martinique s&rsquo;est engag\u00e9e \u00e0 former ses personnels afin de les sensibiliser et sensibiliser les \u00e9l\u00e8ves dont ils ont la charge, \u00e0 la th\u00e9matique de la chlord\u00e9cone&nbsp;\u00bb. Le s\u00e9minaire s&rsquo;adresse \u00e0 des personnels du 1er et du 2nd degr\u00e9, enseignants, directeurs d&rsquo;\u00e9coles, chefs d&rsquo;\u00e9tablissement, CPE, &hellip; <a href=\"https:\/\/site.ac-martinique.fr\/edd\/?p=1860\" class=\"more-link\">Continuer la lecture de <span class=\"screen-reader-text\">S\u00e9MINAIRE ACAD\u00e9MIQUE CHLORDECONE<\/span>  <span class=\"meta-nav\">&rarr;<\/span><\/a><\/p>\n","protected":false},"author":68,"featured_media":0,"comment_status":"closed","ping_status":"open","sticky":false,"template":"","format":"standard","meta":{"footnotes":""},"categories":[150,155,156],"tags":[],"class_list":["post-1860","post","type-post","status-publish","format-standard","hentry","category-2021-2022","category-chlordecone","category-seminaire"],"_links":{"self":[{"href":"https:\/\/site.ac-martinique.fr\/edd\/index.php?rest_route=\/wp\/v2\/posts\/1860","targetHints":{"allow":["GET"]}}],"collection":[{"href":"https:\/\/site.ac-martinique.fr\/edd\/index.php?rest_route=\/wp\/v2\/posts"}],"about":[{"href":"https:\/\/site.ac-martinique.fr\/edd\/index.php?rest_route=\/wp\/v2\/types\/post"}],"author":[{"embeddable":true,"href":"https:\/\/site.ac-martinique.fr\/edd\/index.php?rest_route=\/wp\/v2\/users\/68"}],"replies":[{"embeddable":true,"href":"https:\/\/site.ac-martinique.fr\/edd\/index.php?rest_route=%2Fwp%2Fv2%2Fcomments&post=1860"}],"version-history":[{"count":4,"href":"https:\/\/site.ac-martinique.fr\/edd\/index.php?rest_route=\/wp\/v2\/posts\/1860\/revisions"}],"predecessor-version":[{"id":1871,"href":"https:\/\/site.ac-martinique.fr\/edd\/index.php?rest_route=\/wp\/v2\/posts\/1860\/revisions\/1871"}],"wp:attachment":[{"href":"https:\/\/site.ac-martinique.fr\/edd\/index.php?rest_route=%2Fwp%2Fv2%2Fmedia&parent=1860"}],"wp:term":[{"taxonomy":"category","embeddable":true,"href":"https:\/\/site.ac-martinique.fr\/edd\/index.php?rest_route=%2Fwp%2Fv2%2Fcategories&post=1860"},{"taxonomy":"post_tag","embeddable":true,"href":"https:\/\/site.ac-martinique.fr\/edd\/index.php?rest_route=%2Fwp%2Fv2%2Ftags&post=1860"}],"curies":[{"name":"wp","href":"https:\/\/api.w.org\/{rel}","templated":true}]}}