{"id":2085,"date":"2022-09-09T09:19:58","date_gmt":"2022-09-09T13:19:58","guid":{"rendered":"https:\/\/site.ac-martinique.fr\/edd\/?p=2085"},"modified":"2022-09-09T09:20:41","modified_gmt":"2022-09-09T13:20:41","slug":"newsletter_septembre-avec-eco-ecole","status":"publish","type":"post","link":"https:\/\/site.ac-martinique.fr\/edd\/?p=2085","title":{"rendered":"Newsletter_Septembre avec Eco-Ecole"},"content":{"rendered":"\n<p class=\"has-text-align-center\"><a href=\"http:\/\/q612.mjt.lu\/nl3\/6ylvUmWdWhJChaUuO6IcZw?m=AM0AANNR7gwAAcpy-DYAAKrkzEQAAAABKh8AAE0EAAojBwBjEHS5iUM3rAhqRdS3BfGxaujEOAAJsWU&amp;b=c486df56&amp;e=ec018467&amp;x=Y8qcNaxst3R4lGpUkvA7v9AR0JwQfBHIejUCQ6Rcjy_jkZ2Y8K6k0-GQZ-jAHvAu\" target=\"_blank\" rel=\"noreferrer noopener\">Acc\u00e9der \u00e0 la Newsletter d&rsquo;Eco-Ecole<\/a><\/p>\n\n\n\n<p>Au sommaire: Des outils pour d\u00e9marrer la rent\u00e9e scolaire: un manuel d&rsquo;accompagnement pour les porteurs de projet, une fiche pour \u00ab\u00a0Organiser l&rsquo;\u00e9lection des \u00e9co-d\u00e9l\u00e9gu\u00e9s dans l&rsquo;\u00e9talissement scolaire, une fiche destin\u00e9es aux \u00e9co-d\u00e9l\u00e9gu\u00e9s, des webinaires, le guide \u00ab\u00a0Les cl\u00e9s de l&rsquo;\u00e9nergie\u00a0\u00bb, le guide \u00ab\u00a0En route vers 2030\u00a0\u00bb afin d\u2019aider les \u00e9l\u00e8ves \u00e0 s\u2019approprier les 17 ODD de l\u2019Agenda 2030 d\u00e9finis par l\u2019ONU, des informations sur la Semaine Europ\u00e9enne du D\u00e9veloppement Durable (SEDD)&#8230;<\/p>\n\n\n\n<p><\/p>\n","protected":false},"excerpt":{"rendered":"<p>Acc\u00e9der \u00e0 la Newsletter d&rsquo;Eco-Ecole Au sommaire: Des outils pour d\u00e9marrer la rent\u00e9e scolaire: un manuel d&rsquo;accompagnement pour les porteurs de projet, une fiche pour \u00ab\u00a0Organiser l&rsquo;\u00e9lection des \u00e9co-d\u00e9l\u00e9gu\u00e9s dans l&rsquo;\u00e9talissement scolaire, une fiche destin\u00e9es aux \u00e9co-d\u00e9l\u00e9gu\u00e9s, des webinaires, le guide \u00ab\u00a0Les cl\u00e9s de l&rsquo;\u00e9nergie\u00a0\u00bb, le guide \u00ab\u00a0En route vers 2030\u00a0\u00bb afin d\u2019aider les \u00e9l\u00e8ves &hellip; <a href=\"https:\/\/site.ac-martinique.fr\/edd\/?p=2085\" class=\"more-link\">Continuer la lecture de <span class=\"screen-reader-text\">Newsletter_Septembre avec Eco-Ecole<\/span>  <span class=\"meta-nav\">&rarr;<\/span><\/a><\/p>\n","protected":false},"author":68,"featured_media":0,"comment_status":"closed","ping_status":"open","sticky":false,"template":"","format":"standard","meta":{"footnotes":""},"categories":[163,164],"tags":[],"class_list":["post-2085","post","type-post","status-publish","format-standard","hentry","category-2022-2023","category-eco-ecole"],"_links":{"self":[{"href":"https:\/\/site.ac-martinique.fr\/edd\/index.php?rest_route=\/wp\/v2\/posts\/2085","targetHints":{"allow":["GET"]}}],"collection":[{"href":"https:\/\/site.ac-martinique.fr\/edd\/index.php?rest_route=\/wp\/v2\/posts"}],"about":[{"href":"https:\/\/site.ac-martinique.fr\/edd\/index.php?rest_route=\/wp\/v2\/types\/post"}],"author":[{"embeddable":true,"href":"https:\/\/site.ac-martinique.fr\/edd\/index.php?rest_route=\/wp\/v2\/users\/68"}],"replies":[{"embeddable":true,"href":"https:\/\/site.ac-martinique.fr\/edd\/index.php?rest_route=%2Fwp%2Fv2%2Fcomments&post=2085"}],"version-history":[{"count":1,"href":"https:\/\/site.ac-martinique.fr\/edd\/index.php?rest_route=\/wp\/v2\/posts\/2085\/revisions"}],"predecessor-version":[{"id":2086,"href":"https:\/\/site.ac-martinique.fr\/edd\/index.php?rest_route=\/wp\/v2\/posts\/2085\/revisions\/2086"}],"wp:attachment":[{"href":"https:\/\/site.ac-martinique.fr\/edd\/index.php?rest_route=%2Fwp%2Fv2%2Fmedia&parent=2085"}],"wp:term":[{"taxonomy":"category","embeddable":true,"href":"https:\/\/site.ac-martinique.fr\/edd\/index.php?rest_route=%2Fwp%2Fv2%2Fcategories&post=2085"},{"taxonomy":"post_tag","embeddable":true,"href":"https:\/\/site.ac-martinique.fr\/edd\/index.php?rest_route=%2Fwp%2Fv2%2Ftags&post=2085"}],"curies":[{"name":"wp","href":"https:\/\/api.w.org\/{rel}","templated":true}]}}