{"id":2268,"date":"2023-11-30T13:56:09","date_gmt":"2023-11-30T17:56:09","guid":{"rendered":"https:\/\/site.ac-martinique.fr\/edd\/?p=2268"},"modified":"2023-11-30T13:56:10","modified_gmt":"2023-11-30T17:56:10","slug":"prix-de-laction-eco-deleguee-edition-2023-2024","status":"publish","type":"post","link":"https:\/\/site.ac-martinique.fr\/edd\/?p=2268","title":{"rendered":"Prix de l&rsquo;action \u00e9co-d\u00e9l\u00e9gu\u00e9e &#8211; \u00c9dition 2023-2024"},"content":{"rendered":"\n<p>Le Prix de l\u2019action \u00e9co-d\u00e9l\u00e9gu\u00e9e de l\u2019ann\u00e9e a \u00e9t\u00e9 cr\u00e9\u00e9 fin 2020 par le minist\u00e8re de l\u2019\u00c9ducation nationale et de la Jeunesse pour accompagner la mise en place des \u00e9co-d\u00e9l\u00e9gu\u00e9s. L\u2019objectif est de <strong>faire conna\u00eetre, encourager et valoriser les actions et d\u00e9marches men\u00e9es par ceux-ci<\/strong>.<\/p>\n\n\n\n<p>Le concours est ouvert aux <strong>\u00e9l\u00e8ves de l\u2019\u00c9ducation nationale des \u00e9coles, coll\u00e8ges et lyc\u00e9es d\u2019enseignement g\u00e9n\u00e9ral, technologique et professionnel<\/strong>, de France m\u00e9tropolitaine et des d\u00e9partements d&rsquo;outre-mer.<\/p>\n\n\n\n<div data-wp-interactive=\"core\/file\" class=\"wp-block-file\"><object data-wp-bind--hidden=\"!state.hasPdfPreview\" hidden class=\"wp-block-file__embed\" data=\"https:\/\/site.ac-martinique.fr\/edd\/wp-content\/uploads\/sites\/12\/2023\/11\/Prix-de-laction-eco-delegue-20232024-4eme-edition-by-C.-ERIDAN-Copie-1.pdf\" type=\"application\/pdf\" style=\"width:100%;height:300px\" aria-label=\"Contenu embarqu\u00e9 Pr\u00e9sentation_Prix_Action_\u00e9cod\u00e9l\u00e9gu\u00e9e_2023_2024_MmeERIDAN.\"><\/object><a id=\"wp-block-file--media-f1e6b32a-ced4-434a-bd5d-593bf1c8a58a\" href=\"https:\/\/site.ac-martinique.fr\/edd\/wp-content\/uploads\/sites\/12\/2023\/11\/Prix-de-laction-eco-delegue-20232024-4eme-edition-by-C.-ERIDAN-Copie-1.pdf\">Pr\u00e9sentation_Prix_Action_\u00e9cod\u00e9l\u00e9gu\u00e9e_2023_2024_MmeERIDAN<\/a><a href=\"https:\/\/site.ac-martinique.fr\/edd\/wp-content\/uploads\/sites\/12\/2023\/11\/Prix-de-laction-eco-delegue-20232024-4eme-edition-by-C.-ERIDAN-Copie-1.pdf\" class=\"wp-block-file__button wp-element-button\" download aria-describedby=\"wp-block-file--media-f1e6b32a-ced4-434a-bd5d-593bf1c8a58a\">T\u00e9l\u00e9charger<\/a><\/div>\n\n\n\n<hr class=\"wp-block-separator has-alpha-channel-opacity\"\/>\n\n\n\n<h1 class=\"wp-block-heading has-text-color has-link-color wp-elements-b9f973d23f2fed3f7576cf1a505272ff\" style=\"color:#8a0c0c\"><strong>Participer au prix<\/strong> <\/h1>\n\n\n\n<p><strong>Calendrier de l&rsquo;\u00e9dition 2023-2024<\/strong><\/p>\n\n\n\n<figure class=\"wp-block-table\"><table><tbody><tr><td class=\"has-text-align-center\" data-align=\"center\"><strong>29\/11\/2023<\/strong><\/td><td><strong>Ouverture des inscriptions.<\/strong><br>Pr\u00e9sentation du concours aux d\u00e9l\u00e9gu\u00e9s scolaires et \u00e0 la communaut\u00e9 \u00e9ducative.<\/td><\/tr><tr><td class=\"has-text-align-center\" data-align=\"center\"><strong>Du 29\/11\/23 <br>au 12\/04\/23<\/strong><\/td><td><strong>Mise en \u0153uvre et envoi des projets<\/strong><br>Les d\u00e9l\u00e9gu\u00e9s mettent en place et r\u00e9alisent leurs projets \u00e9coresponsables avec le soutien des<br>enseignants et de la communaut\u00e9 scolaire.<\/td><\/tr><tr><td class=\"has-text-align-center\" data-align=\"center\"><strong>Du 12\/04\/23 au 29\/04\/2023<\/strong><\/td><td><strong>\u00c9valuation des projets<\/strong><br>Le jury \u00e9value les projets soumis en se basant sur les crit\u00e8res d&rsquo;\u00e9valuation pr\u00e9d\u00e9finis( grille). Les finalistes sont s\u00e9lectionn\u00e9s ( \u00e9cole, coll\u00e8ge et lyc\u00e9e)<\/td><\/tr><tr><td class=\"has-text-align-center\" data-align=\"center\"><strong>A partir du<br>29\/04\/24<\/strong><\/td><td><strong>Annonce des gagnants <\/strong><\/td><\/tr><\/tbody><\/table><\/figure>\n\n\n\n<h5 class=\"wp-block-heading\"><strong><em>T\u00e9l\u00e9chargez les documents n\u00e9cessaires en cliquant<\/em><a href=\"https:\/\/site.ac-martinique.fr\/edd\/?page_id=1461\"> ici <\/a><\/strong><\/h5>\n","protected":false},"excerpt":{"rendered":"<p>Le Prix de l\u2019action \u00e9co-d\u00e9l\u00e9gu\u00e9e de l\u2019ann\u00e9e a \u00e9t\u00e9 cr\u00e9\u00e9 fin 2020 par le minist\u00e8re de l\u2019\u00c9ducation nationale et de la Jeunesse pour accompagner la mise en place des \u00e9co-d\u00e9l\u00e9gu\u00e9s. L\u2019objectif est de faire conna\u00eetre, encourager et valoriser les actions et d\u00e9marches men\u00e9es par ceux-ci. Le concours est ouvert aux \u00e9l\u00e8ves de l\u2019\u00c9ducation nationale des &hellip; <a href=\"https:\/\/site.ac-martinique.fr\/edd\/?p=2268\" class=\"more-link\">Continuer la lecture de <span class=\"screen-reader-text\">Prix de l&rsquo;action \u00e9co-d\u00e9l\u00e9gu\u00e9e &#8211; \u00c9dition 2023-2024<\/span>  <span class=\"meta-nav\">&rarr;<\/span><\/a><\/p>\n","protected":false},"author":253,"featured_media":0,"comment_status":"closed","ping_status":"open","sticky":false,"template":"","format":"standard","meta":{"footnotes":""},"categories":[1],"tags":[],"class_list":["post-2268","post","type-post","status-publish","format-standard","hentry","category-non-classe"],"_links":{"self":[{"href":"https:\/\/site.ac-martinique.fr\/edd\/index.php?rest_route=\/wp\/v2\/posts\/2268","targetHints":{"allow":["GET"]}}],"collection":[{"href":"https:\/\/site.ac-martinique.fr\/edd\/index.php?rest_route=\/wp\/v2\/posts"}],"about":[{"href":"https:\/\/site.ac-martinique.fr\/edd\/index.php?rest_route=\/wp\/v2\/types\/post"}],"author":[{"embeddable":true,"href":"https:\/\/site.ac-martinique.fr\/edd\/index.php?rest_route=\/wp\/v2\/users\/253"}],"replies":[{"embeddable":true,"href":"https:\/\/site.ac-martinique.fr\/edd\/index.php?rest_route=%2Fwp%2Fv2%2Fcomments&post=2268"}],"version-history":[{"count":2,"href":"https:\/\/site.ac-martinique.fr\/edd\/index.php?rest_route=\/wp\/v2\/posts\/2268\/revisions"}],"predecessor-version":[{"id":2275,"href":"https:\/\/site.ac-martinique.fr\/edd\/index.php?rest_route=\/wp\/v2\/posts\/2268\/revisions\/2275"}],"wp:attachment":[{"href":"https:\/\/site.ac-martinique.fr\/edd\/index.php?rest_route=%2Fwp%2Fv2%2Fmedia&parent=2268"}],"wp:term":[{"taxonomy":"category","embeddable":true,"href":"https:\/\/site.ac-martinique.fr\/edd\/index.php?rest_route=%2Fwp%2Fv2%2Fcategories&post=2268"},{"taxonomy":"post_tag","embeddable":true,"href":"https:\/\/site.ac-martinique.fr\/edd\/index.php?rest_route=%2Fwp%2Fv2%2Ftags&post=2268"}],"curies":[{"name":"wp","href":"https:\/\/api.w.org\/{rel}","templated":true}]}}