{"id":2283,"date":"2023-12-13T08:18:15","date_gmt":"2023-12-13T12:18:15","guid":{"rendered":"https:\/\/site.ac-martinique.fr\/edd\/?p=2283"},"modified":"2023-12-13T08:18:16","modified_gmt":"2023-12-13T12:18:16","slug":"simulation-de-cop-climat-replay-webinaire-n-2-et-informations","status":"publish","type":"post","link":"https:\/\/site.ac-martinique.fr\/edd\/?p=2283","title":{"rendered":"Simulation de COP climat : Replay Webinaire n\u00b0 2 et informations\u00a0"},"content":{"rendered":"\n<p>Le second webinaire s&rsquo;est tenu le mercredi 6 d\u00e9cembre dernier. Il donnait la parole \u00e0 des repr\u00e9sentants de d\u00e9l\u00e9gations \u00e0 la COP28 (AFD \u2013 OCE \u2013 CliMates) qui ont par la m\u00eame occasion pu r\u00e9pondre aux questions des \u00e9l\u00e8ves pr\u00e9sents.<\/p>\n\n\n\n<p>\u00a0Voici les liens du\u00a0<a href=\"https:\/\/www.youtube.com\/watch?v=swgpbNCKXOc\" target=\"_blank\" rel=\"noreferrer noopener\">replay du webinaire<\/a>\u00a0et du\u00a0<a href=\"https:\/\/echange.afd.fr\/fichier\/loadFile?code=8gu3zuu&amp;name=Webinaire-2_Support-presentation_vDiffusion&amp;extension=pdf\" target=\"_blank\" rel=\"noreferrer noopener\">support de pr\u00e9sentation<\/a>.<\/p>\n\n\n\n<p>N\u2019oubliez pas de\u00a0<strong>vous inscrire sur\u00a0<\/strong><a href=\"https:\/\/docs.google.com\/forms\/d\/e\/1FAIpQLSf-NJxF7qFrGd5oFRRl6xnX2J9x1PL5qPwC_FLM00BXUELWqg\/viewform?usp=sf_link\" target=\"_blank\" rel=\"noreferrer noopener\"><strong>le formulaire d\u2019inscription<\/strong><\/a>\u00a0d\u00e9di\u00e9 afin d\u2019\u00eatre inform\u00e9 de la suite du projet et recevoir les invitations aux prochains webinaires.<\/p>\n\n\n\n<p><strong>Le 3<sup>\u00e8me<\/sup>&nbsp;webinaire se d\u00e9roulera le mardi 16 janvier 2024 \u00e0 17h (heure de Paris) et sera ouvert uniquement au professeurs.<\/strong><\/p>\n\n\n\n<p>Il s&rsquo;intitule \u00ab&nbsp;<strong>Faire de mes \u00e9l\u00e8ves des n\u00e9gociateurs hors-pair !<\/strong>&nbsp;\u00bb et sera consacr\u00e9 \u00e0 la pr\u00e9paration des \u00e9l\u00e8ves \u00e0 la simulation de COP \u00e0 partir du kit p\u00e9dagogique r\u00e9alis\u00e9 par l\u2019AFD en partenariat avec le MENJ et l\u2019OCE.<\/p>\n\n\n\n<p>Pour y assister\u00a0:\u00a0<a href=\"http:\/\/us02web.zoom.us\/j\/84089863532\" target=\"_blank\" rel=\"noreferrer noopener\"><strong>Lien de connexion du webinaire n\u00b0 3 (17h Paris)<\/strong><\/a><\/p>\n\n\n\n<h3 class=\"wp-block-heading has-text-color has-link-color wp-elements-90da8fbe6e207c4bfb47e83799b7769e\" style=\"color:#8a0000\"><strong>Quelques liens utiles\u00a0:<\/strong><\/h3>\n\n\n\n<p>Article de pr\u00e9sentation des kit de simulation de COP &#8211;\u00a0<a href=\"https:\/\/www.afd.fr\/fr\/actualites\/biodiversite-collegiens-negociations-cop\">https:\/\/www.afd.fr\/fr\/actualites\/biodiversite-collegiens-negociations-cop<\/a><\/p>\n\n\n\n<p>Actualit\u00e9 sur Eduscol pr\u00e9sentant le projet :\u00a0<a href=\"https:\/\/eduscol.education.fr\/1132\/changement-climatique\" target=\"_blank\" rel=\"noreferrer noopener\">https:\/\/eduscol.education.fr\/1132\/changement-climatique<\/a><\/p>\n\n\n\n<p>Liens vers les pages de t\u00e9l\u00e9chargement du\u00a0<a href=\"https:\/\/www.afd.fr\/fr\/ressources\/simulation-negociation-climatique-kit-pedagogique\">kit p\u00e9dagogique<\/a>\u00a0et des\u00a0<a href=\"https:\/\/www.afd.fr\/fr\/ressources\/simulation-negociation-climatique-fiches-acteurs\">fiches acteurs<\/a><\/p>\n\n\n\n<p>Liens du\u00a0<a href=\"https:\/\/youtu.be\/ZkG98LsyGeU\">replay du 1er webinaire<\/a>\u00a0et du\u00a0<a href=\"https:\/\/echange.afd.fr\/fichier\/loadFile?code=z9ztaau&amp;name=Webinaire-1_Support-presentation_vDiffusion&amp;extension=pdf\">support de pr\u00e9sentation<\/a>.<\/p>\n\n\n\n<p>Vid\u00e9o d\u2019une simulation 2022 &#8211;\u00a0<a href=\"https:\/\/www.youtube.com\/watch?v=qoKyQgJYh_s\">Une simulation de COP Climat avec plusieurs \u00e9tablissements fran\u00e7ais en Egypte<\/a><\/p>\n","protected":false},"excerpt":{"rendered":"<p>Le second webinaire s&rsquo;est tenu le mercredi 6 d\u00e9cembre dernier. Il donnait la parole \u00e0 des repr\u00e9sentants de d\u00e9l\u00e9gations \u00e0 la COP28 (AFD \u2013 OCE \u2013 CliMates) qui ont par la m\u00eame occasion pu r\u00e9pondre aux questions des \u00e9l\u00e8ves pr\u00e9sents. \u00a0Voici les liens du\u00a0replay du webinaire\u00a0et du\u00a0support de pr\u00e9sentation. N\u2019oubliez pas de\u00a0vous inscrire sur\u00a0le formulaire &hellip; <a href=\"https:\/\/site.ac-martinique.fr\/edd\/?p=2283\" class=\"more-link\">Continuer la lecture de <span class=\"screen-reader-text\">Simulation de COP climat : Replay Webinaire n\u00b0 2 et informations\u00a0<\/span>  <span class=\"meta-nav\">&rarr;<\/span><\/a><\/p>\n","protected":false},"author":253,"featured_media":0,"comment_status":"closed","ping_status":"open","sticky":false,"template":"","format":"standard","meta":{"footnotes":""},"categories":[1],"tags":[],"class_list":["post-2283","post","type-post","status-publish","format-standard","hentry","category-non-classe"],"_links":{"self":[{"href":"https:\/\/site.ac-martinique.fr\/edd\/index.php?rest_route=\/wp\/v2\/posts\/2283","targetHints":{"allow":["GET"]}}],"collection":[{"href":"https:\/\/site.ac-martinique.fr\/edd\/index.php?rest_route=\/wp\/v2\/posts"}],"about":[{"href":"https:\/\/site.ac-martinique.fr\/edd\/index.php?rest_route=\/wp\/v2\/types\/post"}],"author":[{"embeddable":true,"href":"https:\/\/site.ac-martinique.fr\/edd\/index.php?rest_route=\/wp\/v2\/users\/253"}],"replies":[{"embeddable":true,"href":"https:\/\/site.ac-martinique.fr\/edd\/index.php?rest_route=%2Fwp%2Fv2%2Fcomments&post=2283"}],"version-history":[{"count":1,"href":"https:\/\/site.ac-martinique.fr\/edd\/index.php?rest_route=\/wp\/v2\/posts\/2283\/revisions"}],"predecessor-version":[{"id":2284,"href":"https:\/\/site.ac-martinique.fr\/edd\/index.php?rest_route=\/wp\/v2\/posts\/2283\/revisions\/2284"}],"wp:attachment":[{"href":"https:\/\/site.ac-martinique.fr\/edd\/index.php?rest_route=%2Fwp%2Fv2%2Fmedia&parent=2283"}],"wp:term":[{"taxonomy":"category","embeddable":true,"href":"https:\/\/site.ac-martinique.fr\/edd\/index.php?rest_route=%2Fwp%2Fv2%2Fcategories&post=2283"},{"taxonomy":"post_tag","embeddable":true,"href":"https:\/\/site.ac-martinique.fr\/edd\/index.php?rest_route=%2Fwp%2Fv2%2Ftags&post=2283"}],"curies":[{"name":"wp","href":"https:\/\/api.w.org\/{rel}","templated":true}]}}