{"id":2303,"date":"2024-03-05T22:51:14","date_gmt":"2024-03-06T02:51:14","guid":{"rendered":"https:\/\/site.ac-martinique.fr\/edd\/?p=2303"},"modified":"2024-03-05T22:51:16","modified_gmt":"2024-03-06T02:51:16","slug":"informations","status":"publish","type":"post","link":"https:\/\/site.ac-martinique.fr\/edd\/?p=2303","title":{"rendered":"Informations"},"content":{"rendered":"\n<p>Vous trouverez ci-dessous les informations relatives \u00e0 la formation des \u00e9co-d\u00e9l\u00e9gu\u00e9.e.s et au prix de l&rsquo;action \u00e9co-d\u00e9l\u00e9gu\u00e9e.<\/p>\n\n\n\n<div data-wp-interactive=\"core\/file\" class=\"wp-block-file\"><object data-wp-bind--hidden=\"!state.hasPdfPreview\" hidden class=\"wp-block-file__embed\" data=\"https:\/\/site.ac-martinique.fr\/edd\/wp-content\/uploads\/sites\/12\/2024\/03\/formation-des-eco-delegue.es-detablissement.pdf\" type=\"application\/pdf\" style=\"width:100%;height:600px\" aria-label=\"Contenu embarqu\u00e9 Inscription \u00e0 la Formation des\u00a0&lt;a href=&quot;http:\/\/xn--co-dlgu-9xaebc.es\/&quot;&gt;\u00e9co-d\u00e9l\u00e9gu\u00e9.es&lt;\/a&gt;.\"><\/object><a id=\"wp-block-file--media-5d9b2e7a-91f6-4d04-a312-01a48c3fee94\" href=\"https:\/\/site.ac-martinique.fr\/edd\/wp-content\/uploads\/sites\/12\/2024\/03\/formation-des-eco-delegue.es-detablissement.pdf\">Inscription \u00e0 la Formation des\u00a0<a href=\"http:\/\/xn--co-dlgu-9xaebc.es\/\">\u00e9co-d\u00e9l\u00e9gu\u00e9.es<\/a><\/a><a href=\"https:\/\/site.ac-martinique.fr\/edd\/wp-content\/uploads\/sites\/12\/2024\/03\/formation-des-eco-delegue.es-detablissement.pdf\" class=\"wp-block-file__button wp-element-button\" download aria-describedby=\"wp-block-file--media-5d9b2e7a-91f6-4d04-a312-01a48c3fee94\">T\u00e9l\u00e9charger<\/a><\/div>\n\n\n\n<div data-wp-interactive=\"core\/file\" class=\"wp-block-file\"><object data-wp-bind--hidden=\"!state.hasPdfPreview\" hidden class=\"wp-block-file__embed\" data=\"https:\/\/site.ac-martinique.fr\/edd\/wp-content\/uploads\/sites\/12\/2024\/03\/Prix-de-lAction-eco-deleguee-1.pdf\" type=\"application\/pdf\" style=\"width:100%;height:600px\" aria-label=\"Contenu embarqu\u00e9 &lt;a href=&quot;http:\/\/xn--co-dlgu-9xaebc.es\/&quot;&gt;Inscription au Prix de l&apos;Action \u00e9co-d\u00e9l\u00e9gu\u00e9e&lt;a href=&quot;http:\/\/xn--co-dlgu-9xaebc.es\/&quot;&gt;&lt;\/a&gt;&lt;\/a&gt;.\"><\/object><a id=\"wp-block-file--media-b5ef1a32-a972-4d11-8abd-e389e05424e5\" href=\"https:\/\/site.ac-martinique.fr\/edd\/wp-content\/uploads\/sites\/12\/2024\/03\/Prix-de-lAction-eco-deleguee-1.pdf\"><a href=\"http:\/\/xn--co-dlgu-9xaebc.es\/\">Inscription au Prix de l&rsquo;Action \u00e9co-d\u00e9l\u00e9gu\u00e9e<a href=\"http:\/\/xn--co-dlgu-9xaebc.es\/\"><\/a><\/a><\/a><a href=\"https:\/\/site.ac-martinique.fr\/edd\/wp-content\/uploads\/sites\/12\/2024\/03\/Prix-de-lAction-eco-deleguee-1.pdf\" class=\"wp-block-file__button wp-element-button\" download aria-describedby=\"wp-block-file--media-b5ef1a32-a972-4d11-8abd-e389e05424e5\">T\u00e9l\u00e9charger<\/a><\/div>\n","protected":false},"excerpt":{"rendered":"<p>Vous trouverez ci-dessous les informations relatives \u00e0 la formation des \u00e9co-d\u00e9l\u00e9gu\u00e9.e.s et au prix de l&rsquo;action \u00e9co-d\u00e9l\u00e9gu\u00e9e.<\/p>\n","protected":false},"author":253,"featured_media":0,"comment_status":"closed","ping_status":"open","sticky":false,"template":"","format":"standard","meta":{"footnotes":""},"categories":[1],"tags":[],"class_list":["post-2303","post","type-post","status-publish","format-standard","hentry","category-non-classe"],"_links":{"self":[{"href":"https:\/\/site.ac-martinique.fr\/edd\/index.php?rest_route=\/wp\/v2\/posts\/2303","targetHints":{"allow":["GET"]}}],"collection":[{"href":"https:\/\/site.ac-martinique.fr\/edd\/index.php?rest_route=\/wp\/v2\/posts"}],"about":[{"href":"https:\/\/site.ac-martinique.fr\/edd\/index.php?rest_route=\/wp\/v2\/types\/post"}],"author":[{"embeddable":true,"href":"https:\/\/site.ac-martinique.fr\/edd\/index.php?rest_route=\/wp\/v2\/users\/253"}],"replies":[{"embeddable":true,"href":"https:\/\/site.ac-martinique.fr\/edd\/index.php?rest_route=%2Fwp%2Fv2%2Fcomments&post=2303"}],"version-history":[{"count":1,"href":"https:\/\/site.ac-martinique.fr\/edd\/index.php?rest_route=\/wp\/v2\/posts\/2303\/revisions"}],"predecessor-version":[{"id":2306,"href":"https:\/\/site.ac-martinique.fr\/edd\/index.php?rest_route=\/wp\/v2\/posts\/2303\/revisions\/2306"}],"wp:attachment":[{"href":"https:\/\/site.ac-martinique.fr\/edd\/index.php?rest_route=%2Fwp%2Fv2%2Fmedia&parent=2303"}],"wp:term":[{"taxonomy":"category","embeddable":true,"href":"https:\/\/site.ac-martinique.fr\/edd\/index.php?rest_route=%2Fwp%2Fv2%2Fcategories&post=2303"},{"taxonomy":"post_tag","embeddable":true,"href":"https:\/\/site.ac-martinique.fr\/edd\/index.php?rest_route=%2Fwp%2Fv2%2Ftags&post=2303"}],"curies":[{"name":"wp","href":"https:\/\/api.w.org\/{rel}","templated":true}]}}