{"id":2308,"date":"2024-03-18T16:45:10","date_gmt":"2024-03-18T20:45:10","guid":{"rendered":"https:\/\/site.ac-martinique.fr\/edd\/?p=2308"},"modified":"2024-09-30T04:21:34","modified_gmt":"2024-09-30T08:21:34","slug":"simulation-de-cop-climat","status":"publish","type":"post","link":"https:\/\/site.ac-martinique.fr\/edd\/?p=2308","title":{"rendered":"Simulation de COP climat 30 septembre et 1er octobre 2024, AFD, Paris"},"content":{"rendered":"\n<p class=\"has-text-align-left\">Jade Beauregard et Kylian Coyan, \u00e9lus CAVL et \u00e9co-d\u00e9l\u00e9gu\u00e9s acad\u00e9miques participent \u00e0 la simulation COP Climat \u00e0 Paris, organis\u00e9e par l&rsquo;AFD (Agence fran\u00e7aise pour le d\u00e9veloppement).<\/p>\n\n\n\n<p>Avec les \u00e9lus de l&rsquo;acad\u00e9mie de Guadeloupe, Jade et Kylian repr\u00e9sentent le Mexique et n\u00e9gocient pour le climat dans un exercice oral de haut niveau ! <\/p>\n\n\n\n<p>La Conf\u00e9rence des Parties (COP) est une r\u00e9union internationale annuelle des pays signataires de la Convention des Nations unies  sur les changements climatiques. A l&rsquo;occasion de ces conf\u00e9rences, les repr\u00e9sentants des \u00c9tats du monde choisissent des mesures \u00e0 prendre pour lutter contre le changement climatique. Difficile d&rsquo;y trouver un consensus entre pays d\u00e9velopp\u00e9s, pays en voie de d\u00e9veloppement et pays les moins avanc\u00e9s, mais en 2015 \u00e0 Paris, l&rsquo;ensemble des participants se sont engag\u00e9s \u00e0 limiter le r\u00e9chauffement climatique nettement en dessous de 2\u00b0C et de poursuivre leurs actions pour limiter la hausse des temp\u00e9ratures \u00e0 1,5\u00b0.<\/p>\n\n\n\n<div data-wp-interactive=\"core\/file\" class=\"wp-block-file\"><object data-wp-bind--hidden=\"!state.hasPdfPreview\" hidden class=\"wp-block-file__embed\" data=\"https:\/\/site.ac-martinique.fr\/edd\/wp-content\/uploads\/sites\/12\/2024\/03\/Mexique.pdf\" type=\"application\/pdf\" style=\"width:100%;height:600px\" aria-label=\"Contenu embarqu\u00e9 Mexique.\"><\/object><a id=\"wp-block-file--media-b6cce39f-5a41-40ad-9f1c-ae5206164b40\" href=\"https:\/\/site.ac-martinique.fr\/edd\/wp-content\/uploads\/sites\/12\/2024\/03\/Mexique.pdf\">Mexique<\/a><a href=\"https:\/\/site.ac-martinique.fr\/edd\/wp-content\/uploads\/sites\/12\/2024\/03\/Mexique.pdf\" class=\"wp-block-file__button wp-element-button\" download aria-describedby=\"wp-block-file--media-b6cce39f-5a41-40ad-9f1c-ae5206164b40\">T\u00e9l\u00e9charger<\/a><\/div>\n\n\n\n<h3 class=\"wp-block-heading has-text-color has-link-color wp-elements-790f3fc189dad3fdc2733782ede90ae3\" style=\"color:#8a0000\"><strong>Quelques liens utiles&nbsp;:<\/strong><\/h3>\n\n\n\n<p>Article de&nbsp;<a href=\"https:\/\/www.afd.fr\/fr\/actualites\/biodiversite-collegiens-negociations-cop\">pr\u00e9sentation des kits de simulation de COP<\/a><\/p>\n\n\n\n<p>Actualit\u00e9 sur&nbsp;<a href=\"https:\/\/eduscol.education.fr\/1132\/changement-climatique\">Eduscol pr\u00e9sentant le projet<\/a><\/p>\n\n\n\n<p>Entretien avec une&nbsp;<a href=\"https:\/\/www.oce.global\/fr\/news\/entretien-avec-nathalie-jolivet-ses-eleves-deviennent-negociateurs-pour-le-climat\">enseignante SVT ayant test\u00e9 le kit avec ses \u00e9l\u00e8ves<\/a><\/p>\n\n\n\n<p>Liens vers les pages de t\u00e9l\u00e9chargement du&nbsp;<a href=\"https:\/\/www.afd.fr\/fr\/ressources\/simulation-negociation-climatique-kit-pedagogique\">kit p\u00e9dagogique<\/a>&nbsp;et des&nbsp;<a href=\"https:\/\/www.afd.fr\/fr\/ressources\/simulation-negociation-climatique-fiches-acteurs\">fiches acteurs<\/a><\/p>\n\n\n\n<p>Liens du&nbsp;<a href=\"https:\/\/youtu.be\/ZkG98LsyGeU\">replay du 1er webinaire<\/a>&nbsp;et du&nbsp;<a href=\"https:\/\/echange.afd.fr\/fichier\/loadFile?code=z9ztaau&amp;name=Webinaire-1_Support-presentation_vDiffusion&amp;extension=pdf\">support de pr\u00e9sentation<\/a>.<\/p>\n\n\n\n<p>Liens du&nbsp;<a href=\"https:\/\/www.youtube.com\/watch?v=swgpbNCKXOc\">replay du 2\u00e8me webinaire<\/a>&nbsp;et du&nbsp;<a href=\"https:\/\/echange.afd.fr\/fichier\/loadFile?code=8gu3zuu&amp;name=Webinaire-2_Support-presentation_vDiffusion&amp;extension=pdf\">support de pr\u00e9sentation<\/a>. <\/p>\n\n\n\n<p>Liens du&nbsp;<a href=\"https:\/\/www.youtube.com\/watch?v=j2dAvloB7Uk\">replay du 3\u00e8me webinaire<\/a>&nbsp;et du&nbsp;<a href=\"https:\/\/echange.afd.fr\/fichier\/loadFile?code=w3vzkct&amp;name=Webinaire-3_Support-presentation_vDiffusion&amp;extension=pdf\">support de pr\u00e9sentation<\/a>.<\/p>\n\n\n\n<p>Vid\u00e9o d\u2019une grande&nbsp;<a href=\"https:\/\/www.youtube.com\/watch?v=qoKyQgJYh_s\">simulation impliquant plusieurs \u00e9tablissements fran\u00e7ais en Egypte<\/a>&nbsp;en 2022<\/p>\n","protected":false},"excerpt":{"rendered":"<p>Jade Beauregard et Kylian Coyan, \u00e9lus CAVL et \u00e9co-d\u00e9l\u00e9gu\u00e9s acad\u00e9miques participent \u00e0 la simulation COP Climat \u00e0 Paris, organis\u00e9e par l&rsquo;AFD (Agence fran\u00e7aise pour le d\u00e9veloppement). Avec les \u00e9lus de l&rsquo;acad\u00e9mie de Guadeloupe, Jade et Kylian repr\u00e9sentent le Mexique et n\u00e9gocient pour le climat dans un exercice oral de haut niveau ! La Conf\u00e9rence des &hellip; <a href=\"https:\/\/site.ac-martinique.fr\/edd\/?p=2308\" class=\"more-link\">Continuer la lecture de <span class=\"screen-reader-text\">Simulation de COP climat 30 septembre et 1er octobre 2024, AFD, Paris<\/span>  <span class=\"meta-nav\">&rarr;<\/span><\/a><\/p>\n","protected":false},"author":253,"featured_media":0,"comment_status":"closed","ping_status":"open","sticky":false,"template":"","format":"standard","meta":{"footnotes":""},"categories":[1],"tags":[],"class_list":["post-2308","post","type-post","status-publish","format-standard","hentry","category-non-classe"],"_links":{"self":[{"href":"https:\/\/site.ac-martinique.fr\/edd\/index.php?rest_route=\/wp\/v2\/posts\/2308","targetHints":{"allow":["GET"]}}],"collection":[{"href":"https:\/\/site.ac-martinique.fr\/edd\/index.php?rest_route=\/wp\/v2\/posts"}],"about":[{"href":"https:\/\/site.ac-martinique.fr\/edd\/index.php?rest_route=\/wp\/v2\/types\/post"}],"author":[{"embeddable":true,"href":"https:\/\/site.ac-martinique.fr\/edd\/index.php?rest_route=\/wp\/v2\/users\/253"}],"replies":[{"embeddable":true,"href":"https:\/\/site.ac-martinique.fr\/edd\/index.php?rest_route=%2Fwp%2Fv2%2Fcomments&post=2308"}],"version-history":[{"count":5,"href":"https:\/\/site.ac-martinique.fr\/edd\/index.php?rest_route=\/wp\/v2\/posts\/2308\/revisions"}],"predecessor-version":[{"id":2359,"href":"https:\/\/site.ac-martinique.fr\/edd\/index.php?rest_route=\/wp\/v2\/posts\/2308\/revisions\/2359"}],"wp:attachment":[{"href":"https:\/\/site.ac-martinique.fr\/edd\/index.php?rest_route=%2Fwp%2Fv2%2Fmedia&parent=2308"}],"wp:term":[{"taxonomy":"category","embeddable":true,"href":"https:\/\/site.ac-martinique.fr\/edd\/index.php?rest_route=%2Fwp%2Fv2%2Fcategories&post=2308"},{"taxonomy":"post_tag","embeddable":true,"href":"https:\/\/site.ac-martinique.fr\/edd\/index.php?rest_route=%2Fwp%2Fv2%2Ftags&post=2308"}],"curies":[{"name":"wp","href":"https:\/\/api.w.org\/{rel}","templated":true}]}}