{"id":2411,"date":"2024-12-06T12:29:00","date_gmt":"2024-12-06T16:29:00","guid":{"rendered":"https:\/\/site.ac-martinique.fr\/edd\/?p=2411"},"modified":"2024-12-06T12:33:49","modified_gmt":"2024-12-06T16:33:49","slug":"colloque-pluridisciplinaire-iles-tropicales-et-biodiversites-du-9-au-13-decembre-2024","status":"publish","type":"post","link":"https:\/\/site.ac-martinique.fr\/edd\/?p=2411","title":{"rendered":"Colloque pluridisciplinaire, \u00celes Tropicales et Biodiversit\u00e9s du 9 au 13 D\u00e9cembre 2024"},"content":{"rendered":"\n<p>Cet \u00e9v\u00e9nement, ouvert au grand public, r\u00e9unira des experts issus de diverses disciplines : chercheurs naturalistes, biog\u00e9ographes, g\u00e9ographes, botanistes, \u00e9cologues, ethnobiologistes, ethnobotanistes, sociologues, anthropologues, juristes, ainsi que sp\u00e9cialistes de l&rsquo;am\u00e9nagement et du tourisme. Ils seront accompagn\u00e9s de professionnels du secteur touristique, de la gestion des milieux naturels et de l\u2019ing\u00e9nierie environnementale.<\/p>\n\n\n\n<p>Les discussions porteront sur de nombreux th\u00e8mes, notamment :<\/p>\n\n\n\n<ul class=\"wp-block-list\">\n<li><strong>Les aspects floristiques, faunistiques et bioc\u00e9notiques<\/strong><\/li>\n\n\n\n<li><strong>La valorisation des ressources \u00e9cosyst\u00e9miques<\/strong><br>Les sp\u00e9cialistes des sciences humaines apporteront une perspective unique sur\u00a0<strong>les perceptions et repr\u00e9sentations des diff\u00e9rentes modalit\u00e9s de la Biodiversit\u00e9<\/strong>.<\/li>\n<\/ul>\n\n\n\n<p>L&rsquo;objectif de ce colloque est d&rsquo;explorer la dimension biophysique de nos territoires insulaires, leurs processus d\u2019humanisation et l&rsquo;impact de ces derniers sur nos soci\u00e9t\u00e9s, le tout dans une perspective de d\u00e9veloppement durable et ma\u00eetris\u00e9.<\/p>\n\n\n\n<figure class=\"wp-block-gallery has-nested-images columns-default is-cropped wp-block-gallery-1 is-layout-flex wp-block-gallery-is-layout-flex\">\n<figure class=\"wp-block-image size-large\"><a href=\"https:\/\/site.ac-martinique.fr\/edd\/wp-content\/uploads\/sites\/12\/2024\/12\/28FE6-674F0000-3-26459A00.jpg\"><img loading=\"lazy\" decoding=\"async\" width=\"724\" height=\"1024\" data-id=\"2412\" src=\"https:\/\/site.ac-martinique.fr\/edd\/wp-content\/uploads\/sites\/12\/2024\/12\/28FE6-674F0000-3-26459A00-724x1024.jpg\" alt=\"\" class=\"wp-image-2412\" srcset=\"https:\/\/site.ac-martinique.fr\/edd\/wp-content\/uploads\/sites\/12\/2024\/12\/28FE6-674F0000-3-26459A00-724x1024.jpg 724w, https:\/\/site.ac-martinique.fr\/edd\/wp-content\/uploads\/sites\/12\/2024\/12\/28FE6-674F0000-3-26459A00-212x300.jpg 212w, https:\/\/site.ac-martinique.fr\/edd\/wp-content\/uploads\/sites\/12\/2024\/12\/28FE6-674F0000-3-26459A00-768x1086.jpg 768w, https:\/\/site.ac-martinique.fr\/edd\/wp-content\/uploads\/sites\/12\/2024\/12\/28FE6-674F0000-3-26459A00.jpg 982w\" sizes=\"auto, (max-width: 724px) 100vw, 724px\" \/><\/a><\/figure>\n<\/figure>\n\n\n\n<p>Programme d\u00e9taill\u00e9 du colloque :<a href=\"https:\/\/www.calameo.com\/read\/0056186675ce04c572851\">https:\/\/www.calameo.com\/read\/0056186675ce04c572851<\/a><\/p>\n\n\n\n<p><\/p>\n","protected":false},"excerpt":{"rendered":"<p>Cet \u00e9v\u00e9nement, ouvert au grand public, r\u00e9unira des experts issus de diverses disciplines : chercheurs naturalistes, biog\u00e9ographes, g\u00e9ographes, botanistes, \u00e9cologues, ethnobiologistes, ethnobotanistes, sociologues, anthropologues, juristes, ainsi que sp\u00e9cialistes de l&rsquo;am\u00e9nagement et du tourisme. Ils seront accompagn\u00e9s de professionnels du secteur touristique, de la gestion des milieux naturels et de l\u2019ing\u00e9nierie environnementale. Les discussions porteront sur &hellip; <a href=\"https:\/\/site.ac-martinique.fr\/edd\/?p=2411\" class=\"more-link\">Continuer la lecture de <span class=\"screen-reader-text\">Colloque pluridisciplinaire, \u00celes Tropicales et Biodiversit\u00e9s du 9 au 13 D\u00e9cembre 2024<\/span>  <span class=\"meta-nav\">&rarr;<\/span><\/a><\/p>\n","protected":false},"author":253,"featured_media":0,"comment_status":"closed","ping_status":"open","sticky":false,"template":"","format":"standard","meta":{"footnotes":""},"categories":[1],"tags":[],"class_list":["post-2411","post","type-post","status-publish","format-standard","hentry","category-non-classe"],"_links":{"self":[{"href":"https:\/\/site.ac-martinique.fr\/edd\/index.php?rest_route=\/wp\/v2\/posts\/2411","targetHints":{"allow":["GET"]}}],"collection":[{"href":"https:\/\/site.ac-martinique.fr\/edd\/index.php?rest_route=\/wp\/v2\/posts"}],"about":[{"href":"https:\/\/site.ac-martinique.fr\/edd\/index.php?rest_route=\/wp\/v2\/types\/post"}],"author":[{"embeddable":true,"href":"https:\/\/site.ac-martinique.fr\/edd\/index.php?rest_route=\/wp\/v2\/users\/253"}],"replies":[{"embeddable":true,"href":"https:\/\/site.ac-martinique.fr\/edd\/index.php?rest_route=%2Fwp%2Fv2%2Fcomments&post=2411"}],"version-history":[{"count":2,"href":"https:\/\/site.ac-martinique.fr\/edd\/index.php?rest_route=\/wp\/v2\/posts\/2411\/revisions"}],"predecessor-version":[{"id":2414,"href":"https:\/\/site.ac-martinique.fr\/edd\/index.php?rest_route=\/wp\/v2\/posts\/2411\/revisions\/2414"}],"wp:attachment":[{"href":"https:\/\/site.ac-martinique.fr\/edd\/index.php?rest_route=%2Fwp%2Fv2%2Fmedia&parent=2411"}],"wp:term":[{"taxonomy":"category","embeddable":true,"href":"https:\/\/site.ac-martinique.fr\/edd\/index.php?rest_route=%2Fwp%2Fv2%2Fcategories&post=2411"},{"taxonomy":"post_tag","embeddable":true,"href":"https:\/\/site.ac-martinique.fr\/edd\/index.php?rest_route=%2Fwp%2Fv2%2Ftags&post=2411"}],"curies":[{"name":"wp","href":"https:\/\/api.w.org\/{rel}","templated":true}]}}