{"id":2423,"date":"2025-03-05T17:21:46","date_gmt":"2025-03-05T21:21:46","guid":{"rendered":"https:\/\/site.ac-martinique.fr\/edd\/?p=2423"},"modified":"2025-03-05T17:25:44","modified_gmt":"2025-03-05T21:25:44","slug":"pesticides-de-quoi-sagit-il","status":"publish","type":"post","link":"https:\/\/site.ac-martinique.fr\/edd\/?p=2423","title":{"rendered":"\u00ab\u00a0Pesticides\u00a0! De quoi s&rsquo;agit-il ?\u00a0\u00bb"},"content":{"rendered":"\n<p>Exposition interactive cr\u00e9\u00e9e et diffus\u00e9e par le Carbet des Sciences<\/p>\n\n\n\n<div class=\"wp-block-group is-vertical is-layout-flex wp-container-core-group-is-layout-8cf370e7 wp-block-group-is-layout-flex\">\n<p>Cette exposition&nbsp;<strong>propose au public \u00e0 partir de 8 ans d\u2019en apprendre davantage sur les pesticides; avec un point d&rsquo;attention sur la chlord\u00e9cone<\/strong>&nbsp;: son histoire, ses caract\u00e9ristiques physico-chimiques et comment ces derni\u00e8res impactent nos sols et notre sant\u00e9.<\/p>\n\n\n\n<p>L&rsquo;exposition existe&nbsp; :<\/p>\n\n\n\n<ul class=\"wp-block-list\">\n<li>sous format long (15 jours minimum de pr\u00e9sence avec l&rsquo;ensemble des ateliers)&nbsp;<\/li>\n\n\n\n<li>sous format d&rsquo;atelier (1h d&rsquo;atelier par groupe de 15 \u00e9l\u00e8ves sur les points essentiels)<\/li>\n<\/ul>\n\n\n\n<p><\/p>\n\n\n\n<div class=\"wp-block-group is-vertical is-layout-flex wp-container-core-group-is-layout-8cf370e7 wp-block-group-is-layout-flex\">\n<div class=\"wp-block-group is-vertical is-layout-flex wp-container-core-group-is-layout-76a81b31 wp-block-group-is-layout-flex\">\n<div class=\"wp-block-group is-vertical is-layout-flex wp-container-core-group-is-layout-8cf370e7 wp-block-group-is-layout-flex\">\n<div class=\"wp-block-group is-vertical is-layout-flex wp-container-core-group-is-layout-8cf370e7 wp-block-group-is-layout-flex\">\n<div class=\"wp-block-group is-vertical is-layout-flex wp-container-core-group-is-layout-8cf370e7 wp-block-group-is-layout-flex\">\n<div class=\"wp-block-group is-vertical is-layout-flex wp-container-core-group-is-layout-8cf370e7 wp-block-group-is-layout-flex\">\n<p><strong><em>Co<\/em><\/strong><em><strong>ntact<\/strong>:<strong> <\/strong><\/em><\/p>\n\n\n\n<div class=\"wp-block-group is-vertical is-layout-flex wp-container-core-group-is-layout-8cf370e7 wp-block-group-is-layout-flex\">\n<p><em><strong>Coraline MERIL<\/strong>, <\/em><\/p>\n\n\n\n<p class=\"has-text-align-center\"><em><strong>Charg\u00e9e de projets et d&rsquo;animation Carbet des Sciences &#8211; CCSTI Martinique<\/strong><\/em>, <\/p>\n\n\n\n<p class=\"has-text-align-center\"><strong>+596 696 76 44 00<\/strong><\/p>\n<\/div>\n<\/div>\n<\/div>\n<\/div>\n<\/div>\n<\/div>\n<\/div>\n<\/div>\n\n\n\n<div data-wp-interactive=\"core\/file\" class=\"wp-block-file\"><object data-wp-bind--hidden=\"!state.hasPdfPreview\" hidden class=\"wp-block-file__embed\" data=\"https:\/\/site.ac-martinique.fr\/edd\/wp-content\/uploads\/sites\/12\/2025\/03\/Presentation-Exposition-Pesticides.pdf\" type=\"application\/pdf\" style=\"width:100%;height:600px\" aria-label=\"Contenu embarqu\u00e9 Pre\u0301sentation Exposition Pesticides.\"><\/object><a id=\"wp-block-file--media-098037bb-a39b-439d-9db1-16e693989388\" href=\"https:\/\/site.ac-martinique.fr\/edd\/wp-content\/uploads\/sites\/12\/2025\/03\/Presentation-Exposition-Pesticides.pdf\">Pre\u0301sentation Exposition Pesticides<\/a><a href=\"https:\/\/site.ac-martinique.fr\/edd\/wp-content\/uploads\/sites\/12\/2025\/03\/Presentation-Exposition-Pesticides.pdf\" class=\"wp-block-file__button wp-element-button\" download aria-describedby=\"wp-block-file--media-098037bb-a39b-439d-9db1-16e693989388\">T\u00e9l\u00e9charger<\/a><\/div>\n","protected":false},"excerpt":{"rendered":"<p>Exposition interactive cr\u00e9\u00e9e et diffus\u00e9e par le Carbet des Sciences Cette exposition&nbsp;propose au public \u00e0 partir de 8 ans d\u2019en apprendre davantage sur les pesticides; avec un point d&rsquo;attention sur la chlord\u00e9cone&nbsp;: son histoire, ses caract\u00e9ristiques physico-chimiques et comment ces derni\u00e8res impactent nos sols et notre sant\u00e9. L&rsquo;exposition existe&nbsp; : Contact: Coraline MERIL, Charg\u00e9e de &hellip; <a href=\"https:\/\/site.ac-martinique.fr\/edd\/?p=2423\" class=\"more-link\">Continuer la lecture de <span class=\"screen-reader-text\">\u00ab\u00a0Pesticides\u00a0! De quoi s&rsquo;agit-il ?\u00a0\u00bb<\/span>  <span class=\"meta-nav\">&rarr;<\/span><\/a><\/p>\n","protected":false},"author":253,"featured_media":0,"comment_status":"closed","ping_status":"open","sticky":false,"template":"","format":"standard","meta":{"footnotes":""},"categories":[1],"tags":[],"class_list":["post-2423","post","type-post","status-publish","format-standard","hentry","category-non-classe"],"_links":{"self":[{"href":"https:\/\/site.ac-martinique.fr\/edd\/index.php?rest_route=\/wp\/v2\/posts\/2423","targetHints":{"allow":["GET"]}}],"collection":[{"href":"https:\/\/site.ac-martinique.fr\/edd\/index.php?rest_route=\/wp\/v2\/posts"}],"about":[{"href":"https:\/\/site.ac-martinique.fr\/edd\/index.php?rest_route=\/wp\/v2\/types\/post"}],"author":[{"embeddable":true,"href":"https:\/\/site.ac-martinique.fr\/edd\/index.php?rest_route=\/wp\/v2\/users\/253"}],"replies":[{"embeddable":true,"href":"https:\/\/site.ac-martinique.fr\/edd\/index.php?rest_route=%2Fwp%2Fv2%2Fcomments&post=2423"}],"version-history":[{"count":3,"href":"https:\/\/site.ac-martinique.fr\/edd\/index.php?rest_route=\/wp\/v2\/posts\/2423\/revisions"}],"predecessor-version":[{"id":2428,"href":"https:\/\/site.ac-martinique.fr\/edd\/index.php?rest_route=\/wp\/v2\/posts\/2423\/revisions\/2428"}],"wp:attachment":[{"href":"https:\/\/site.ac-martinique.fr\/edd\/index.php?rest_route=%2Fwp%2Fv2%2Fmedia&parent=2423"}],"wp:term":[{"taxonomy":"category","embeddable":true,"href":"https:\/\/site.ac-martinique.fr\/edd\/index.php?rest_route=%2Fwp%2Fv2%2Fcategories&post=2423"},{"taxonomy":"post_tag","embeddable":true,"href":"https:\/\/site.ac-martinique.fr\/edd\/index.php?rest_route=%2Fwp%2Fv2%2Ftags&post=2423"}],"curies":[{"name":"wp","href":"https:\/\/api.w.org\/{rel}","templated":true}]}}