{"id":2437,"date":"2025-05-20T13:10:03","date_gmt":"2025-05-20T17:10:03","guid":{"rendered":"https:\/\/site.ac-martinique.fr\/edd\/?p=2437"},"modified":"2025-05-20T13:25:22","modified_gmt":"2025-05-20T17:25:22","slug":"locean-dans-vos-classes-edition-2025","status":"publish","type":"post","link":"https:\/\/site.ac-martinique.fr\/edd\/?p=2437","title":{"rendered":"L\u2019Oc\u00e9an dans vos classes \u2013 \u00c9dition 2025"},"content":{"rendered":"\n<p class=\"has-text-align-center\"><br>&nbsp;<strong>Inscriptions ouvertes \u2013 Cl\u00f4ture le 30 mai 2025<\/strong><\/p>\n\n\n\n<p class=\"has-text-align-center\"><strong>Ensemble, faisons d\u00e9couvrir aux jeunes la richesse et l\u2019importance de l\u2019Oc\u00e9an.<\/strong><\/p>\n\n\n<div class=\"wp-block-image\">\n<figure class=\"aligncenter size-full\"><a href=\"https:\/\/site.ac-martinique.fr\/edd\/wp-content\/uploads\/sites\/12\/2025\/05\/oceans-25.jpg\"><img loading=\"lazy\" decoding=\"async\" width=\"612\" height=\"273\" src=\"https:\/\/site.ac-martinique.fr\/edd\/wp-content\/uploads\/sites\/12\/2025\/05\/oceans-25.jpg\" alt=\"\" class=\"wp-image-2438\" srcset=\"https:\/\/site.ac-martinique.fr\/edd\/wp-content\/uploads\/sites\/12\/2025\/05\/oceans-25.jpg 612w, https:\/\/site.ac-martinique.fr\/edd\/wp-content\/uploads\/sites\/12\/2025\/05\/oceans-25-300x134.jpg 300w\" sizes=\"auto, (max-width: 612px) 100vw, 612px\" \/><\/a><\/figure>\n<\/div>\n\n\n<p class=\"has-text-align-center\"><strong>Du 2 au 6 juin 2025, joignez-vous \u00e0 une semaine de webinaires scientifiques passionnants, sp\u00e9cialement con\u00e7us pour les \u00e9l\u00e8ves francophones du primaire.<\/strong><\/p>\n\n\n\n<p><strong>\u00c0 l\u2019occasion de la Journ\u00e9e mondiale des oc\u00e9ans (8 juin)<\/strong>, Marion Lebrun (Ph.D.) et Gwena\u00eblle Gremion (Ph.D.), oc\u00e9anographes, s\u2019unissent \u00e0 leurs coll\u00e8gues pour offrir une programmation captivante autour de&nbsp;<strong>l\u2019oc\u00e9anographie<\/strong>&nbsp;et des m\u00e9tiers de la mer.<\/p>\n\n\n\n<p>Un projet unique \u00e0 l\u2019\u00e9chelle de la francophonie, en lien avec la&nbsp;<strong>D\u00e9cennie des Nations Unies pour les sciences oc\u00e9aniques au service du d\u00e9veloppement durable<\/strong>.<\/p>\n\n\n\n<div class=\"wp-block-buttons is-content-justification-center is-layout-flex wp-container-core-buttons-is-layout-16018d1d wp-block-buttons-is-layout-flex\">\n<div class=\"wp-block-button\"><a class=\"wp-block-button__link wp-element-button\"> L\u2019objectif ? <\/a><\/div>\n<\/div>\n\n\n\n<div class=\"wp-block-columns are-vertically-aligned-center is-layout-flex wp-container-core-columns-is-layout-abceabcf wp-block-columns-is-layout-flex\">\n<div class=\"wp-block-column is-vertically-aligned-center is-layout-flow wp-block-column-is-layout-flow\" style=\"--col-width:100%;flex-basis:100%\">\n<p class=\"has-text-align-center\"><strong>Inspirer les jeunes <\/strong>en les mettant en contac<strong>t direct avec des professionnel\u00b7les et chercheur\u00b7es du domaine.<\/strong><\/p>\n<\/div>\n<\/div>\n\n\n\n<p><strong>Ce qu\u2019on vous propose :<\/strong><\/p>\n\n\n\n<ul class=\"wp-block-list is-style-tw-dash\">\n<li>Une semaine de\u00a0<strong>14 webinaires gratuits<\/strong>, en ligne et enti\u00e8rement en fran\u00e7ais<\/li>\n<\/ul>\n\n\n\n<ul class=\"wp-block-list is-style-tw-dash\">\n<li>Des occasions de\u00a0<strong>poser vos questions en direct<\/strong>\u00a0aux intervenant\u00b7es<\/li>\n<\/ul>\n\n\n\n<ul class=\"wp-block-list is-style-tw-dash\">\n<li>L\u2019acc\u00e8s aux\u00a0<strong>replays<\/strong>, disponibles apr\u00e8s chaque webinaire [<a href=\"https:\/\/oceanoclasse.wixsite.com\/semaineocean\/2025\" target=\"_blank\" rel=\"noreferrer noopener\">ici<\/a>]<\/li>\n<\/ul>\n\n\n\n<ul class=\"wp-block-list is-style-tw-dash\">\n<li>La possibilit\u00e9 de revoir ceux de l\u2019\u00e9dition pr\u00e9c\u00e9dente [<a href=\"https:\/\/oceanoclasse.wixsite.com\/semaineocean\/2024\" target=\"_blank\" rel=\"noreferrer noopener\">ici<\/a>]<\/li>\n<\/ul>\n\n\n\n<p class=\"has-text-align-center\"><strong>Comment participer ?<\/strong><\/p>\n\n\n\n<ul class=\"wp-block-list\">\n<li><strong>Inscrivez votre classe d\u00e8s maintenant<\/strong>, avant le&nbsp;<strong>30 mai 2025<\/strong>&nbsp;\u2192 [<a href=\"https:\/\/oceanoclasse.wixsite.com\/semaineocean\/2025\" target=\"_blank\" rel=\"noreferrer noopener\">Lien d\u2019inscription<\/a>]<\/li>\n\n\n\n<li><strong>Partagez l\u2019\u00e9v\u00e9nement autour de vous<\/strong>&nbsp;! Transf\u00e9rez ce courriel \u00e0 vos coll\u00e8gues ou suivez-nous sur&nbsp;<a href=\"https:\/\/www.facebook.com\/oceanoclasse\" target=\"_blank\" rel=\"noreferrer noopener\">Facebook<\/a>&nbsp;pour diffuser nos publication<\/li>\n\n\n\n<li>Visionnez notre&nbsp;<strong>pr\u00e9sentation vid\u00e9o<\/strong>&nbsp;du projet pour en savoir plus [<a href=\"https:\/\/oceanoclasse.wixsite.com\/semaineocean\/2025\" target=\"_blank\" rel=\"noreferrer noopener\">ici<\/a>].<\/li>\n<\/ul>\n\n\n\n<p class=\"has-text-align-center\">&nbsp;Toutes les informations sont disponibles sur notre site :<a href=\"https:\/\/oceanoclasse.wixsite.com\/semaineocean\" target=\"_blank\" rel=\"noreferrer noopener\">&nbsp;https:\/\/oceanoclasse.wixsite.com\/semaineocean<\/a><\/p>\n\n\n\n<p><\/p>\n","protected":false},"excerpt":{"rendered":"<p>&nbsp;Inscriptions ouvertes \u2013 Cl\u00f4ture le 30 mai 2025 Ensemble, faisons d\u00e9couvrir aux jeunes la richesse et l\u2019importance de l\u2019Oc\u00e9an. Du 2 au 6 juin 2025, joignez-vous \u00e0 une semaine de webinaires scientifiques passionnants, sp\u00e9cialement con\u00e7us pour les \u00e9l\u00e8ves francophones du primaire. \u00c0 l\u2019occasion de la Journ\u00e9e mondiale des oc\u00e9ans (8 juin), Marion Lebrun (Ph.D.) et &hellip; <a href=\"https:\/\/site.ac-martinique.fr\/edd\/?p=2437\" class=\"more-link\">Continuer la lecture de <span class=\"screen-reader-text\">L\u2019Oc\u00e9an dans vos classes \u2013 \u00c9dition 2025<\/span>  <span class=\"meta-nav\">&rarr;<\/span><\/a><\/p>\n","protected":false},"author":535,"featured_media":0,"comment_status":"closed","ping_status":"open","sticky":false,"template":"","format":"standard","meta":{"footnotes":""},"categories":[1],"tags":[],"class_list":["post-2437","post","type-post","status-publish","format-standard","hentry","category-non-classe"],"_links":{"self":[{"href":"https:\/\/site.ac-martinique.fr\/edd\/index.php?rest_route=\/wp\/v2\/posts\/2437","targetHints":{"allow":["GET"]}}],"collection":[{"href":"https:\/\/site.ac-martinique.fr\/edd\/index.php?rest_route=\/wp\/v2\/posts"}],"about":[{"href":"https:\/\/site.ac-martinique.fr\/edd\/index.php?rest_route=\/wp\/v2\/types\/post"}],"author":[{"embeddable":true,"href":"https:\/\/site.ac-martinique.fr\/edd\/index.php?rest_route=\/wp\/v2\/users\/535"}],"replies":[{"embeddable":true,"href":"https:\/\/site.ac-martinique.fr\/edd\/index.php?rest_route=%2Fwp%2Fv2%2Fcomments&post=2437"}],"version-history":[{"count":7,"href":"https:\/\/site.ac-martinique.fr\/edd\/index.php?rest_route=\/wp\/v2\/posts\/2437\/revisions"}],"predecessor-version":[{"id":2447,"href":"https:\/\/site.ac-martinique.fr\/edd\/index.php?rest_route=\/wp\/v2\/posts\/2437\/revisions\/2447"}],"wp:attachment":[{"href":"https:\/\/site.ac-martinique.fr\/edd\/index.php?rest_route=%2Fwp%2Fv2%2Fmedia&parent=2437"}],"wp:term":[{"taxonomy":"category","embeddable":true,"href":"https:\/\/site.ac-martinique.fr\/edd\/index.php?rest_route=%2Fwp%2Fv2%2Fcategories&post=2437"},{"taxonomy":"post_tag","embeddable":true,"href":"https:\/\/site.ac-martinique.fr\/edd\/index.php?rest_route=%2Fwp%2Fv2%2Ftags&post=2437"}],"curies":[{"name":"wp","href":"https:\/\/api.w.org\/{rel}","templated":true}]}}