{"id":316,"date":"2016-04-05T16:02:51","date_gmt":"2016-04-05T15:02:51","guid":{"rendered":"\/edd2ndDeg\/?p=316"},"modified":"2016-04-05T16:04:35","modified_gmt":"2016-04-05T15:04:35","slug":"bilan-energetique-de-la-martinique-2","status":"publish","type":"post","link":"https:\/\/site.ac-martinique.fr\/edd\/?p=316","title":{"rendered":"Bilan \u00e9nerg\u00e9tique de la Martinique"},"content":{"rendered":"<ul>\n<li><span style=\"color: #008000;\"><strong>Bilan \u00e9nerg\u00e9tique de la Martinique<\/strong><\/span><\/li>\n<\/ul>\n<p style=\"padding-left: 60px;\"><span style=\"font-family: Arial, Helvetica, sans-serif;\">L&rsquo;Observatoire Martiniquais de l&rsquo;Energie et des\u00a0Gaz \u00e0 effet de serre (OMEGA) a publi\u00e9 la 3\u00e8me \u00e9dition du <b>bilan \u00e9nerg\u00e9tique de la Martinique (bilan 2014)<\/b>.<\/span><!--more--><\/p>\n<div style=\"padding-left: 60px;\">Vous pouvez le t\u00e9l\u00e9charger sur le site de l&rsquo;Agence Martiniquaise de l&rsquo;Energie \u00e0 l&rsquo;adresse suivante:<\/div>\n<div style=\"padding-left: 60px;\"><span style=\"color: #ff6600; font-family: Arial, Helvetica, sans-serif;\"><b><u>http:\/\/energie.mq\/les-publications-de-lobservatoire\/<\/u><\/b><\/span><\/div>\n","protected":false},"excerpt":{"rendered":"<p>Bilan \u00e9nerg\u00e9tique de la Martinique L&rsquo;Observatoire Martiniquais de l&rsquo;Energie et des\u00a0Gaz \u00e0 effet de serre (OMEGA) a publi\u00e9 la 3\u00e8me \u00e9dition du bilan \u00e9nerg\u00e9tique de la Martinique (bilan 2014).<\/p>\n","protected":false},"author":68,"featured_media":0,"comment_status":"closed","ping_status":"open","sticky":false,"template":"","format":"standard","meta":{"footnotes":""},"categories":[72,75,79],"tags":[],"class_list":["post-316","post","type-post","status-publish","format-standard","hentry","category-2015-2016","category-energie","category-ressources"],"_links":{"self":[{"href":"https:\/\/site.ac-martinique.fr\/edd\/index.php?rest_route=\/wp\/v2\/posts\/316","targetHints":{"allow":["GET"]}}],"collection":[{"href":"https:\/\/site.ac-martinique.fr\/edd\/index.php?rest_route=\/wp\/v2\/posts"}],"about":[{"href":"https:\/\/site.ac-martinique.fr\/edd\/index.php?rest_route=\/wp\/v2\/types\/post"}],"author":[{"embeddable":true,"href":"https:\/\/site.ac-martinique.fr\/edd\/index.php?rest_route=\/wp\/v2\/users\/68"}],"replies":[{"embeddable":true,"href":"https:\/\/site.ac-martinique.fr\/edd\/index.php?rest_route=%2Fwp%2Fv2%2Fcomments&post=316"}],"version-history":[{"count":2,"href":"https:\/\/site.ac-martinique.fr\/edd\/index.php?rest_route=\/wp\/v2\/posts\/316\/revisions"}],"predecessor-version":[{"id":318,"href":"https:\/\/site.ac-martinique.fr\/edd\/index.php?rest_route=\/wp\/v2\/posts\/316\/revisions\/318"}],"wp:attachment":[{"href":"https:\/\/site.ac-martinique.fr\/edd\/index.php?rest_route=%2Fwp%2Fv2%2Fmedia&parent=316"}],"wp:term":[{"taxonomy":"category","embeddable":true,"href":"https:\/\/site.ac-martinique.fr\/edd\/index.php?rest_route=%2Fwp%2Fv2%2Fcategories&post=316"},{"taxonomy":"post_tag","embeddable":true,"href":"https:\/\/site.ac-martinique.fr\/edd\/index.php?rest_route=%2Fwp%2Fv2%2Ftags&post=316"}],"curies":[{"name":"wp","href":"https:\/\/api.w.org\/{rel}","templated":true}]}}