{"id":487,"date":"2016-06-29T16:22:45","date_gmt":"2016-06-29T20:22:45","guid":{"rendered":"\/edd2ndDeg\/?p=487"},"modified":"2016-06-29T18:37:22","modified_gmt":"2016-06-29T22:37:22","slug":"expedition-scientifique-en-martinique","status":"publish","type":"post","link":"https:\/\/site.ac-martinique.fr\/edd\/?p=487","title":{"rendered":"Exp\u00e9dition scientifique en Martinique"},"content":{"rendered":"<h1 style=\"padding-left: 30px; text-align: center;\">\u00ab\u00a0La Plan\u00e8te revisit\u00e9e\u00a0\u00bb\u00a0en Martinique en septembre 2016<\/h1>\n<p style=\"padding-left: 30px;\">La <strong>Plan\u00e8te Revisit\u00e9e<\/strong> est un vaste <strong><span style=\"color: #000000;\">programme d\u2019exp\u00e9ditions naturalistes<\/span><\/strong> sans pr\u00e9c\u00e9dent qui a pour objectif d\u2019acqu\u00e9rir de nouvelles connaissances dans les r\u00e9gions du globe les plus riches en biodiversit\u00e9 mais jusqu\u2019ici peu explor\u00e9es.<\/p>\n<p style=\"padding-left: 30px;\">C\u2019est dans ce contexte qu\u2019une nouvelle exp\u00e9dition men\u00e9e par le <strong>Mus\u00e9um national d\u2019histoire naturelle<\/strong> (M.N.H.N.) aura lieu \u00e0 la Martinique du <span style=\"color: #ff6600;\"><strong>5 septembre au 12 octobre 2016<\/strong>.<\/span><!--more--><\/p>\n<p style=\"padding-left: 30px; text-align: center;\">Les \u00e9l\u00e8ves et enseignants de l\u2019acad\u00e9mie de la Martinique pourront s\u2019associer \u00e0 l\u2019aventure car des <strong>actions et animations<\/strong> sont pr\u00e9vues dans le cadre du volet p\u00e9dagogique de l\u2019exp\u00e9dition.<br \/>\n<strong>INSCRIVEZ-VOUS DES MAINTENANT !<\/strong><\/p>\n<p style=\"padding-left: 30px;\">Si vous d\u00e9sirez suivre l\u2019exp\u00e9dition, exploiter ce projet en classe, participer aux animations sur les sites de l\u2019exp\u00e9dition, contactez Madame BRUSSET Lydie :<strong> lydie.brusset@ac-martinique.fr<\/strong><\/p>\n<p style=\"padding-left: 30px;\">Retrouvez toutes les ressources p\u00e9dagogiques li\u00e9es aux exp\u00e9ditions pr\u00e9c\u00e9dentes, et \u00e0 l&rsquo;exp\u00e9dition \u00e0 venir en Martinique sur la plateforme p\u00e9dagogique du Mus\u00e9um.<\/p>\n<p style=\"padding-left: 30px;\"><span style=\"text-decoration: underline;\">Contacts :<\/span> Lydie BRUSSET lydie.brusset@ac-martinique.fr Bertrand SAILLOT bertrand.saillot@ac-martinique.fr<br \/>\nMyriam CHARLOSSE myriam-isabelle.charlosse@ac-martinique.fr<\/p>\n<p style=\"padding-left: 30px;\"><a href=\"\/edd2ndDeg\/?attachment_id=497\">T\u00e9l\u00e9charger la brochure<\/a><\/p>\n","protected":false},"excerpt":{"rendered":"<p>\u00ab\u00a0La Plan\u00e8te revisit\u00e9e\u00a0\u00bb\u00a0en Martinique en septembre 2016 La Plan\u00e8te Revisit\u00e9e est un vaste programme d\u2019exp\u00e9ditions naturalistes sans pr\u00e9c\u00e9dent qui a pour objectif d\u2019acqu\u00e9rir de nouvelles connaissances dans les r\u00e9gions du globe les plus riches en biodiversit\u00e9 mais jusqu\u2019ici peu explor\u00e9es. C\u2019est dans ce contexte qu\u2019une nouvelle exp\u00e9dition men\u00e9e par le Mus\u00e9um national d\u2019histoire naturelle (M.N.H.N.) &hellip; <a href=\"https:\/\/site.ac-martinique.fr\/edd\/?p=487\" class=\"more-link\">Continuer la lecture de <span class=\"screen-reader-text\">Exp\u00e9dition scientifique en Martinique<\/span>  <span class=\"meta-nav\">&rarr;<\/span><\/a><\/p>\n","protected":false},"author":68,"featured_media":0,"comment_status":"closed","ping_status":"open","sticky":false,"template":"","format":"standard","meta":{"footnotes":""},"categories":[85,78,86],"tags":[],"class_list":["post-487","post","type-post","status-publish","format-standard","hentry","category-2016-2017","category-appels-a-projets","category-expedition-la-planete-revisitee-2016-2017"],"_links":{"self":[{"href":"https:\/\/site.ac-martinique.fr\/edd\/index.php?rest_route=\/wp\/v2\/posts\/487","targetHints":{"allow":["GET"]}}],"collection":[{"href":"https:\/\/site.ac-martinique.fr\/edd\/index.php?rest_route=\/wp\/v2\/posts"}],"about":[{"href":"https:\/\/site.ac-martinique.fr\/edd\/index.php?rest_route=\/wp\/v2\/types\/post"}],"author":[{"embeddable":true,"href":"https:\/\/site.ac-martinique.fr\/edd\/index.php?rest_route=\/wp\/v2\/users\/68"}],"replies":[{"embeddable":true,"href":"https:\/\/site.ac-martinique.fr\/edd\/index.php?rest_route=%2Fwp%2Fv2%2Fcomments&post=487"}],"version-history":[{"count":5,"href":"https:\/\/site.ac-martinique.fr\/edd\/index.php?rest_route=\/wp\/v2\/posts\/487\/revisions"}],"predecessor-version":[{"id":500,"href":"https:\/\/site.ac-martinique.fr\/edd\/index.php?rest_route=\/wp\/v2\/posts\/487\/revisions\/500"}],"wp:attachment":[{"href":"https:\/\/site.ac-martinique.fr\/edd\/index.php?rest_route=%2Fwp%2Fv2%2Fmedia&parent=487"}],"wp:term":[{"taxonomy":"category","embeddable":true,"href":"https:\/\/site.ac-martinique.fr\/edd\/index.php?rest_route=%2Fwp%2Fv2%2Fcategories&post=487"},{"taxonomy":"post_tag","embeddable":true,"href":"https:\/\/site.ac-martinique.fr\/edd\/index.php?rest_route=%2Fwp%2Fv2%2Ftags&post=487"}],"curies":[{"name":"wp","href":"https:\/\/api.w.org\/{rel}","templated":true}]}}